{"id":106015,"date":"2018-06-06T15:29:34","date_gmt":"2018-06-06T13:29:34","guid":{"rendered":"http:\/\/gazdasagportal.hu\/?p=106015"},"modified":"2018-06-06T15:29:34","modified_gmt":"2018-06-06T13:29:34","slug":"merkel-nem-kell-minden-aron-kozos-nyilatkozattal-zarni-a-g7-csucsot","status":"publish","type":"post","link":"https:\/\/gazdasagportal.hu\/index.php\/merkel-nem-kell-minden-aron-kozos-nyilatkozattal-zarni-a-g7-csucsot\/","title":{"rendered":"Merkel: nem kell minden \u00e1ron k\u00f6z\u00f6s nyilatkozattal z\u00e1rni a G7-cs\u00facsot"},"content":{"rendered":"<p><strong>Nem kell minden \u00e1ron az egyet\u00e9rt\u00e9st kifejez\u0151 k\u00f6z\u00f6s nyilatkozattal z\u00e1rni a vil\u00e1g h\u00e9t legfejlettebb ipari orsz\u00e1g\u00e1nak (G7) k\u00f6vetkez\u0151 cs\u00facstal\u00e1lkoz\u00f3j\u00e1t &#8211; mondta Angela Merkel n\u00e9met kancell\u00e1r szerd\u00e1n a sz\u00f6vets\u00e9gi parlamentben (Bundestag).<\/strong><!--more--><\/p>\n<div class=\"ads-in-post1\"><div id=\"gazdasagportal.hu_fullbanner_wideboard\"><\/div>\r\n<\/div>\n<p>    Kiemelte, hogy nem szabad &#8222;felpuh\u00edtani&#8221; az eddigi G7-cs\u00facstal\u00e1lkoz\u00f3kon el\u00e9rt eredm\u00e9nyeket, k\u00f6zt\u00fck a protekcionizmus elutas\u00edt\u00e1s\u00e1t \u00e9s az egys\u00e9ges ki\u00e1ll\u00e1st a m\u00e9lt\u00e1nyos vil\u00e1gkereskedelmi rendszer mellett, \u00e9s nem szabad csak a kompromisszum kedv\u00e9\u00e9rt kompromisszumot k\u00f6tni.<br \/>\n    Ez\u00e9rt meglehet, hogy &#8222;\u0151szint\u00e9bb&#8221; megold\u00e1s, ha k\u00f6z\u00f6s z\u00e1r\u00f3nyilatkozat helyett csak egy \u00f6sszefoglal\u00f3t adnak ki a h\u00e1zigazda kanadai korm\u00e1ny szerkeszt\u00e9s\u00e9ben.<br \/>\n    Angela Merkel egy \u00faj parlamenti form\u00e1tum keret\u00e9ben, a k\u00e9pvisel\u0151i k\u00e9rd\u00e9sek \u00e9s azonnali kancell\u00e1ri v\u00e1laszok f\u00f3rum\u00e1n nyilatkozott. A legink\u00e1bb a brit als\u00f3h\u00e1z gyakorlat\u00e1b\u00f3l ismert form\u00e1tumban most el\u0151sz\u00f6r k\u00e9rdezhett\u00e9k a Bundestag k\u00e9pvisel\u0151i a korm\u00e1nyf\u0151t, egy \u00f3r\u00e1n kereszt\u00fcl, minden k\u00e9rd\u00e9sre \u00e9s v\u00e1laszra egy-egy perc volt.<br \/>\n<div class=\"ads-in-post2\"><script async src=\"https:\/\/pagead2.googlesyndication.com\/pagead\/js\/adsbygoogle.js\"><\/script>\r\n<ins class=\"adsbygoogle\"\r\n     style=\"display:block\"\r\n     data-ad-format=\"fluid\"\r\n     data-ad-layout-key=\"-6t+ed+2i-1n-4w\"\r\n     data-ad-client=\"ca-pub-1959107119989764\"\r\n     data-ad-slot=\"4008251320\"><\/ins>\r\n<script>\r\n     (adsbygoogle = window.adsbygoogle || []).push({});\r\n<\/script><\/div>\n    Az els\u0151 t\u00e9m\u00e1t a korm\u00e1ny jel\u00f6lhette ki, ez volt a p\u00e9nteken Kanad\u00e1ban kezd\u0151d\u0151 k\u00e9tnapos G7-cs\u00facs, amelyr\u0151l a kancell\u00e1r bevezet\u0151je ut\u00e1n 30 percig tehetettek fel k\u00e9rd\u00e9seket, majd a f\u00f3rum m\u00e1sodik fel\u00e9ben b\u00e1rmilyen \u00fcgyben k\u00e9rd\u0151re vonhatt\u00e1k a korm\u00e1nyf\u0151t.<br \/>\n    Angela Merkel az Egyes\u00fclt \u00c1llamok, Franciaorsz\u00e1g, Jap\u00e1n, Kanada, Nagy-Britannia, N\u00e9metorsz\u00e1g \u00e9s Olaszorsz\u00e1g alkotta csoport vezet\u0151inek tan\u00e1cskoz\u00e1s\u00e1r\u00f3l sz\u00f3lva kiemelte, hogy neh\u00e9z megbesz\u00e9l\u00e9sekre sz\u00e1m\u00edt, f\u0151leg Donald Trump amerikai eln\u00f6kkel. Mint mondta, az ir\u00e1ni atomprogram, a p\u00e1rizsi kl\u00edmaegyezm\u00e9ny \u00e9s az amerikai v\u00e9d\u0151v\u00e1mok \u00fcgye mind azt mutatja, hogy &#8222;komoly probl\u00e9m\u00e1k&#8221; vannak multilater\u00e1lis &#8211; t\u00f6bboldal\u00fa &#8211; meg\u00e1llapod\u00e1sokkal.<br \/>\n    Arr\u00f3l is besz\u00e9lt, hogy nincs napirenden Oroszorsz\u00e1g visszav\u00e9tele a csoportba, mert tagjai ki\u00e1llnak a nemzetk\u00f6zi jog mellett, az ukrajnai Kr\u00edm f\u00e9lsziget bekebelez\u00e9se Oroszorsz\u00e1gba pedig s\u00falyosan s\u00e9rti a nemzetk\u00f6zi jogot.<br \/>\n    A t\u00f6bbi k\u00f6z\u00f6tt azt is elmondta, hogy a tal\u00e1lkoz\u00f3n k\u00e9toldal\u00fa megbesz\u00e9l\u00e9st folytat majd Giuseppe Conte \u00faj olasz minisztereln\u00f6kkel.<br \/>\n    Angela Merkel a f\u00f3rum m\u00e1sodik fel\u00e9ben a legt\u00f6bb k\u00e9rd\u00e9st a migr\u00e1ci\u00f3val, illetve a sz\u00f6vets\u00e9gi bev\u00e1ndorl\u00e1si \u00e9s menek\u00fclt\u00fcgyi hivatal (BAMF) br\u00e9mai kirendelts\u00e9g\u00e9n t\u00f6rv\u00e9nys\u00e9rt\u0151 m\u00f3don elb\u00edr\u00e1lt mened\u00e9kjogi k\u00e9relmekkel kapcsolatban kapta. Azokkal a h\u00e9t v\u00e9gi sajt\u00f3jelent\u00e9sekkel kapcsolatban, amelyek szerint tudott a BAMF szerkezeti gondjair\u00f3l, hangs\u00falyozta, hogy \u00e9ppen az\u00e9rt ker\u00fclt a hivatal \u00e9l\u00e9re 2015-ben Frank-J\u00fcrgen Weise &#8211; akit a legjobb n\u00e9met \u00e1llamigazgat\u00e1si vezet\u0151k k\u00f6z\u00f6tt tartanak sz\u00e1mon -, mert s\u00falyos szerkezeti, m\u0171k\u00f6d\u00e9si hi\u00e1nyoss\u00e1gok mutatkoztak, amelyeken id\u0151k\u00f6zben siker\u00fclt jav\u00edtani, de sok tennival\u00f3 van m\u00e9g.<br \/>\n    Kiemelte, hogy sz\u00e1mtalanszor t\u00e1rgyalt a BAMF vezet\u0151j\u00e9vel a szervezet \u00e1llapot\u00e1r\u00f3l. Hozz\u00e1tette, hogy a BAMF munkat\u00e1rsainak d\u00f6nt\u0151 t\u00f6bbs\u00e9ge rendk\u00edv\u00fcl neh\u00e9z k\u00f6r\u00fclm\u00e9nyek &#8211; a nemzetk\u00f6zi menek\u00fcltv\u00e1ls\u00e1g elm\u00e9ly\u00fcl\u00e9se k\u00f6zepette &#8211; is kiv\u00e1l\u00f3 munk\u00e1t v\u00e9gzett.<br \/>\n    Korm\u00e1ny\u00e1nak kor\u00e1bbi \u00e1ll\u00e1spontj\u00e1t meger\u0151s\u00edtve kijelentette: a v\u00e1ls\u00e1g 2015-\u00f6s elm\u00e9ly\u00fcl\u00e9se rendk\u00edv\u00fcli humanit\u00e1rius helyzetet okozott, amellyel az orsz\u00e1g sikeresen megbirk\u00f3zott.<br \/>\n    Ismertette: elk\u00e9sz\u00fcl a k\u00fcl\u00fcgyminiszt\u00e9rium elemz\u00e9se Afganiszt\u00e1n biztons\u00e1gi helyzet\u00e9r\u0151l, amelynek alapj\u00e1n a korm\u00e1ny \u00fagy l\u00e1tja, hogy nem kell t\u00f6bb\u00e9 korl\u00e1tozni az elutas\u00edtott mened\u00e9kk\u00e9r\u0151k visszasz\u00e1ll\u00edt\u00e1s\u00e1t a d\u00e9l-\u00e1zsiai orsz\u00e1gba.<br \/>\n    A t\u00e9m\u00e1k k\u00f6z\u00f6tt szerepelt az Eur\u00f3pai Uni\u00f3n k\u00edv\u00fclr\u0151l sz\u00e1rmaz\u00f3 k\u00e9pzett munkav\u00e1llal\u00f3k bev\u00e1ndorl\u00e1s\u00e1r\u00f3l sz\u00f3l\u00f3 &#8211; a menek\u00fclt\u00fcgyt\u0151l f\u00fcggetlen &#8211; t\u00f6rv\u00e9ny \u00fcgye is, amellyel kapcsolatban Angela Merkel ismertette, hogy a szerdai korm\u00e1ny\u00fcl\u00e9s ut\u00e1n, az \u00fcgyben \u00e9rintett miniszterek els\u0151 egyeztet\u00e9s\u00e9vel megkezd\u0151d\u00f6tt a jogszab\u00e1ly kidolgoz\u00e1sa.<br \/>\n    Az eur\u00f3\u00f6vezet tervezett reformj\u00e1val kapcsolatban meger\u0151s\u00edtette \u00e1ll\u00e1spontj\u00e1t, miszerint nem szabad k\u00f6z\u00f6ss\u00e9gi szintre emelni az \u00e1llamad\u00f3ss\u00e1g t\u00f6rleszt\u00e9se ir\u00e1nti tag\u00e1llami felel\u0151ss\u00e9get, ez\u00e9rt az \u00e1lland\u00f3 v\u00e1ls\u00e1gkezel\u0151 mechanizmus (ESM) tov\u00e1bbfejleszt\u00e9s\u00e9vel ki\u00e9p\u00edtend\u0151 eur\u00f3\u00f6vezeti valutaalapnak csak szigor\u00fa felt\u00e9telekkel szabad majd hitelekkel t\u00e1mogatnia a k\u00fcls\u0151 seg\u00edts\u00e9gre szorul\u00f3 orsz\u00e1gokat.<br \/>\n(MTI)<\/p>\n","protected":false},"excerpt":{"rendered":"<p>Nem kell minden \u00e1ron az egyet\u00e9rt\u00e9st kifejez\u0151 k\u00f6z\u00f6s nyilatkozattal z\u00e1rni a vil\u00e1g h\u00e9t legfejlettebb ipari orsz\u00e1g\u00e1nak (G7) k\u00f6vetkez\u0151 cs\u00facstal\u00e1lkoz\u00f3j\u00e1t &#8211; mondta Angela Merkel n\u00e9met kancell\u00e1r szerd\u00e1n a sz\u00f6vets\u00e9gi parlamentben (Bundestag).<\/p>\n","protected":false},"author":1,"featured_media":0,"comment_status":"closed","ping_status":"open","sticky":false,"template":"","format":"standard","meta":[],"categories":[12],"tags":[],"_links":{"self":[{"href":"https:\/\/gazdasagportal.hu\/index.php\/wp-json\/wp\/v2\/posts\/106015"}],"collection":[{"href":"https:\/\/gazdasagportal.hu\/index.php\/wp-json\/wp\/v2\/posts"}],"about":[{"href":"https:\/\/gazdasagportal.hu\/index.php\/wp-json\/wp\/v2\/types\/post"}],"author":[{"embeddable":true,"href":"https:\/\/gazdasagportal.hu\/index.php\/wp-json\/wp\/v2\/users\/1"}],"replies":[{"embeddable":true,"href":"https:\/\/gazdasagportal.hu\/index.php\/wp-json\/wp\/v2\/comments?post=106015"}],"version-history":[{"count":1,"href":"https:\/\/gazdasagportal.hu\/index.php\/wp-json\/wp\/v2\/posts\/106015\/revisions"}],"predecessor-version":[{"id":106016,"href":"https:\/\/gazdasagportal.hu\/index.php\/wp-json\/wp\/v2\/posts\/106015\/revisions\/106016"}],"wp:attachment":[{"href":"https:\/\/gazdasagportal.hu\/index.php\/wp-json\/wp\/v2\/media?parent=106015"}],"wp:term":[{"taxonomy":"category","embeddable":true,"href":"https:\/\/gazdasagportal.hu\/index.php\/wp-json\/wp\/v2\/categories?post=106015"},{"taxonomy":"post_tag","embeddable":true,"href":"https:\/\/gazdasagportal.hu\/index.php\/wp-json\/wp\/v2\/tags?post=106015"}],"curies":[{"name":"wp","href":"https:\/\/api.w.org\/{rel}","templated":true}]}}