{"id":106000,"date":"2018-06-06T10:46:35","date_gmt":"2018-06-06T08:46:35","guid":{"rendered":"http:\/\/gazdasagportal.hu\/?p=106000"},"modified":"2018-06-06T10:46:35","modified_gmt":"2018-06-06T08:46:35","slug":"a-jarmuipar-huzza-az-ipart","status":"publish","type":"post","link":"https:\/\/gazdasagportal.hu\/index.php\/a-jarmuipar-huzza-az-ipart\/","title":{"rendered":"A j\u00e1rm\u0171ipar h\u00fazza az ipart"},"content":{"rendered":"<p><strong>Kimagasl\u00f3an teljes\u00edtett az ipar \u00e1prilisban, a feldolgoz\u00f3ipari termel\u00e9st hagyom\u00e1nyosan a j\u00e1rm\u0171ipar hat\u00e1rozza meg, de a b\u0151v\u00fcl\u00e9shez hozz\u00e1j\u00e1rult a gumiipar \u00e9s az ehhez kapcsol\u00f3d\u00f3 alkatr\u00e9szek gy\u00e1rt\u00e1sa, illetve az elektronikai ipar is &#8211; mondta Pom\u00e1zi Gyula, az Innov\u00e1ci\u00f3s \u00e9s Technol\u00f3giai Miniszt\u00e9rium (ITM) helyettes \u00e1llamtitk\u00e1ra szerd\u00e1n az M1 aktu\u00e1lis csatorn\u00e1n a K\u00f6zponti Statisztikai Hivatal (KSH) szerd\u00e1n k\u00f6z\u00f6lt adataira reag\u00e1lva.<\/strong><!--more--><\/p>\n<div class=\"ads-in-post1\"><div id=\"gazdasagportal.hu_fullbanner_wideboard\"><\/div>\r\n<\/div>\n<p>    A KSH els\u0151 becsl\u00e9se alapj\u00e1n az ipari termel\u00e9s volumene 7,8 sz\u00e1zal\u00e9kkal meghaladta \u00e1prilisban az egy \u00e9vvel kor\u00e1bbit a m\u00e1rciusi 2,4 sz\u00e1zal\u00e9kos cs\u00f6kken\u00e9s ut\u00e1n. A munkanaphat\u00e1st\u00f3l megtiszt\u00edtott adatok alapj\u00e1n a kibocs\u00e1t\u00e1s n\u00f6veked\u00e9se 2,9 sz\u00e1zal\u00e9kosra gyorsult az el\u0151z\u0151 havi 1,9 sz\u00e1zal\u00e9kr\u00f3l. A kiigaz\u00edtott \u00e9s a nyers adat k\u00f6z\u00f6tti jelent\u0151s elt\u00e9r\u00e9st az okozza, hogy id\u00e9n \u00e1prilisban kett\u0151vel t\u00f6bb munkanap volt, mint 2017-ben.<br \/>\n    A helyettes \u00e1llamtitk\u00e1r hozz\u00e1tette, hogy dinamikus fejl\u0151d\u00e9sre sz\u00e1m\u00edtanak az \u00e9lelmiszeriparban \u00e9s az eg\u00e9szs\u00e9gipar orvostechnikai, illetve gy\u00f3gyszergy\u00e1rt\u00e1si r\u00e9sz\u00e9ben.<br \/>\n<div class=\"ads-in-post2\"><script async src=\"https:\/\/pagead2.googlesyndication.com\/pagead\/js\/adsbygoogle.js\"><\/script>\r\n<ins class=\"adsbygoogle\"\r\n     style=\"display:block\"\r\n     data-ad-format=\"fluid\"\r\n     data-ad-layout-key=\"-6t+ed+2i-1n-4w\"\r\n     data-ad-client=\"ca-pub-1959107119989764\"\r\n     data-ad-slot=\"4008251320\"><\/ins>\r\n<script>\r\n     (adsbygoogle = window.adsbygoogle || []).push({});\r\n<\/script><\/div>\n    Pom\u00e1zi Gyula kiemelte, ha az ipar tudja hozni az 5-6 sz\u00e1zal\u00e9kos n\u00f6veked\u00e9st, akkor a hozz\u00e1j\u00e1rul\u00e1s m\u00e9rt\u00e9ke a brutt\u00f3 hazai term\u00e9k (GDP) adatokhoz kell\u0151 lehet. J\u00f3 el\u0151jelnek sz\u00e1m\u00edt, hogy a bizalmi indexek \u00e1prilisban \u00e9s m\u00e1jusban is t\u00f6rt\u00e9nelmi cs\u00facspontra emelkedtek &#8211; tette hozz\u00e1.<br \/>\n    Kit\u00e9rt arra is, hogy a nagyv\u00e1llalatokn\u00e1l , a kis- \u00e9s k\u00f6zepes v\u00e1llalkoz\u00e1sokn\u00e1l is egyre t\u00f6bb olyan beruh\u00e1z\u00e1s indul el, amelyek kapacit\u00e1sb\u0151v\u00edt\u00e9ssel j\u00e1rnak. Id\u00e9n t\u00f6bb olyan beruh\u00e1z\u00e1s indul, amely automatiz\u00e1l\u00e1shoz, az Ipar 4.0-hoz k\u00f6t\u0151d\u0151 digitaliz\u00e1l\u00e1shoz kapcsol\u00f3dik &#8211; hangs\u00falyozta.(MTI)<\/p>\n","protected":false},"excerpt":{"rendered":"<p>Kimagasl\u00f3an teljes\u00edtett az ipar \u00e1prilisban, a feldolgoz\u00f3ipari termel\u00e9st hagyom\u00e1nyosan a j\u00e1rm\u0171ipar hat\u00e1rozza meg, de a b\u0151v\u00fcl\u00e9shez hozz\u00e1j\u00e1rult a gumiipar \u00e9s az ehhez kapcsol\u00f3d\u00f3 alkatr\u00e9szek gy\u00e1rt\u00e1sa, illetve az elektronikai ipar is &#8211; mondta Pom\u00e1zi Gyula, az Innov\u00e1ci\u00f3s \u00e9s Technol\u00f3giai Miniszt\u00e9rium (ITM) helyettes \u00e1llamtitk\u00e1ra szerd\u00e1n az M1 aktu\u00e1lis csatorn\u00e1n a K\u00f6zponti Statisztikai Hivatal (KSH) szerd\u00e1n k\u00f6z\u00f6lt adataira &#8230;<\/p>\n","protected":false},"author":1,"featured_media":0,"comment_status":"closed","ping_status":"open","sticky":false,"template":"","format":"standard","meta":[],"categories":[4,19],"tags":[],"_links":{"self":[{"href":"https:\/\/gazdasagportal.hu\/index.php\/wp-json\/wp\/v2\/posts\/106000"}],"collection":[{"href":"https:\/\/gazdasagportal.hu\/index.php\/wp-json\/wp\/v2\/posts"}],"about":[{"href":"https:\/\/gazdasagportal.hu\/index.php\/wp-json\/wp\/v2\/types\/post"}],"author":[{"embeddable":true,"href":"https:\/\/gazdasagportal.hu\/index.php\/wp-json\/wp\/v2\/users\/1"}],"replies":[{"embeddable":true,"href":"https:\/\/gazdasagportal.hu\/index.php\/wp-json\/wp\/v2\/comments?post=106000"}],"version-history":[{"count":1,"href":"https:\/\/gazdasagportal.hu\/index.php\/wp-json\/wp\/v2\/posts\/106000\/revisions"}],"predecessor-version":[{"id":106001,"href":"https:\/\/gazdasagportal.hu\/index.php\/wp-json\/wp\/v2\/posts\/106000\/revisions\/106001"}],"wp:attachment":[{"href":"https:\/\/gazdasagportal.hu\/index.php\/wp-json\/wp\/v2\/media?parent=106000"}],"wp:term":[{"taxonomy":"category","embeddable":true,"href":"https:\/\/gazdasagportal.hu\/index.php\/wp-json\/wp\/v2\/categories?post=106000"},{"taxonomy":"post_tag","embeddable":true,"href":"https:\/\/gazdasagportal.hu\/index.php\/wp-json\/wp\/v2\/tags?post=106000"}],"curies":[{"name":"wp","href":"https:\/\/api.w.org\/{rel}","templated":true}]}}