{"id":105997,"date":"2018-06-06T10:09:48","date_gmt":"2018-06-06T08:09:48","guid":{"rendered":"http:\/\/gazdasagportal.hu\/?p=105997"},"modified":"2018-06-06T10:09:48","modified_gmt":"2018-06-06T08:09:48","slug":"a-mercedes-benz-cars-egymilliard-eurot-fektet-magyarorszagi-szemelyautogyaraba","status":"publish","type":"post","link":"https:\/\/gazdasagportal.hu\/index.php\/a-mercedes-benz-cars-egymilliard-eurot-fektet-magyarorszagi-szemelyautogyaraba\/","title":{"rendered":"A Mercedes-Benz Cars egymilli\u00e1rd eur\u00f3t fektet magyarorsz\u00e1gi szem\u00e9lyaut\u00f3gy\u00e1r\u00e1ba"},"content":{"rendered":"<p><strong>A Mercedes-Benz Cars Kecskem\u00e9ten megkezdi az els\u0151 full-flex gy\u00e1r \u00e9p\u00edt\u00e9s\u00e9t. A v\u00e1llalat az \u00faj szem\u00e9lyg\u00e9pkocsi-gy\u00e1rba \u00f6sszesen egymilli\u00e1rd eur\u00f3t inveszt\u00e1l, \u00e9s t\u00f6bb mint 2.500 \u00faj munkahelyet teremt.<\/strong><!--more--><\/p>\n<div class=\"ads-in-post1\"><div id=\"gazdasagportal.hu_fullbanner_wideboard\"><\/div>\r\n<\/div>\n<ul>\n<li>A Mercedes-Benz Cars full-flex gy\u00e1rat \u00e9p\u00edt Kecskem\u00e9ten. A v\u00e1llalat a Factory 56 \u00fczem rugalmas \u00e9s z\u00f6ld termel\u00e9si megold\u00e1sait egy komplett gy\u00e1rra kiterjesztve val\u00f3s\u00edtja meg: ez az okosgy\u00e1rt\u00e1s fel\u00e9 vezet\u0151 \u00fat k\u00f6vetkez\u0151 l\u00e9p\u00e9se.<\/li>\n<li>Markus Sch\u00e4fer, a Mercedes-Benz Cars termel\u00e9s\u00e9rt \u00e9s ell\u00e1t\u00e1si l\u00e1nc\u00e9rt felel\u0151s igazgat\u00f3tan\u00e1csi tagja: \u201eAz egymilli\u00e1rd eur\u00f3s beruh\u00e1z\u00e1s keret\u00e9ben Magyarorsz\u00e1gon \u00e9p\u00edtj\u00fck fel a Mercedes-Benz Cars vil\u00e1gm\u00e9ret\u0171 termel\u00e9si h\u00e1l\u00f3zat\u00e1nak els\u0151 full-flex gy\u00e1r\u00e1t. Ebben rugalmasan, egyazon gy\u00e1rt\u00f3soron \u00e1ll\u00edthat\u00f3ak el\u0151 a legk\u00fcl\u00f6nb\u00f6z\u0151bb j\u00e1rm\u0171modellek a kompakt aut\u00f3kt\u00f3l a h\u00e1ts\u00f3ker\u00e9k-meghajt\u00e1s\u00fa limuzinon \u00e1t a k\u00fcl\u00f6nb\u00f6z\u0151 meghajt\u00e1ssal rendelkez\u0151 j\u00e1rm\u0171vekig, az elektromos aut\u00f3kat is bele\u00e9rtve. Ezzel a gy\u00e1rral tov\u00e1bbfejlesztj\u00fck a Factory 56 gy\u00e1rt\u00e1si koncepci\u00f3j\u00e1t.\u201d<\/li>\n<li>Az \u00e9p\u00fcl\u0151 \u00faj gy\u00e1regys\u00e9g\u00e9ben a legmodernebb, az ipar 4.0 szellem\u00e9ben kialak\u00edtott gy\u00e1rt\u00e1si technol\u00f3gi\u00e1kat alkalmazza a Mercedes-Benz. A k\u00f6z\u00e9ppontban az ember \u00e1ll, a gy\u00e1rt\u00e1s pedig digit\u00e1lis, rugalmas \u00e9s z\u00f6ld lesz. Szijj\u00e1rt\u00f3 P\u00e9ter k\u00fclgazdas\u00e1gi \u00e9s k\u00fcl\u00fcgyminiszter: \u201eAz aut\u00f3iparnak ma kulcsszerepe van abban, hogy Magyarorsz\u00e1g mennyire tud sikeres lenni az \u00faj vil\u00e1ggazdas\u00e1gi korszakban. Ez a beruh\u00e1z\u00e1s egy\u00e9rtelm\u0171 jele annak a bizalomnak, amelyet a Daimler a magyar gazdas\u00e1gba, a magyar befektet\u00e9si k\u00f6rnyezetbe, de mindenekel\u0151tt a magyar emberekbe helyezett.\u201d<\/li>\n<li>A Mercedes-Benz Cars a kecskem\u00e9ti telephelyen tov\u00e1bb b\u0151v\u00edti gy\u00e1rt\u00f3kapacit\u00e1sait, \u00e9s ezzel t\u00f6bb mint 2.500 \u00faj munkahelyet teremt.<\/li>\n<\/ul>\n<p>Kecskem\u00e9t \u2013 A Mercedes-Benz Cars Kecskem\u00e9ten megkezdi az els\u0151 full-flex gy\u00e1r \u00e9p\u00edt\u00e9s\u00e9t. A v\u00e1llalat az \u00faj szem\u00e9lyg\u00e9pkocsi-gy\u00e1rba \u00f6sszesen egymilli\u00e1rd eur\u00f3t inveszt\u00e1l, \u00e9s t\u00f6bb mint 2.500 \u00faj munkahelyet teremt. A full-flex gy\u00e1r a k\u00f6vetkez\u0151 l\u00e9p\u00e9s az okosgy\u00e1rt\u00e1s fel\u00e9 vezet\u0151 \u00faton: a febru\u00e1rban bemutatott Factory 56 elv\u00e9n \u00e9p\u00fcl fel, azaz teljes m\u00e9rt\u00e9kben digitaliz\u00e1lt, fenntarthat\u00f3 termel\u00e9st val\u00f3s\u00edt meg, \u00e9s az embert \u00e1ll\u00edtja a k\u00f6z\u00e9ppontba.<\/p>\n<div class=\"ads-in-post2\"><script async src=\"https:\/\/pagead2.googlesyndication.com\/pagead\/js\/adsbygoogle.js\"><\/script>\r\n<ins class=\"adsbygoogle\"\r\n     style=\"display:block\"\r\n     data-ad-format=\"fluid\"\r\n     data-ad-layout-key=\"-6t+ed+2i-1n-4w\"\r\n     data-ad-client=\"ca-pub-1959107119989764\"\r\n     data-ad-slot=\"4008251320\"><\/ins>\r\n<script>\r\n     (adsbygoogle = window.adsbygoogle || []).push({});\r\n<\/script><\/div>\n\u201eAz egymilli\u00e1rd eur\u00f3s beruh\u00e1z\u00e1s keret\u00e9ben a Mercedes-Benz Cars vil\u00e1gm\u00e9ret\u0171 termel\u00e9si h\u00e1l\u00f3zat\u00e1nak els\u0151 full-flex gy\u00e1r\u00e1t hozzuk l\u00e9tre Magyarorsz\u00e1gon. A gy\u00e1rban rugalmasan, egyazon gy\u00e1rt\u00f3soron \u00e1ll\u00edthat\u00f3k el\u0151 a legk\u00fcl\u00f6nb\u00f6z\u0151bb j\u00e1rm\u0171modellek a kompakt aut\u00f3kt\u00f3l a h\u00e1ts\u00f3ker\u00e9k-meghajt\u00e1s\u00fa limuzinon \u00e1t a k\u00fcl\u00f6nb\u00f6z\u0151 meghajt\u00e1ssal rendelkez\u0151 j\u00e1rm\u0171vekig, az elektromos aut\u00f3kat is bele\u00e9rtve. Ezzel tov\u00e1bbfejlesztj\u00fck a Factory 56 gy\u00e1rt\u00e1si koncepci\u00f3j\u00e1t\u201d, mondta Markus Sch\u00e4fer, a Mercedes-Benz Cars termel\u00e9s\u00e9rt \u00e9s ell\u00e1t\u00e1si l\u00e1nc\u00e9rt felel\u0151s igazgat\u00f3tan\u00e1csi tagja.<\/p>\n<p>Az \u00faj kecskem\u00e9ti szem\u00e9lyg\u00e9pj\u00e1rm\u0171-gy\u00e1r pr\u00e9s\u00fczemb\u0151l, karossz\u00e9ria\u00fczemb\u0151l, fel\u00fcletkezel\u0151 \u00e9s \u00f6sszeszerel\u0151 \u00fczemb\u0151l \u00e1ll majd. A gy\u00e1r cs\u00facshat\u00e9konys\u00e1ggal fog m\u0171k\u00f6dni, \u00e9s sz\u00e9ndioxid-semleges energiaell\u00e1t\u00e1ssal rendelkezik. A full-flex gy\u00e1rral a Mercedes-Benz Cars a j\u00f6v\u0151 j\u00e1rm\u0171veinek rugalmas gy\u00e1rt\u00e1s\u00e1hoz sz\u00fcks\u00e9ges kapacit\u00e1st \u00e9s technikai felt\u00e9teleket teremti meg. Ez a legk\u00fcl\u00f6nb\u00f6z\u0151bb fel\u00e9p\u00edt\u00e9s\u0171 \u00e9s meghajt\u00e1s\u00fa szem\u00e9lyg\u00e9pkocsikat foglalja mag\u00e1ban. Gy\u00e1rthat\u00f3k lesznek Kecskem\u00e9ten a hagyom\u00e1nyos meghajt\u00e1s\u00fa aut\u00f3k, de a leg\u00fajabb technol\u00f3gi\u00e1nak megfelel\u0151, \u00f6nvezet\u00e9sre is alkalmas elektromos aut\u00f3k is \u2013 az \u00e9rv\u00e9nyes biztons\u00e1gi el\u0151\u00edr\u00e1sok \u00e9s t\u00f6rv\u00e9nyi rendelkez\u00e9sek figyelembev\u00e9tel\u00e9vel.<\/p><div id=\"gazda-3865024060\" class=\"gazda-tartalomban gazda-entity-placement\"><script async src=\"https:\/\/pagead2.googlesyndication.com\/pagead\/js\/adsbygoogle.js\"><\/script>\r\n<ins class=\"adsbygoogle\"\r\n     style=\"display:block\"\r\n     data-ad-format=\"fluid\"\r\n     data-ad-layout-key=\"-6t+ed+2i-1n-4w\"\r\n     data-ad-client=\"ca-pub-1959107119989764\"\r\n     data-ad-slot=\"4008251320\"><\/ins>\r\n<script>\r\n     (adsbygoogle = window.adsbygoogle || []).push({});\r\n<\/script><\/div>\n<p>A kecskem\u00e9ti telephely m\u00e1sodik gy\u00e1r\u00e1nak alapk\u0151let\u00e9tel\u00e9re 2018. j\u00fanius 5-\u00e9n a politika \u00e9s a gazdas\u00e1gi \u00e9let k\u00e9pvisel\u0151i gy\u0171ltek egybe. Markus Sch\u00e4fer mellett Szijj\u00e1rt\u00f3 P\u00e9ter magyar k\u00fclgazdas\u00e1gi \u00e9s k\u00fcl\u00fcgyminiszter, Szemereyn\u00e9 Pataki Klaudia, Kecskem\u00e9t Megyei Jog\u00fa V\u00e1ros polg\u00e1rmestere, valamint Christian Wolff, a Mercedes-Benz Manufacturing Hungary Kft. \u00fcgyvezet\u0151 igazgat\u00f3ja vett r\u00e9szt az \u00fcnneps\u00e9gen.<\/p>\n<p>Szijj\u00e1rt\u00f3 P\u00e9ter k\u00fclgazdas\u00e1gi \u00e9s k\u00fcl\u00fcgyminiszter: \u201eAz aut\u00f3iparnak ma kulcsszerepe van abban, hogy Magyarorsz\u00e1g mennyire tud sikeres lenni az \u00faj vil\u00e1ggazdas\u00e1gi korszakban. Ez a beruh\u00e1z\u00e1s egy\u00e9rtelm\u0171 jele annak a bizalomnak, amelyet a Daimler a magyar gazdas\u00e1gba, a magyar befektet\u00e9si k\u00f6rnyezetbe, de mindenekel\u0151tt a magyar emberekbe helyezett.\u201d<\/p>\n<p><strong>\u00a0<\/strong><\/p>\n<p><strong>A Factory 56 alapeszm\u00e9je egy teljes telephelyre kiterjesztve<\/strong><\/p>\n<p>A Mercedes-Benz Cars febru\u00e1rban Factory 56 n\u00e9ven mutatta be Sindelfingenben a vil\u00e1g egyik legmodernebb aut\u00f3gy\u00e1rt\u00e1si koncepci\u00f3j\u00e1t. Ez az \u00faj gy\u00e1rt\u00e1si m\u00f3d az embert helyezi a k\u00f6z\u00e9ppontba, mindemellett minden elem\u00e9ben rugalmas, digit\u00e1lis \u00e9s z\u00f6ld. Alapvet\u0151 eleme valamennyi berendez\u00e9s \u00e9s folyamat teljes \u00f6sszekapcsol\u00e1sa, egy pap\u00edrmentes gy\u00e1r komplex megval\u00f3s\u00edt\u00e1sa, valamint az anyag\u00e1raml\u00e1s digit\u00e1lis vez\u00e9rl\u00e9se. A munkat\u00e1rsak mindennapi munk\u00e1j\u00e1t tabletek, elektronikus k\u00e9zi eszk\u00f6z\u00f6k (PDA-k), okostelefonok \u00e9s okos\u00f3r\u00e1k seg\u00edtik. A Factory 56 alapelvei ment\u00e9n megval\u00f3sul\u00f3 \u00faj kecskem\u00e9ti gy\u00e1r \u2013 az ipar 4.0 \u00e9rtelm\u00e9ben \u2013 teljesen digitaliz\u00e1lt, \u00e9s \u00f6sszek\u00f6ttet\u00e9sben \u00e1ll a glob\u00e1lis termel\u00e9si h\u00e1l\u00f3zat t\u00f6bbi egys\u00e9g\u00e9vel.<\/p>\n<p>A Factory 56 alapeszm\u00e9j\u00e9t a v\u00e1llalat most egy komplett gy\u00e1rra kiterjesztve val\u00f3s\u00edtja meg. Mivel mindegyik gy\u00e1regys\u00e9g \u2013 a pr\u00e9s\u00fczemt\u0151l az \u00f6sszeszerel\u0151 \u00fczemig \u2013 \u00fajonnan \u00e9p\u00fcl fel, a teljes folyamatl\u00e1nc optim\u00e1lisan \u00f6sszehangolhat\u00f3. Az els\u0151- \u00e9s h\u00e1ts\u00f3ker\u00e9k-meghajt\u00e1s\u00fa j\u00e1rm\u0171vek rugalmas termel\u00e9se mellett ugyanazon a gy\u00e1rt\u00f3soron \u00e1ll\u00edthat\u00f3k el\u0151 m\u00e1s-m\u00e1s meghajt\u00e1si v\u00e1ltozatok, p\u00e9ld\u00e1ul elektromos meghajt\u00e1s\u00fa aut\u00f3k is. A termel\u00e9s a k\u00f6vetkez\u0151 \u00e9vtized elej\u00e9n indul majd el Kecskem\u00e9ten.<\/p>\n<p>Az \u00faj full-flex gy\u00e1r l\u00e9trehoz\u00e1s\u00e1hoz 972.700 m3 f\u00f6ldet kell megmozgatni. A be\u00e9p\u00edtett ter\u00fclet nagys\u00e1ga 382.033 m2 lesz. Ez k\u00f6r\u00fclbel\u00fcl 54 futballp\u00e1lya m\u00e9ret\u00e9nek felel meg. A kecskem\u00e9ti telephely m\u00e1sodik gy\u00e1r\u00e1nak \u00e9p\u00edt\u00e9s\u00e9hez t\u00f6bb mint 17.000 tonna ac\u00e9lt haszn\u00e1lnak fel. Ebb\u0151l az ac\u00e9lmennyis\u00e9gb\u0151l k\u00f6r\u00fclbel\u00fcl 1,7-szer lehetne fel\u00e9p\u00edteni a p\u00e1rizsi Eiffel-tornyot.<\/p>\n<p>\u201eA Mercedes-Benz m\u00e1r m\u0171k\u00f6d\u0151 kecskem\u00e9ti gy\u00e1ra a termel\u00e9s 2012-es indul\u00e1sa \u00f3ta igazi sikert\u00f6rt\u00e9net. Els\u0151ker\u00e9k-meghajt\u00e1s\u00fa kompakt aut\u00f3kat gy\u00e1rtunk itt a vil\u00e1g minden r\u00e9sz\u00e9re. Ma tov\u00e1bb \u00edrjuk a t\u00f6rt\u00e9nelmet, hiszen a m\u00e1sodik kecskem\u00e9ti gy\u00e1r nemcsak hozz\u00e1j\u00e1rul Magyarorsz\u00e1g j\u00e1rm\u0171ipari sz\u00e1rnyal\u00e1s\u00e1hoz, de a j\u00f6v\u0151 gener\u00e1ci\u00f3i sz\u00e1m\u00e1ra is biztos\u00edtja a nemzetk\u00f6zi tud\u00e1shoz val\u00f3 k\u00f6zvetlen hozz\u00e1f\u00e9r\u00e9st, s hossz\u00fa t\u00e1von teremt vonz\u00f3 munkahelyeket\u201d \u2013 hangs\u00falyozta Christian Wolff, a Mercedes-Benz Manufacturing Hungary Kft. \u00fcgyvezet\u0151 igazgat\u00f3ja.<\/p>\n<p>&nbsp;<\/p>\n<p><strong>A legmodernebb gy\u00e1rt\u00e1si technol\u00f3gi\u00e1k<\/strong><\/p>\n<p>A rugalmas termel\u00e9sre tervezett kecskem\u00e9ti gy\u00e1rat m\u00e1r a tervez\u00e9si szakaszban is teljes m\u00e9rt\u00e9kben digit\u00e1lisan alak\u00edtott\u00e1k ki \u00e9s optimaliz\u00e1lt\u00e1k. A teljes gy\u00e1r megfelel a j\u00f6v\u0151 k\u00f6vetelm\u00e9nyeinek: az \u00faj pr\u00e9s\u00fczem, a karossz\u00e9ria\u00fczem, a fel\u00fcletkezel\u00e9s \u00e9s az \u00faj, flexibilis \u00f6sszeszerel\u00e9si rendszer \u2013 az ipar 4.0 jegy\u00e9ben \u2013 a j\u00e1rm\u0171 t\u00edpus\u00e1t\u00f3l \u00e9s meghajt\u00e1si form\u00e1j\u00e1t\u00f3l f\u00fcggetlen\u00fcl teremti meg a rugalmas gy\u00e1rt\u00e1s el\u0151felt\u00e9teleit.<\/p>\n<p>A gy\u00e1rt\u00e1s az \u00fan. lean, azaz cs\u00facshat\u00e9kony gy\u00e1rt\u00e1s norm\u00e1in fog alapulni: ide\u00e1lis termel\u00e9si rendszert val\u00f3s\u00edt meg, r\u00f6vid utakkal \u00e9s \u00e1tfut\u00e1si id\u0151kkel a maxim\u00e1lis hat\u00e9konys\u00e1g el\u00e9r\u00e9shez. A teljes gy\u00e1rt\u00e1s ez\u00e1ltal azonos ritmusban zajlik majd. Ez mag\u00e1ban foglalja az ember \u00e9s g\u00e9p egy\u00fcttm\u0171k\u00f6d\u00e9s\u00e9t, illetve a digit\u00e1lisan t\u00e1mogatott folyamatokat, bele\u00e9rtve a munkaszervez\u00e9st, a logisztik\u00e1t \u00e9s min\u0151s\u00e9gbiztos\u00edt\u00e1st is.<\/p>\n<p>A karossz\u00e9ria\u00fczem is \u00faj gy\u00e1rt\u00e1si koncepci\u00f3kkal rendelkezik: a gy\u00e1rt\u00e1si l\u00e1ncolat m\u00e1r a legels\u0151 alkatr\u00e9szt\u0151l kezdve \u00fagy illeszkedik \u00f6ssze, mint egy gy\u00f6ngysor szemei. A j\u00f6v\u0151 karossz\u00e9ria\u00fczem\u00e9ben az egyes \u00e1llom\u00e1sok rugalmasan kombin\u00e1lhat\u00f3k egym\u00e1ssal. Ennek a rugalmass\u00e1gnak k\u00f6sz\u00f6nhet\u0151en egy-egy g\u00e9pj\u00e1rm\u0171-sorozat k\u00fcl\u00f6nb\u00f6z\u0151 v\u00e1ltozatait egyidej\u0171leg lehet el\u0151\u00e1ll\u00edtani. Jelenleg ugyanehhez t\u00f6bb speci\u00e1lis gy\u00e1rt\u00f3sorra van m\u00e9g sz\u00fcks\u00e9g.<\/p>\n<p>A rendszerbe modern logisztikai megold\u00e1sok is illeszkednek: az \u00faj komissi\u00f3z\u00f3 (alkatr\u00e9sz-v\u00e1logat\u00f3 \u00e9s -el\u0151k\u00e9sz\u00edt\u0151) ter\u00fcleteken a legmodernebb \u201epick-by-light\u201d vagy \u201epick-by-voice\u201d technol\u00f3gi\u00e1kat alkalmazz\u00e1k. M\u00edg a pick-by-light eset\u00e9ben a kommissi\u00f3z\u00f3 munkat\u00e1rs a be\u00e9p\u00edtend\u0151 cikkek t\u00edpus\u00e1t \u00e9s mennyis\u00e9g\u00e9t a kiv\u00e9teli polc feletti kijelz\u0151n kereszt\u00fcl kapja a rendszert\u0151l, addig a pick-by-voice eset\u00e9ben a dolgoz\u00f3 a megb\u00edz\u00e1sokat a rakt\u00e1rkezel\u0151 rendszert\u0151l r\u00e1di\u00f3n kereszt\u00fcl, hangutas\u00edt\u00e1sban kapja.<\/p>\n<p>Valamennyi tev\u00e9kenys\u00e9gn\u00e9l az ember \u00e1ll a k\u00f6z\u00e9ppontban: a munkat\u00e1rsak ergonomikus kialak\u00edt\u00e1s\u00fa munkahelyeken dolgoznak, \u00e9s tev\u00e9kenys\u00e9g\u00fckben digit\u00e1lis eszk\u00f6z\u00f6k seg\u00edtik \u0151ket. Az intelligens ember-g\u00e9p egy\u00fcttm\u0171k\u00f6d\u00e9snek k\u00f6sz\u00f6nhet\u0151en lehet\u0151s\u00e9g van a r\u00e9szleges automatiz\u00e1ci\u00f3ra a munkat\u00e1rsak tehermentes\u00edt\u00e9se \u00e9rdek\u00e9ben. A munkahelyek \u00e9s pihen\u0151z\u00f3n\u00e1k kialak\u00edt\u00e1sa szint\u00e9n az ergon\u00f3miai elvekhez igazodik, \u00e9s \u00faj kommunik\u00e1ci\u00f3s form\u00e1kat tesz lehet\u0151v\u00e9 a modern bels\u0151 t\u00e9rben.<\/p>\n<p><strong>Fenntarthat\u00f3 \u00e9s energiahat\u00e9kony aut\u00f3gy\u00e1rt\u00e1s a Mercedes-Benz Cars-n\u00e1l <\/strong><\/p>\n<p>A j\u00f6v\u0151 aut\u00f3gy\u00e1rt\u00e1s\u00e1ra, \u00e9s ezzel a kecskem\u00e9ti telephely m\u00e1sodik gy\u00e1r\u00e1ra is modul\u00e1ris \u00e9p\u00fcletszerkezetek lesznek jellemz\u0151ek, amelyek energiahat\u00e9kony \u00e9s k\u00f6rnyezetbar\u00e1t megold\u00e1sokat jelentenek. Ezenk\u00edv\u00fcl a hullad\u00e9ktermel\u00e9s megel\u0151z\u00e9se \u00e9s a v\u00edzfogyaszt\u00e1s cs\u00f6kkent\u00e9se is az eg\u00e9sz gy\u00e1rra jellemz\u0151 lesz. A kecskem\u00e9ti telephely m\u00e1sodik gy\u00e1ra meg\u00fajul\u00f3 energiaforr\u00e1sokat fog haszn\u00e1lni, s ennek k\u00f6sz\u00f6nhet\u0151en sz\u00e9ndioxid-semleges energiaell\u00e1t\u00e1ssal rendelkezik majd.<\/p>\n<p>N\u00e9metorsz\u00e1gban \u00e9s Eur\u00f3p\u00e1ban a Mercedes-Benz Cars \u00e9len j\u00e1r a z\u00f6ld gy\u00e1rt\u00e1si megold\u00e1sok ter\u00e9n. 2022-ig valamennyi n\u00e9metorsz\u00e1gi gy\u00e1r\u00e1nak sz\u00e9ndioxid-semleges energiaell\u00e1t\u00e1ssal kell rendelkeznie. Az \u00faj eur\u00f3pai gy\u00e1rakat m\u00e1r jelenleg is eleve sz\u00e9ndioxid-semleges energiaell\u00e1t\u00e1ssal tervezik.<\/p>\n<p><strong>A Mercedes-Benz Cars Operations<\/strong><\/p>\n<p>A Mercedes-Benz Cars Operations vil\u00e1gszerte t\u00f6bb mint 30 telephely szem\u00e9lyg\u00e9pj\u00e1rm\u0171-gy\u00e1rt\u00e1s\u00e1\u00e9rt felel, ebb\u0151l h\u00e1rmat jelenleg is \u00e9p\u00edtenek. Egy rugalmas \u00e9s hat\u00e9kony, mintegy 78.000 f\u0151t foglalkoztat\u00f3 gy\u00e1rt\u00e1si h\u00e1l\u00f3zaton bel\u00fcl ide tartoznak az olyan k\u00f6zponti feladatk\u00f6r\u00f6k, mint a gy\u00e1rt\u00e1stervez\u00e9s, a TECFABRIK \u2013 egy, az \u00faj \u00f6tletek \u00e9s koncepci\u00f3k kipr\u00f3b\u00e1l\u00e1s\u00e1ra szolg\u00e1l\u00f3 fejleszt\u00e9si k\u00f6zpont \u2013, a logisztika \u00e9s a min\u0151s\u00e9gbiztos\u00edt\u00e1s. Az elm\u00falt \u00e9vben a Mercedes-Benz Cars a Mercedes-Benz \u00e9s a smart m\u00e1rka t\u00f6bb mint 2,4 milli\u00f3 szem\u00e9lyg\u00e9pkocsij\u00e1t \u00e1ll\u00edtotta el\u0151, \u00e9s ezzel sorozatban hetedik rekordj\u00e1t \u00e1ll\u00edtotta fel. A h\u00e1l\u00f3zat az els\u0151ker\u00e9k-meghajt\u00e1s\u00fa (kompakt aut\u00f3k) \u00e9s h\u00e1ts\u00f3ker\u00e9k-meghajt\u00e1s\u00fa (p\u00e9ld\u00e1ul S-, E- \u00e9s C-oszt\u00e1ly) sorozatok, valamint a SUV- \u00e9s sportkocsi-modellek gy\u00e1rt\u00e1s\u00e1t foglalja mag\u00e1ban. Ehhez j\u00f6n a hajt\u00e1sl\u00e1ncok (motor, hajt\u00f3m\u0171, tengelyek, alkatr\u00e9szek) gy\u00e1rt\u00e1si h\u00e1l\u00f3zata. Valamennyi t\u00edpus gy\u00e1rt\u00e1si h\u00e1l\u00f3zat\u00e1nak k\u00f6z\u00e9ppontj\u00e1ban egy-egy vezet\u0151 gy\u00e1r \u00e1ll, amely a gy\u00e1rt\u00e1sbevezet\u00e9s, a technol\u00f3gia \u00e9s a min\u0151s\u00e9gbiztos\u00edt\u00e1s szak\u00e9rt\u0151i k\u00f6zpontjak\u00e9nt m\u0171k\u00f6dik. A Mercedes-Benz Cars k\u00e9szen \u00e1ll az elektromobilit\u00e1sra: m\u00e1r vil\u00e1gszerte \u00e9p\u00fclnek azok a k\u00f6zpontok, amelyek az elektromos j\u00e1rm\u0171veket \u00e9s azok akkumul\u00e1torait gy\u00e1rtani fogj\u00e1k. A mindennapi munka f\u00f3kusz\u00e1ban a modern gy\u00e1rt\u00e1si elj\u00e1r\u00e1sok folyamatos t\u00f6k\u00e9letes\u00edt\u00e9se, tov\u00e1bbfejleszt\u00e9se \u00e1ll, amelyek lehet\u0151v\u00e9 teszik a j\u00f6v\u0151 hightech-j\u00e1rm\u0171veinek hat\u00e9kony, rugalmas \u00e9s k\u00f6rnyezetbar\u00e1t el\u0151\u00e1ll\u00edt\u00e1s\u00e1t a megszokott Mercedes-Benz min\u0151s\u00e9gben. A k\u00f6z\u00e9ppontban a munkat\u00e1rsak \u00e1llnak a maguk szakmai felk\u00e9sz\u00fclts\u00e9g\u00e9vel, munk\u00e1jukat pedig a munkahely ergonomikus kialak\u00edt\u00e1sa, valamint az intelligens automatiz\u00e1ci\u00f3 seg\u00edti. Saj\u00e1t gy\u00e1rt\u00f3h\u00e1l\u00f3zatai mellett a Mercedes-Benz a n\u00f6veked\u00e9s jegy\u00e9ben egyre nagyobb hangs\u00falyt fektet a k\u00fcls\u0151 egy\u00fcttm\u0171k\u00f6d\u00e9sekre is.<\/p>\n<p><strong>A Mercedes-Benz kecskem\u00e9ti gy\u00e1ra<\/strong><\/p>\n<p>A kecskem\u00e9ti Mercedes-Benz gy\u00e1r jelenleg mintegy 4.000 munkat\u00e1rsat foglalkoztat. 2017-ben t\u00f6bb mint 190.000 Mercedes-Benz kompakt aut\u00f3t \u00e1ll\u00edtottak el\u0151. Els\u0151 modellk\u00e9nt 2012-ben a Mercedes-Benz B-oszt\u00e1lya g\u00f6rd\u00fclt le a szalagr\u00f3l. Ezt k\u00f6vette 2013-ban a n\u00e9gyajt\u00f3s kompakt CLA kup\u00e9, majd 2015-ben a CLA Shooting Brake. Ez ut\u00f3bbi k\u00e9t modellt az eg\u00e9sz vil\u00e1gon kiz\u00e1r\u00f3lag Kecskem\u00e9ten gy\u00e1rtj\u00e1k. 2018 m\u00e1jusa \u00f3ta az \u00faj A-oszt\u00e1ly eg\u00e9sz\u00edti ki a magyar gy\u00e1rt\u00f3helysz\u00edn term\u00e9kpalett\u00e1j\u00e1t.<\/p>\n<p>A Mercedes-Benzr\u0151l tov\u00e1bbi inform\u00e1ci\u00f3k az interneten \u00e1llnak rendelkez\u00e9sre:<br \/>\n<a href=\"http:\/\/www.media.daimler.com\" target=\"_blank\" rel=\"noopener\">www.media.daimler.com<\/a> und <a href=\"http:\/\/www.mercedes-benz.com\" target=\"_blank\" rel=\"noopener\">www.mercedes-benz.com<\/a><\/p>\n","protected":false},"excerpt":{"rendered":"<p>A Mercedes-Benz Cars Kecskem\u00e9ten megkezdi az els\u0151 full-flex gy\u00e1r \u00e9p\u00edt\u00e9s\u00e9t. A v\u00e1llalat az \u00faj szem\u00e9lyg\u00e9pkocsi-gy\u00e1rba \u00f6sszesen egymilli\u00e1rd eur\u00f3t inveszt\u00e1l, \u00e9s t\u00f6bb mint 2.500 \u00faj munkahelyet teremt.<\/p>\n","protected":false},"author":1,"featured_media":105998,"comment_status":"closed","ping_status":"open","sticky":false,"template":"","format":"standard","meta":[],"categories":[146,4,19],"tags":[],"_links":{"self":[{"href":"https:\/\/gazdasagportal.hu\/index.php\/wp-json\/wp\/v2\/posts\/105997"}],"collection":[{"href":"https:\/\/gazdasagportal.hu\/index.php\/wp-json\/wp\/v2\/posts"}],"about":[{"href":"https:\/\/gazdasagportal.hu\/index.php\/wp-json\/wp\/v2\/types\/post"}],"author":[{"embeddable":true,"href":"https:\/\/gazdasagportal.hu\/index.php\/wp-json\/wp\/v2\/users\/1"}],"replies":[{"embeddable":true,"href":"https:\/\/gazdasagportal.hu\/index.php\/wp-json\/wp\/v2\/comments?post=105997"}],"version-history":[{"count":1,"href":"https:\/\/gazdasagportal.hu\/index.php\/wp-json\/wp\/v2\/posts\/105997\/revisions"}],"predecessor-version":[{"id":105999,"href":"https:\/\/gazdasagportal.hu\/index.php\/wp-json\/wp\/v2\/posts\/105997\/revisions\/105999"}],"wp:featuredmedia":[{"embeddable":true,"href":"https:\/\/gazdasagportal.hu\/index.php\/wp-json\/wp\/v2\/media\/105998"}],"wp:attachment":[{"href":"https:\/\/gazdasagportal.hu\/index.php\/wp-json\/wp\/v2\/media?parent=105997"}],"wp:term":[{"taxonomy":"category","embeddable":true,"href":"https:\/\/gazdasagportal.hu\/index.php\/wp-json\/wp\/v2\/categories?post=105997"},{"taxonomy":"post_tag","embeddable":true,"href":"https:\/\/gazdasagportal.hu\/index.php\/wp-json\/wp\/v2\/tags?post=105997"}],"curies":[{"name":"wp","href":"https:\/\/api.w.org\/{rel}","templated":true}]}}