{"id":105892,"date":"2018-06-02T22:09:42","date_gmt":"2018-06-02T20:09:42","guid":{"rendered":"http:\/\/gazdasagportal.hu\/?p=105892"},"modified":"2018-06-02T22:09:42","modified_gmt":"2018-06-02T20:09:42","slug":"juhasz-peter-megszunt-az-egyutt","status":"publish","type":"post","link":"https:\/\/gazdasagportal.hu\/index.php\/juhasz-peter-megszunt-az-egyutt\/","title":{"rendered":"Juh\u00e1sz P\u00e9ter: megsz\u0171nt az Egy\u00fctt"},"content":{"rendered":"<p><strong>Megsz\u0171nt az Egy\u00fctt &#8211; a Korszakv\u00e1lt\u00f3k P\u00e1rtja &#8211; jelentette be Juh\u00e1sz P\u00e9ter, a p\u00e1rt eln\u00f6ke a Facebookon szombaton.<\/strong><!--more--><\/p>\n<div class=\"ads-in-post1\"><div id=\"gazdasagportal.hu_fullbanner_wideboard\"><\/div>\r\n<\/div>\n<p>    &#8222;Az Egy\u00fctt &#8211; a Korszakv\u00e1lt\u00f3k P\u00e1rtja a mai nappal megsz\u0171nt. \u00cdgy d\u00f6nt\u00f6tt a k\u00fcld\u00f6ttgy\u0171l\u00e9s\u00fcnk a lemondott eln\u00f6ks\u00e9g konszenzusos javaslat\u00e1ra&#8221; &#8211; olvashat\u00f3 t\u00f6bb internetes oldalon.<br \/>\n    A p\u00e1rt az \u00e1prilis 8-ai orsz\u00e1ggy\u0171l\u00e9si v\u00e1laszt\u00e1son nem \u00e9rte el az 1 sz\u00e1zal\u00e9kot, \u00edgy vissza kell fizetnie a mintegy 150 milli\u00f3 forintos \u00e1llami kamp\u00e1nyt\u00e1mogat\u00e1st, ami jelent\u0151s r\u00e9szben mag\u00e1nadom\u00e1nyokb\u00f3l a napokban t\u00f6rt\u00e9nhet meg.<br \/>\n<div class=\"ads-in-post2\"><script async src=\"https:\/\/pagead2.googlesyndication.com\/pagead\/js\/adsbygoogle.js\"><\/script>\r\n<ins class=\"adsbygoogle\"\r\n     style=\"display:block\"\r\n     data-ad-format=\"fluid\"\r\n     data-ad-layout-key=\"-6t+ed+2i-1n-4w\"\r\n     data-ad-client=\"ca-pub-1959107119989764\"\r\n     data-ad-slot=\"4008251320\"><\/ins>\r\n<script>\r\n     (adsbygoogle = window.adsbygoogle || []).push({});\r\n<\/script><\/div>\n    Juh\u00e1sz P\u00e9ter \u00e1prilis 8-\u00e1n \u00e9jjel jelentette be, hogy lemond a p\u00e1rteln\u00f6ks\u00e9gr\u0151l.<br \/>\n    Szombaton a p\u00e1rteln\u00f6k az internetes oldalak szerint arr\u00f3l besz\u00e9lt: kialakult egy \u00e9rt\u00e9kk\u00f6z\u00f6ss\u00e9g, amely nem k\u00edv\u00e1nja feladni a hitet, elvet, sz\u00e1nd\u00e9kot, akaratot, valamilyen form\u00e1ban \u0151sszel \u00fajra fogja defini\u00e1lni mag\u00e1t.<br \/>\n(MTI)<\/p>\n","protected":false},"excerpt":{"rendered":"<p>Megsz\u0171nt az Egy\u00fctt &#8211; a Korszakv\u00e1lt\u00f3k P\u00e1rtja &#8211; jelentette be Juh\u00e1sz P\u00e9ter, a p\u00e1rt eln\u00f6ke a Facebookon szombaton.<\/p>\n","protected":false},"author":1,"featured_media":0,"comment_status":"closed","ping_status":"open","sticky":false,"template":"","format":"standard","meta":[],"categories":[4,18],"tags":[],"_links":{"self":[{"href":"https:\/\/gazdasagportal.hu\/index.php\/wp-json\/wp\/v2\/posts\/105892"}],"collection":[{"href":"https:\/\/gazdasagportal.hu\/index.php\/wp-json\/wp\/v2\/posts"}],"about":[{"href":"https:\/\/gazdasagportal.hu\/index.php\/wp-json\/wp\/v2\/types\/post"}],"author":[{"embeddable":true,"href":"https:\/\/gazdasagportal.hu\/index.php\/wp-json\/wp\/v2\/users\/1"}],"replies":[{"embeddable":true,"href":"https:\/\/gazdasagportal.hu\/index.php\/wp-json\/wp\/v2\/comments?post=105892"}],"version-history":[{"count":1,"href":"https:\/\/gazdasagportal.hu\/index.php\/wp-json\/wp\/v2\/posts\/105892\/revisions"}],"predecessor-version":[{"id":105893,"href":"https:\/\/gazdasagportal.hu\/index.php\/wp-json\/wp\/v2\/posts\/105892\/revisions\/105893"}],"wp:attachment":[{"href":"https:\/\/gazdasagportal.hu\/index.php\/wp-json\/wp\/v2\/media?parent=105892"}],"wp:term":[{"taxonomy":"category","embeddable":true,"href":"https:\/\/gazdasagportal.hu\/index.php\/wp-json\/wp\/v2\/categories?post=105892"},{"taxonomy":"post_tag","embeddable":true,"href":"https:\/\/gazdasagportal.hu\/index.php\/wp-json\/wp\/v2\/tags?post=105892"}],"curies":[{"name":"wp","href":"https:\/\/api.w.org\/{rel}","templated":true}]}}