{"id":105884,"date":"2018-06-02T14:03:15","date_gmt":"2018-06-02T12:03:15","guid":{"rendered":"http:\/\/gazdasagportal.hu\/?p=105884"},"modified":"2018-06-02T09:04:04","modified_gmt":"2018-06-02T07:04:04","slug":"megjelent-az-online-szamlazas-vegrehajtasi-szabalyait-tartalmazo-rendeletmodositas","status":"publish","type":"post","link":"https:\/\/gazdasagportal.hu\/index.php\/megjelent-az-online-szamlazas-vegrehajtasi-szabalyait-tartalmazo-rendeletmodositas\/","title":{"rendered":"Megjelent az online sz\u00e1ml\u00e1z\u00e1s v\u00e9grehajt\u00e1si szab\u00e1lyait tartalmaz\u00f3 rendeletm\u00f3dos\u00edt\u00e1s"},"content":{"rendered":"<p><strong>Megjelent az online sz\u00e1ml\u00e1z\u00e1s v\u00e9grehajt\u00e1si szab\u00e1lyait tartalmaz\u00f3 rendeletm\u00f3dos\u00edt\u00e1s &#8211; jelentette be k\u00f6zlem\u00e9nyben a Nemzetgazdas\u00e1gi Miniszt\u00e9rium p\u00e9ntek \u00e9jjel.<\/strong><!--more--><\/p>\n<div class=\"ads-in-post1\"><div id=\"gazdasagportal.hu_fullbanner_wideboard\"><\/div>\r\n<\/div>\n<p>    A t\u00e1rca eml\u00e9keztet arra, hogy j\u00falius 1-j\u00e9t\u0151l k\u00f6telez\u0151 a sz\u00e1ml\u00e1z\u00f3programok online bek\u00f6t\u00e9se az ad\u00f3hivatalhoz, a legal\u00e1bb 100 ezer forintot el\u00e9r\u0151 \u00e1fa \u00f6sszeget tartalmaz\u00f3 sz\u00e1ml\u00e1kr\u00f3l adatot kell szolg\u00e1ltatni a hivatal fel\u00e9. A sz\u00e1ml\u00e1t ki\u00e1ll\u00edt\u00f3 v\u00e1llalkoz\u00f3n\u00e1l az adatszolg\u00e1ltat\u00e1st a program automatikusan v\u00e9gzi el, ez a v\u00e1llalkoz\u00f3nak semmilyen pluszmunk\u00e1t nem jelent. Az online sz\u00e1ml\u00e1z\u00e1s a csal\u00e1rd c\u00e9gek kisz\u0171r\u00e9s\u00e9vel nemcsak a tisztess\u00e9ges v\u00e1llalkoz\u00f3kat \u00e9s az \u00e1llamkassza bev\u00e9tel\u00e9t v\u00e9di, hanem jelent\u0151sen cs\u00f6kkenti a v\u00e1llalkoz\u00e1sok adminisztr\u00e1ci\u00f3s terheit is &#8211; \u00e1ll az MTI-hez eljuttatott k\u00f6zlem\u00e9nyben.<br \/>\n    A r\u00e9szleteket szab\u00e1lyoz\u00f3 rendeletm\u00f3dos\u00edt\u00e1s az Eur\u00f3pai Bizotts\u00e1g j\u00f3v\u00e1hagy\u00e1s\u00e1t k\u00f6vet\u0151en, most jelent meg a Magyar K\u00f6zl\u00f6nyben. Az \u00fagynevezett m\u0171szaki notifik\u00e1ci\u00f3s elj\u00e1r\u00e1s keret\u00e9ben kiadott enged\u00e9lyre az\u00e9rt volt sz\u00fcks\u00e9g, mert a br\u00fcsszeli bizotts\u00e1g fel\u00fcgyeli, illetve hagyja j\u00f3v\u00e1 a m\u0171szaki tartalm\u00fa nemzeti jogszab\u00e1lytervezeteket.<br \/>\n<div class=\"ads-in-post2\"><script async src=\"https:\/\/pagead2.googlesyndication.com\/pagead\/js\/adsbygoogle.js\"><\/script>\r\n<ins class=\"adsbygoogle\"\r\n     style=\"display:block\"\r\n     data-ad-format=\"fluid\"\r\n     data-ad-layout-key=\"-6t+ed+2i-1n-4w\"\r\n     data-ad-client=\"ca-pub-1959107119989764\"\r\n     data-ad-slot=\"4008251320\"><\/ins>\r\n<script>\r\n     (adsbygoogle = window.adsbygoogle || []).push({});\r\n<\/script><\/div>\n    Az online sz\u00e1ml\u00e1z\u00e1s a sz\u00e1ml\u00e1z\u00f3programot haszn\u00e1l\u00f3 v\u00e1llalkoz\u00e1soknak semmilyen terhet nem jelent, hiszen a program automatikusan k\u00fcldi az adatokat a NAV-ba. A sz\u00e1ml\u00e1z\u00f3programok informatikai \u00e1talak\u00edt\u00e1s\u00e1t fejleszt\u0151k v\u00e9gzik el, amelyhez az ad\u00f3hivatal minden seg\u00edts\u00e9get megad: tavaly \u00f3ta rendszeresek az egyeztet\u00e9sek a NAV szakemberei \u00e9s a fejleszt\u00e9ssel \u00e9rintett piaci szerepl\u0151k k\u00f6z\u00f6tt.<br \/>\n    Az online sz\u00e1ml\u00e1z\u00e1s bevezet\u00e9se a b\u00fcrokr\u00e1ciacs\u00f6kkent\u00e9sben is jelent\u0151s el\u0151rel\u00e9p\u00e9st jelent. A sz\u00e1mla ki\u00e1ll\u00edt\u00f3j\u00e1n\u00e1l ugyanis kiv\u00e1ltja a belf\u00f6ldi \u00f6sszes\u00edt\u0151 jelent\u00e9st, s\u0151t a v\u00e1llalkoz\u00e1sok adatszolg\u00e1ltat\u00e1ssal \u00e9rintett sz\u00e1ml\u00e1i is lek\u00e9rdezhet\u0151ek lesznek. Az online sz\u00e1ml\u00e1z\u00e1s teremti meg az \u00e1fabevall\u00e1sok ad\u00f3hivatali kiaj\u00e1nl\u00e1s\u00e1nak a j\u00f6v\u0151beni lehet\u0151s\u00e9g\u00e9t.<br \/>\n    A k\u00e9zi sz\u00e1ml\u00e1k adatait is tov\u00e1bb\u00edtani kell, de mivel ezt a m\u0171veletet \u00e9rtelemszer\u0171en nem egy program v\u00e9gzi el, \u00e9rdemes az \u00e9rintetteknek \u00e1t\u00e1llni a k\u00e9zzel ki\u00e1ll\u00edtott sz\u00e1mla helyett a sz\u00e1ml\u00e1z\u00f3program haszn\u00e1lat\u00e1ra. Ha a k\u00e9zi sz\u00e1ml\u00e1ban szerepl\u0151 \u00e1fa \u00f6sszege legal\u00e1bb f\u00e9lmilli\u00f3 forint, akkor legk\u00e9s\u0151bb a ki\u00e1ll\u00edt\u00e1s ut\u00e1ni napon, ha enn\u00e9l kevesebb az \u00e1fa \u00f6sszege, akkor pedig a sz\u00e1mla ki\u00e1ll\u00edt\u00e1s\u00e1t\u00f3l sz\u00e1m\u00edtott \u00f6t napon bel\u00fcl kell az adatokat r\u00f6gz\u00edteni az ad\u00f3z\u00f3nak egy erre a c\u00e9lra l\u00e9trehozott weboldalon.<br \/>\n    A nemzetgazdas\u00e1gi t\u00e1rca al\u00e1h\u00fazta: sz\u00e1zmilli\u00e1rdos bev\u00e9telt hoztak eddig az ut\u00f3bbi id\u0151szak feketegazdas\u00e1g elleni int\u00e9zked\u00e9sei. A magyar megold\u00e1sok jelent\u0151s\u00e9g\u00e9t pontosan megmutatja, hogy t\u00f6bb \u00e1llam is tanulm\u00e1nyozta, \u00e9s \u00e1t is vette a hazai online p\u00e9nzt\u00e1rg\u00e9p, illetve a k\u00f6z\u00fati elektronikus ellen\u0151rz\u00e9s rendszer\u00e9t. A j\u00falius 1-j\u00e9n deb\u00fct\u00e1l\u00f3 online sz\u00e1ml\u00e1z\u00e1s pedig egy k\u00f6vetkez\u0151 l\u00e9p\u00e9s a gazdas\u00e1g feh\u00e9r\u00edt\u00e9se \u00e9rdek\u00e9ben &#8211; \u00e1ll a k\u00f6zlem\u00e9nyben.(MTI)<\/p>\n","protected":false},"excerpt":{"rendered":"<p>Megjelent az online sz\u00e1ml\u00e1z\u00e1s v\u00e9grehajt\u00e1si szab\u00e1lyait tartalmaz\u00f3 rendeletm\u00f3dos\u00edt\u00e1s &#8211; jelentette be k\u00f6zlem\u00e9nyben a Nemzetgazdas\u00e1gi Miniszt\u00e9rium p\u00e9ntek \u00e9jjel.<\/p>\n","protected":false},"author":1,"featured_media":0,"comment_status":"closed","ping_status":"open","sticky":false,"template":"","format":"standard","meta":[],"categories":[4,19],"tags":[],"_links":{"self":[{"href":"https:\/\/gazdasagportal.hu\/index.php\/wp-json\/wp\/v2\/posts\/105884"}],"collection":[{"href":"https:\/\/gazdasagportal.hu\/index.php\/wp-json\/wp\/v2\/posts"}],"about":[{"href":"https:\/\/gazdasagportal.hu\/index.php\/wp-json\/wp\/v2\/types\/post"}],"author":[{"embeddable":true,"href":"https:\/\/gazdasagportal.hu\/index.php\/wp-json\/wp\/v2\/users\/1"}],"replies":[{"embeddable":true,"href":"https:\/\/gazdasagportal.hu\/index.php\/wp-json\/wp\/v2\/comments?post=105884"}],"version-history":[{"count":1,"href":"https:\/\/gazdasagportal.hu\/index.php\/wp-json\/wp\/v2\/posts\/105884\/revisions"}],"predecessor-version":[{"id":105885,"href":"https:\/\/gazdasagportal.hu\/index.php\/wp-json\/wp\/v2\/posts\/105884\/revisions\/105885"}],"wp:attachment":[{"href":"https:\/\/gazdasagportal.hu\/index.php\/wp-json\/wp\/v2\/media?parent=105884"}],"wp:term":[{"taxonomy":"category","embeddable":true,"href":"https:\/\/gazdasagportal.hu\/index.php\/wp-json\/wp\/v2\/categories?post=105884"},{"taxonomy":"post_tag","embeddable":true,"href":"https:\/\/gazdasagportal.hu\/index.php\/wp-json\/wp\/v2\/tags?post=105884"}],"curies":[{"name":"wp","href":"https:\/\/api.w.org\/{rel}","templated":true}]}}