{"id":105816,"date":"2018-05-31T04:44:06","date_gmt":"2018-05-31T02:44:06","guid":{"rendered":"http:\/\/gazdasagportal.hu\/?p=105816"},"modified":"2018-05-30T20:45:06","modified_gmt":"2018-05-30T18:45:06","slug":"szelsoseges-volt-az-idojaras-majusban-nemetorszagban","status":"publish","type":"post","link":"https:\/\/gazdasagportal.hu\/index.php\/szelsoseges-volt-az-idojaras-majusban-nemetorszagban\/","title":{"rendered":"Sz\u00e9ls\u0151s\u00e9ges volt az id\u0151j\u00e1r\u00e1s m\u00e1jusban N\u00e9metorsz\u00e1gban"},"content":{"rendered":"<p><strong>Sz\u00e9ls\u0151s\u00e9gesen meleg \u00e9s napos, \u00e9s sokhely\u00fctt rendk\u00edv\u00fcl sz\u00e1raz volt az id\u0151j\u00e1r\u00e1s m\u00e1jusban N\u00e9metorsz\u00e1gban a sz\u00f6vets\u00e9gi meteorol\u00f3giai szolg\u00e1lat (DWD) szerd\u00e1n k\u00f6z\u00f6lt havi \u00f6sszes\u00edt\u00e9se szerint.<\/strong><!--more--><\/p>\n<div class=\"ads-in-post1\"><div id=\"gazdasagportal.hu_fullbanner_wideboard\"><\/div>\r\n<\/div>\n<p>    Az \u00e1tlagh\u0151m\u00e9rs\u00e9klet 16 Celsius-fok volt, ami 3,9 fokkal magasabb a m\u00e1jusban megszokottn\u00e1l. A legt\u00f6bb m\u00e9r\u0151\u00e1llom\u00e1son melegrekordot regisztr\u00e1ltak, holott a h\u00f3nap hideg id\u0151vel kezd\u0151d\u00f6tt, az als\u00f3-sz\u00e1szorsz\u00e1gi Fassbergn\u00e9l m\u00e1jus 2-\u00e1n m\u00ednusz 3,8 Celsius-fokot m\u00e9rtek. A t\u00e9lies id\u0151j\u00e1r\u00e1st hamar ny\u00e1ri meleg v\u00e1ltotta, az ugyancsak als\u00f3-sz\u00e1szorsz\u00e1gi Lingenn\u00e9l m\u00e1r m\u00e1jus 9-\u00e9n 30 Celsius-fokot m\u00e9rtek, a h\u00f3nap v\u00e9g\u00e9n pedig orsz\u00e1gos cs\u00facsot, 34,2 fokos h\u0151s\u00e9get.<br \/>\n    A havi csapad\u00e9kmennyis\u00e9g orsz\u00e1gos \u00e1tlagban n\u00e9gyzetm\u00e9terenk\u00e9nt 50 liter volt, ami 28 sz\u00e1zal\u00e9kkal elmarad a m\u00e1jusban szok\u00e1sos 71 litert\u0151l. Az \u00e1tlag kiugr\u00f3an nagy region\u00e1lis elt\u00e9r\u00e9seket takar, az orsz\u00e1g \u00e9szakkeleti r\u00e9sz\u00e9n, p\u00e9ld\u00e1ul Berlinben szinte eg\u00e9sz m\u00e1jusban nem esett, helyenk\u00e9nt 5 litern\u00e9l is kevesebb csapad\u00e9k hullott n\u00e9gyzetm\u00e9terenk\u00e9nt. A nyugati \u00e9s d\u00e9li ter\u00fcleteket viszont gyakran s\u00fajtott\u00e1k viharok \u00e9s a hirtelen lez\u00fadul\u00f3 nagy mennyis\u00e9g\u0171 csapad\u00e9k miatt keletkez\u0151 vill\u00e1m\u00e1rvizek.<br \/>\n<div class=\"ads-in-post2\"><script async src=\"https:\/\/pagead2.googlesyndication.com\/pagead\/js\/adsbygoogle.js\"><\/script>\r\n<ins class=\"adsbygoogle\"\r\n     style=\"display:block\"\r\n     data-ad-format=\"fluid\"\r\n     data-ad-layout-key=\"-6t+ed+2i-1n-4w\"\r\n     data-ad-client=\"ca-pub-1959107119989764\"\r\n     data-ad-slot=\"4008251320\"><\/ins>\r\n<script>\r\n     (adsbygoogle = window.adsbygoogle || []).push({});\r\n<\/script><\/div>\n    \u00cdgy p\u00e9ld\u00e1ul a Bad Elster-Sohl nev\u0171 sz\u00e1szorsz\u00e1gi telep\u00fcl\u00e9sen m\u00e1jus 24-\u00e9n n\u00e9gyzetm\u00e9terenk\u00e9nt 151,8 liter csapad\u00e9k hullott, a bajororsz\u00e1gi Ginolfsban m\u00e1jus 10-\u00e9n f\u00e9l m\u00e9ter magas r\u00e9teg keletkezett j\u00e9gszemekb\u0151l a k\u00f6zs\u00e9gre lecsap\u00f3 j\u00e9ges\u0151ben, a holland hat\u00e1rn\u00e1l fekv\u0151 Viersenn\u00e9l pedig m\u00e1jus 16-\u00e1n a torn\u00e1d\u00f3 kateg\u00f3ri\u00e1ba tartoz\u00f3, \u00f3r\u00e1nk\u00e9nti 181 kilom\u00e9tert meghalad\u00f3 sebess\u00e9g\u0171 sz\u00e9lvihar puszt\u00edtott.<br \/>\n    A naps\u00fct\u00e9ses \u00f3r\u00e1k sz\u00e1ma 275 volt, ami a m\u00e1jusban szok\u00e1sos 196 \u00f3ra nagyj\u00e1b\u00f3l 140 sz\u00e1zal\u00e9ka. A rendszeres adatfelv\u00e9tel 1951-es kezdete \u00f3ta csak n\u00e9gyszer volt hasonl\u00f3an napos m\u00e1jus N\u00e9metorsz\u00e1gban. F\u0151leg az orsz\u00e1g \u00e9szakkeleti r\u00e9sz\u00e9n, a Balti-tenger partvid\u00e9k\u00e9n volt napos az id\u0151, ott t\u00f6bb mint 370 \u00f3r\u00e1n \u00e1t volt naps\u00fct\u00e9s. A legkev\u00e9sb\u00e9 napos r\u00e9gi\u00f3, az orsz\u00e1g d\u00e9lnyugati r\u00e9sz\u00e9n fekv\u0151 Fekete-erd\u0151 \u00e9s az Allg\u00e4u-vid\u00e9k t\u00e9rs\u00e9ge sem nagyon maradt el a sok\u00e9vi \u00e1tlagt\u00f3l, ott helyenk\u00e9nt 180 alatt volt a naps\u00fct\u00e9ses \u00f3r\u00e1k sz\u00e1ma.(MTI)<\/p>\n","protected":false},"excerpt":{"rendered":"<p>Sz\u00e9ls\u0151s\u00e9gesen meleg \u00e9s napos, \u00e9s sokhely\u00fctt rendk\u00edv\u00fcl sz\u00e1raz volt az id\u0151j\u00e1r\u00e1s m\u00e1jusban N\u00e9metorsz\u00e1gban a sz\u00f6vets\u00e9gi meteorol\u00f3giai szolg\u00e1lat (DWD) szerd\u00e1n k\u00f6z\u00f6lt havi \u00f6sszes\u00edt\u00e9se szerint.<\/p>\n","protected":false},"author":1,"featured_media":0,"comment_status":"closed","ping_status":"open","sticky":false,"template":"","format":"standard","meta":[],"categories":[12],"tags":[],"_links":{"self":[{"href":"https:\/\/gazdasagportal.hu\/index.php\/wp-json\/wp\/v2\/posts\/105816"}],"collection":[{"href":"https:\/\/gazdasagportal.hu\/index.php\/wp-json\/wp\/v2\/posts"}],"about":[{"href":"https:\/\/gazdasagportal.hu\/index.php\/wp-json\/wp\/v2\/types\/post"}],"author":[{"embeddable":true,"href":"https:\/\/gazdasagportal.hu\/index.php\/wp-json\/wp\/v2\/users\/1"}],"replies":[{"embeddable":true,"href":"https:\/\/gazdasagportal.hu\/index.php\/wp-json\/wp\/v2\/comments?post=105816"}],"version-history":[{"count":1,"href":"https:\/\/gazdasagportal.hu\/index.php\/wp-json\/wp\/v2\/posts\/105816\/revisions"}],"predecessor-version":[{"id":105817,"href":"https:\/\/gazdasagportal.hu\/index.php\/wp-json\/wp\/v2\/posts\/105816\/revisions\/105817"}],"wp:attachment":[{"href":"https:\/\/gazdasagportal.hu\/index.php\/wp-json\/wp\/v2\/media?parent=105816"}],"wp:term":[{"taxonomy":"category","embeddable":true,"href":"https:\/\/gazdasagportal.hu\/index.php\/wp-json\/wp\/v2\/categories?post=105816"},{"taxonomy":"post_tag","embeddable":true,"href":"https:\/\/gazdasagportal.hu\/index.php\/wp-json\/wp\/v2\/tags?post=105816"}],"curies":[{"name":"wp","href":"https:\/\/api.w.org\/{rel}","templated":true}]}}