{"id":105814,"date":"2018-05-30T18:18:34","date_gmt":"2018-05-30T16:18:34","guid":{"rendered":"http:\/\/gazdasagportal.hu\/?p=105814"},"modified":"2018-05-30T17:28:17","modified_gmt":"2018-05-30T15:28:17","slug":"a-vartnal-kevesbe-bovult-a-foglalkoztatas-majusban-az-egyesult-allamokban","status":"publish","type":"post","link":"https:\/\/gazdasagportal.hu\/index.php\/a-vartnal-kevesbe-bovult-a-foglalkoztatas-majusban-az-egyesult-allamokban\/","title":{"rendered":"A v\u00e1rtn\u00e1l kev\u00e9sb\u00e9 b\u0151v\u00fclt a foglalkoztat\u00e1s m\u00e1jusban az Egyes\u00fclt \u00c1llamokban"},"content":{"rendered":"<p><strong>Stabilan, de a v\u00e1rtn\u00e1l kisebb m\u00e9rt\u00e9kben n\u0151tt a foglalkoztat\u00e1s m\u00e1jusban az Egyes\u00fclt \u00c1llamokban &#8211; der\u00fclt ki az ADP munka\u00fcgyi adatfeldolgoz\u00f3 int\u00e9zet szerd\u00e1n k\u00f6zz\u00e9tett adataib\u00f3l.<\/strong><!--more--><\/p>\n<div class=\"ads-in-post1\"><div id=\"gazdasagportal.hu_fullbanner_wideboard\"><\/div>\r\n<\/div>\n<p>    A hum\u00e1ner\u0151forr\u00e1s-gazd\u00e1lkod\u00e1si, b\u00e9rgazd\u00e1lkod\u00e1si \u00e9s ad\u00f3z\u00e1si szolg\u00e1ltat\u00e1sokat ny\u00fajt\u00f3 int\u00e9zet (Automatic Data Processing\/ADP) kimutat\u00e1sa szerint az \u00e9v \u00f6t\u00f6dik h\u00f3napj\u00e1ban 178 ezerrel &#8211; a t\u00e9li h\u00f3napok \u00e1tlag\u00e1n\u00e1l kisebb m\u00e9rt\u00e9kben &#8211; emelkedett a mag\u00e1nszektor nem mez\u0151gazdas\u00e1gi \u00e1gazataiban foglalkoztatottak sz\u00e1ma.<br \/>\n    Piaci elemz\u0151k enn\u00e9l nagyobb \u00e9rt\u00e9ket, 190 ezres n\u00f6veked\u00e9st v\u00e1rtak m\u00e1jusra. Az \u00e1prilisra k\u00f6z\u00f6lte 204 ezres n\u00f6veked\u00e9st lefel\u00e9, 163 ezerre m\u00f3dos\u00edtotta az ADP a fel\u00fclvizsg\u00e1lat ut\u00e1n.<br \/>\n<div class=\"ads-in-post2\"><script async src=\"https:\/\/pagead2.googlesyndication.com\/pagead\/js\/adsbygoogle.js\"><\/script>\r\n<ins class=\"adsbygoogle\"\r\n     style=\"display:block\"\r\n     data-ad-format=\"fluid\"\r\n     data-ad-layout-key=\"-6t+ed+2i-1n-4w\"\r\n     data-ad-client=\"ca-pub-1959107119989764\"\r\n     data-ad-slot=\"4008251320\"><\/ins>\r\n<script>\r\n     (adsbygoogle = window.adsbygoogle || []).push({});\r\n<\/script><\/div>\n    M\u00e1jusban a legfeljebb 49 alkalmazottat foglalkoztat\u00f3 kisv\u00e1llalatokn\u00e1l 38 ezerrel, az 50-499 alkalmazottat foglalkoztat\u00f3 k\u00f6z\u00e9pv\u00e1llalatokn\u00e1l 84 ezerrel, a nagyv\u00e1llalatokn\u00e1l pedig 56 ezerrel emelkedett a munkahelyek sz\u00e1ma.<br \/>\n    A n\u00f6veked\u00e9s k\u00f6zel k\u00e9tharmada jutott a szolg\u00e1ltat\u00f3ipari szektorra (114 ezer), az \u00e1rutermel\u00e9sben pedig 64 ezerrel emelkedett a foglalkoztatottak sz\u00e1ma. A feldolgoz\u00f3iparban 14 ezerrel, az \u00e9p\u00edt\u0151iparban 39 ezerrel, a nyersanyagipar-b\u00e1ny\u00e1szatban pedig 11 ezerrel n\u0151tt a l\u00e9tsz\u00e1m.<br \/>\n    A sz\u00e1mok azt mutatj\u00e1k, hogy a v\u00e1llalatok eg\u00e9szs\u00e9ges \u00fctemben b\u0151v\u00edtik munkav\u00e1llal\u00f3ik sz\u00e1m\u00e1t, de a munkan\u00e9lk\u00fcliek sz\u00e1m\u00e1nak cs\u00f6kken\u00e9se miatt nehezebb megfelel\u0151 jel\u00f6lteket tal\u00e1lni a bet\u00f6ltend\u0151 \u00e1ll\u00e1sokra, \u00edgy tov\u00e1bb m\u00e9rs\u00e9kl\u0151dhet a foglalkoztatottak sz\u00e1m\u00e1nak n\u00f6veked\u00e9se.<br \/>\n    Az amerikai munka\u00fcgyi miniszt\u00e9rium statisztikai hivatala p\u00e9nteken k\u00f6zli a gazdas\u00e1g eg\u00e9sz\u00e9re vonatkoz\u00f3 m\u00e1jusi munkaer\u0151-piaci adatait. Elemz\u0151k 185 ezres n\u00f6veked\u00e9st v\u00e1rnak az \u00e1prilisi 164 ezres emelked\u00e9s ut\u00e1n.(MTI)<\/p>\n","protected":false},"excerpt":{"rendered":"<p>Stabilan, de a v\u00e1rtn\u00e1l kisebb m\u00e9rt\u00e9kben n\u0151tt a foglalkoztat\u00e1s m\u00e1jusban az Egyes\u00fclt \u00c1llamokban &#8211; der\u00fclt ki az ADP munka\u00fcgyi adatfeldolgoz\u00f3 int\u00e9zet szerd\u00e1n k\u00f6zz\u00e9tett adataib\u00f3l.<\/p>\n","protected":false},"author":1,"featured_media":0,"comment_status":"closed","ping_status":"open","sticky":false,"template":"","format":"standard","meta":[],"categories":[246],"tags":[],"_links":{"self":[{"href":"https:\/\/gazdasagportal.hu\/index.php\/wp-json\/wp\/v2\/posts\/105814"}],"collection":[{"href":"https:\/\/gazdasagportal.hu\/index.php\/wp-json\/wp\/v2\/posts"}],"about":[{"href":"https:\/\/gazdasagportal.hu\/index.php\/wp-json\/wp\/v2\/types\/post"}],"author":[{"embeddable":true,"href":"https:\/\/gazdasagportal.hu\/index.php\/wp-json\/wp\/v2\/users\/1"}],"replies":[{"embeddable":true,"href":"https:\/\/gazdasagportal.hu\/index.php\/wp-json\/wp\/v2\/comments?post=105814"}],"version-history":[{"count":1,"href":"https:\/\/gazdasagportal.hu\/index.php\/wp-json\/wp\/v2\/posts\/105814\/revisions"}],"predecessor-version":[{"id":105815,"href":"https:\/\/gazdasagportal.hu\/index.php\/wp-json\/wp\/v2\/posts\/105814\/revisions\/105815"}],"wp:attachment":[{"href":"https:\/\/gazdasagportal.hu\/index.php\/wp-json\/wp\/v2\/media?parent=105814"}],"wp:term":[{"taxonomy":"category","embeddable":true,"href":"https:\/\/gazdasagportal.hu\/index.php\/wp-json\/wp\/v2\/categories?post=105814"},{"taxonomy":"post_tag","embeddable":true,"href":"https:\/\/gazdasagportal.hu\/index.php\/wp-json\/wp\/v2\/tags?post=105814"}],"curies":[{"name":"wp","href":"https:\/\/api.w.org\/{rel}","templated":true}]}}