{"id":105806,"date":"2018-05-30T14:55:15","date_gmt":"2018-05-30T12:55:15","guid":{"rendered":"http:\/\/gazdasagportal.hu\/?p=105806"},"modified":"2018-05-30T14:55:15","modified_gmt":"2018-05-30T12:55:15","slug":"nem-lesznek-gyarbezarasok-es-elbocsatasok-az-opelnel-nemetorszagban","status":"publish","type":"post","link":"https:\/\/gazdasagportal.hu\/index.php\/nem-lesznek-gyarbezarasok-es-elbocsatasok-az-opelnel-nemetorszagban\/","title":{"rendered":"Nem lesznek gy\u00e1rbez\u00e1r\u00e1sok \u00e9s elbocs\u00e1t\u00e1sok az Opeln\u00e9l N\u00e9metorsz\u00e1gban"},"content":{"rendered":"<p><strong>Nem z\u00e1rnak be \u00fczemeket \u00e9s nem bocs\u00e1tanak el alkalmazottakat az Opeln\u00e9l N\u00e9metorsz\u00e1gban &#8211; k\u00f6z\u00f6lte szerd\u00e1n az IG Metall n\u00e9met szakszervezet az aut\u00f3gy\u00e1rt\u00f3 t\u00e1rsas\u00e1g francia tulajdonos\u00e1val, a PSA csoporttal k\u00f6t\u00f6tt meg\u00e1llapod\u00e1s alapj\u00e1n.<\/strong><!--more--><\/p>\n<div class=\"ads-in-post1\"><div id=\"gazdasagportal.hu_fullbanner_wideboard\"><\/div>\r\n<\/div>\n<p>    A tulajdonos, az \u00fczemi tan\u00e1cs \u00e9s a dolgoz\u00f3k \u00e9rdekk\u00e9pviselet\u00e9nek meg\u00e1llapod\u00e1sa szerint a vesztes\u00e9ges c\u00e9g mintegy 19 500 munkav\u00e1llal\u00f3ja k\u00f6z\u00fcl legfeljebb 3700 t\u00e1vozik, valamennyien \u00f6nk\u00e9ntes alapon, \u00e9s a munkaad\u00f3 v\u00e1llalja, hogy 2023 nyar\u00e1ig nem bocs\u00e1t el m\u00e1sokat.<br \/>\n    A menedzsmenttel t\u00f6bb h\u00e9tig folytatott egyeztet\u00e9s v\u00e9g\u00e9n azt is r\u00f6gz\u00edtett\u00e9k, hogy valamennyi \u00fczemben v\u00e9grehajtanak a termel\u00e9st \u00e9s a foglalkoztat\u00e1st biztos\u00edt\u00f3 beruh\u00e1z\u00e1sokat.<br \/>\n    Az Opel k\u00f6zlem\u00e9nye szerint a beruh\u00e1z\u00e1sok r\u00e9v\u00e9n az eisenachi \u00fczemben gy\u00e1rtj\u00e1k a Grandland X v\u00e1rosi terepj\u00e1r\u00f3t 2019 k\u00f6zep\u00e9t\u0151l, \u00e9s 2020-t\u00f3l a  hibrid meghajt\u00e1s\u00fa v\u00e1ltozatot is. A r\u00fcsselsheimi kutat\u00e1s-fejleszt\u00e9si k\u00f6zpontnak is fontos szerepe lesz a PSA glob\u00e1lis h\u00e1l\u00f3zat\u00e1ban, onnan ir\u00e1ny\u00edtj\u00e1k majd az EP jelz\u00e9s\u0171 motorcsal\u00e1d \u00faj gener\u00e1ci\u00f3j\u00e1nak fejleszt\u00e9s\u00e9t, \u00e9s valamennyi eur\u00f3pai forgalmaz\u00e1sra sz\u00e1nt \u00faj Opel modell fejleszt\u00e9s\u00e9t.<br \/>\n<div class=\"ads-in-post2\"><script async src=\"https:\/\/pagead2.googlesyndication.com\/pagead\/js\/adsbygoogle.js\"><\/script>\r\n<ins class=\"adsbygoogle\"\r\n     style=\"display:block\"\r\n     data-ad-format=\"fluid\"\r\n     data-ad-layout-key=\"-6t+ed+2i-1n-4w\"\r\n     data-ad-client=\"ca-pub-1959107119989764\"\r\n     data-ad-slot=\"4008251320\"><\/ins>\r\n<script>\r\n     (adsbygoogle = window.adsbygoogle || []).push({});\r\n<\/script><\/div>\n    A t\u00e1rsas\u00e1g a le\u00e9p\u00edt\u00e9sekkel kapcsolatban hozz\u00e1tette, hogy a 3700 f\u0151s keretet m\u00e1r majdnem bet\u00f6lt\u00f6tt\u00e9k, 3500 dolgoz\u00f3val egyeztek meg az \u00f6nk\u00e9ntes t\u00e1voz\u00e1sr\u00f3l.<br \/>\n    A Szentgotth\u00e1rdon motorgy\u00e1rat m\u0171k\u00f6dtet\u0151 Opel legut\u00f3bb 1999-ben \u00e9rt el nyeres\u00e9get. A v\u00e1llalatot tavaly v\u00e1s\u00e1rolta meg a PSA az amerikai General Motorst\u00f3l. A francia csoporthoz tartozik a Citroen, a Peugeot \u00e9s a DC, valamint az Opel \u00e9s brit testv\u00e9rm\u00e1rk\u00e1ja, a Vauxhall.<br \/>\n    A c\u00e9gcsoport bev\u00e9tele tavaly 65,21 milli\u00e1rd eur\u00f3 (20 867,2 milli\u00e1rd forint) volt, ami 20,7 sz\u00e1zal\u00e9kos n\u00f6veked\u00e9s az egy \u00e9vvel kor\u00e1bbi 54,03 milli\u00e1rd eur\u00f3hoz k\u00e9pest. Az ad\u00f3zott eredm\u00e9ny 1,929 milli\u00e1rd eur\u00f3ra n\u0151tt a 2016. \u00e9vi 1,730 milli\u00e1rd eur\u00f3r\u00f3l.<br \/>\n    A PSA tavaly 3,63 milli\u00f3 j\u00e1rm\u0171vet adott el, ami 15,4 sz\u00e1zal\u00e9kos n\u00f6veked\u00e9s az egy \u00e9vvel kor\u00e1bbihoz k\u00e9pest. Ezen bel\u00fcl az Opel \u00e9s a Vauxhall m\u00e1rk\u00e1j\u00fa gy\u00e1rtm\u00e1nyokb\u00f3l 1,09 milli\u00f3 darabot \u00e9rt\u00e9kes\u00edtettek, ami csaknem 6 sz\u00e1zal\u00e9kos cs\u00f6kken\u00e9s. A t\u00e1rsas\u00e1g 2018-ra fordulatot v\u00e1r, f\u0151leg az Insignia \u00faj v\u00e1ltozat\u00e1t\u00f3l, a Grandlandt\u00f3l \u00e9s egy m\u00e1sik v\u00e1rosi terepj\u00e1r\u00f3t\u00f3l, a Crosslandt\u00f3l rem\u00e9li az elad\u00e1sok n\u00f6veked\u00e9s\u00e9t.(MTI)<\/p>\n","protected":false},"excerpt":{"rendered":"<p>Nem z\u00e1rnak be \u00fczemeket \u00e9s nem bocs\u00e1tanak el alkalmazottakat az Opeln\u00e9l N\u00e9metorsz\u00e1gban &#8211; k\u00f6z\u00f6lte szerd\u00e1n az IG Metall n\u00e9met szakszervezet az aut\u00f3gy\u00e1rt\u00f3 t\u00e1rsas\u00e1g francia tulajdonos\u00e1val, a PSA csoporttal k\u00f6t\u00f6tt meg\u00e1llapod\u00e1s alapj\u00e1n.<\/p>\n","protected":false},"author":1,"featured_media":0,"comment_status":"closed","ping_status":"open","sticky":false,"template":"","format":"standard","meta":[],"categories":[246],"tags":[],"_links":{"self":[{"href":"https:\/\/gazdasagportal.hu\/index.php\/wp-json\/wp\/v2\/posts\/105806"}],"collection":[{"href":"https:\/\/gazdasagportal.hu\/index.php\/wp-json\/wp\/v2\/posts"}],"about":[{"href":"https:\/\/gazdasagportal.hu\/index.php\/wp-json\/wp\/v2\/types\/post"}],"author":[{"embeddable":true,"href":"https:\/\/gazdasagportal.hu\/index.php\/wp-json\/wp\/v2\/users\/1"}],"replies":[{"embeddable":true,"href":"https:\/\/gazdasagportal.hu\/index.php\/wp-json\/wp\/v2\/comments?post=105806"}],"version-history":[{"count":1,"href":"https:\/\/gazdasagportal.hu\/index.php\/wp-json\/wp\/v2\/posts\/105806\/revisions"}],"predecessor-version":[{"id":105807,"href":"https:\/\/gazdasagportal.hu\/index.php\/wp-json\/wp\/v2\/posts\/105806\/revisions\/105807"}],"wp:attachment":[{"href":"https:\/\/gazdasagportal.hu\/index.php\/wp-json\/wp\/v2\/media?parent=105806"}],"wp:term":[{"taxonomy":"category","embeddable":true,"href":"https:\/\/gazdasagportal.hu\/index.php\/wp-json\/wp\/v2\/categories?post=105806"},{"taxonomy":"post_tag","embeddable":true,"href":"https:\/\/gazdasagportal.hu\/index.php\/wp-json\/wp\/v2\/tags?post=105806"}],"curies":[{"name":"wp","href":"https:\/\/api.w.org\/{rel}","templated":true}]}}