{"id":105804,"date":"2018-05-30T14:24:15","date_gmt":"2018-05-30T12:24:15","guid":{"rendered":"http:\/\/gazdasagportal.hu\/?p=105804"},"modified":"2018-05-30T14:24:15","modified_gmt":"2018-05-30T12:24:15","slug":"szijjarto-magyarorszag-nem-csatlakozik-az-egyesult-allamokat-hiszterikusan-biralo-europai-korushoz","status":"publish","type":"post","link":"https:\/\/gazdasagportal.hu\/index.php\/szijjarto-magyarorszag-nem-csatlakozik-az-egyesult-allamokat-hiszterikusan-biralo-europai-korushoz\/","title":{"rendered":"Szijj\u00e1rt\u00f3: Magyarorsz\u00e1g nem csatlakozik az Egyes\u00fclt \u00c1llamokat hiszt\u00e9rikusan b\u00edr\u00e1l\u00f3 eur\u00f3pai k\u00f3rushoz"},"content":{"rendered":"<p><strong>A mai hivatalos washingtoni l\u00e1togat\u00e1ssal \u00e9s az amerikai k\u00fcl\u00fcgyminiszterrel folytatott megbesz\u00e9l\u00e9ssel meger\u0151s\u00edtj\u00fck, hogy &#8222;Magyarorsz\u00e1g nem k\u00edv\u00e1n az Egyes\u00fclt \u00c1llamokat hiszt\u00e9rikusan b\u00edr\u00e1l\u00f3 eur\u00f3pai k\u00f3rus tagj\u00e1v\u00e1 v\u00e1lni&#8221; &#8211; mondta Szijj\u00e1rt\u00f3 P\u00e9ter k\u00fclgazdas\u00e1gi \u00e9s k\u00fcl\u00fcgyminiszter szerd\u00e1n Washingtonban az MTI-nek, miel\u0151tt amerikai koll\u00e9g\u00e1j\u00e1val tal\u00e1lkozott.<\/strong><!--more--><\/p>\n<div class=\"ads-in-post1\"><div id=\"gazdasagportal.hu_fullbanner_wideboard\"><\/div>\r\n<\/div>\n<p>    A t\u00e1rcavezet\u0151 kijelentette: Magyarorsz\u00e1g mindig is tart\u00f3zkodott att\u00f3l, hogy kritiz\u00e1lja az Egyes\u00fclt \u00c1llamok k\u00fclpolitikai d\u00f6nt\u00e9seit.<br \/>\n    &#8222;Mindig tiszteletben tartjuk m\u00e1s orsz\u00e1gok szuver\u00e9n k\u00fclpolitikai d\u00f6nt\u00e9seit, \u00e9s az az elv\u00e1r\u00e1sunk, hogy m\u00e1sok is \u00edgy cselekedjenek vel\u00fcnk szemben&#8221; &#8211; fogalmazott.<br \/>\n    Szijj\u00e1rt\u00f3 P\u00e9ter k\u00f6z\u00f6lte: a mai l\u00e1togat\u00e1ssal azt is szeretn\u00e9k meger\u0151s\u00edteni, hogy a k\u00e9t korm\u00e1nyzat politikai megk\u00f6zel\u00edt\u00e9sei k\u00f6z\u00f6tt nagyon komoly hasonl\u00f3s\u00e1gok vannak.<br \/>\n<div class=\"ads-in-post2\"><script async src=\"https:\/\/pagead2.googlesyndication.com\/pagead\/js\/adsbygoogle.js\"><\/script>\r\n<ins class=\"adsbygoogle\"\r\n     style=\"display:block\"\r\n     data-ad-format=\"fluid\"\r\n     data-ad-layout-key=\"-6t+ed+2i-1n-4w\"\r\n     data-ad-client=\"ca-pub-1959107119989764\"\r\n     data-ad-slot=\"4008251320\"><\/ins>\r\n<script>\r\n     (adsbygoogle = window.adsbygoogle || []).push({});\r\n<\/script><\/div>\n    Mind az amerikai adminisztr\u00e1ci\u00f3, mind a magyar korm\u00e1ny a saj\u00e1t polg\u00e1rai biztons\u00e1g\u00e1t els\u0151dleges k\u00e9rd\u00e9snek tekinti, &#8222;mindk\u00e9t korm\u00e1ny vil\u00e1goss\u00e1 tette, hogy nem k\u00e9r az illeg\u00e1lis migr\u00e1ci\u00f3b\u00f3l, \u00e9s egym\u00e1s szoros partnerei vagyunk a glob\u00e1lis terrorellenes k\u00fczdelemben&#8221; &#8211; mondta.<br \/>\n    Hozz\u00e1tette: emellett egy\u00fcttm\u0171k\u00f6dnek az ENSZ megreform\u00e1l\u00e1s\u00e1ban, valamint azon, hogy &#8222;Izraellel szemben a nemzetk\u00f6zi meg\u00edt\u00e9l\u00e9s kiegyens\u00falyozott, fair \u00e9s tisztess\u00e9ges legyen&#8221;.<br \/>\n    A k\u00fcl\u00fcgyminiszter arra is kit\u00e9rt, hogy mind az amerikai adminisztr\u00e1ci\u00f3, mind a magyar korm\u00e1ny megv\u00e9di a zsid\u00f3-kereszt\u00e9ny \u00e9rt\u00e9keket \u00e9s \u00f6r\u00f6ks\u00e9get.<br \/>\n(MTI)<\/p>\n","protected":false},"excerpt":{"rendered":"<p>A mai hivatalos washingtoni l\u00e1togat\u00e1ssal \u00e9s az amerikai k\u00fcl\u00fcgyminiszterrel folytatott megbesz\u00e9l\u00e9ssel meger\u0151s\u00edtj\u00fck, hogy &#8222;Magyarorsz\u00e1g nem k\u00edv\u00e1n az Egyes\u00fclt \u00c1llamokat hiszt\u00e9rikusan b\u00edr\u00e1l\u00f3 eur\u00f3pai k\u00f3rus tagj\u00e1v\u00e1 v\u00e1lni&#8221; &#8211; mondta Szijj\u00e1rt\u00f3 P\u00e9ter k\u00fclgazdas\u00e1gi \u00e9s k\u00fcl\u00fcgyminiszter szerd\u00e1n Washingtonban az MTI-nek, miel\u0151tt amerikai koll\u00e9g\u00e1j\u00e1val tal\u00e1lkozott.<\/p>\n","protected":false},"author":1,"featured_media":0,"comment_status":"closed","ping_status":"open","sticky":false,"template":"","format":"standard","meta":[],"categories":[4],"tags":[],"_links":{"self":[{"href":"https:\/\/gazdasagportal.hu\/index.php\/wp-json\/wp\/v2\/posts\/105804"}],"collection":[{"href":"https:\/\/gazdasagportal.hu\/index.php\/wp-json\/wp\/v2\/posts"}],"about":[{"href":"https:\/\/gazdasagportal.hu\/index.php\/wp-json\/wp\/v2\/types\/post"}],"author":[{"embeddable":true,"href":"https:\/\/gazdasagportal.hu\/index.php\/wp-json\/wp\/v2\/users\/1"}],"replies":[{"embeddable":true,"href":"https:\/\/gazdasagportal.hu\/index.php\/wp-json\/wp\/v2\/comments?post=105804"}],"version-history":[{"count":1,"href":"https:\/\/gazdasagportal.hu\/index.php\/wp-json\/wp\/v2\/posts\/105804\/revisions"}],"predecessor-version":[{"id":105805,"href":"https:\/\/gazdasagportal.hu\/index.php\/wp-json\/wp\/v2\/posts\/105804\/revisions\/105805"}],"wp:attachment":[{"href":"https:\/\/gazdasagportal.hu\/index.php\/wp-json\/wp\/v2\/media?parent=105804"}],"wp:term":[{"taxonomy":"category","embeddable":true,"href":"https:\/\/gazdasagportal.hu\/index.php\/wp-json\/wp\/v2\/categories?post=105804"},{"taxonomy":"post_tag","embeddable":true,"href":"https:\/\/gazdasagportal.hu\/index.php\/wp-json\/wp\/v2\/tags?post=105804"}],"curies":[{"name":"wp","href":"https:\/\/api.w.org\/{rel}","templated":true}]}}