{"id":105802,"date":"2018-05-30T13:36:58","date_gmt":"2018-05-30T11:36:58","guid":{"rendered":"http:\/\/gazdasagportal.hu\/?p=105802"},"modified":"2018-05-30T13:36:58","modified_gmt":"2018-05-30T11:36:58","slug":"uj-parkolasi-fizetoovezetek-lesznek-a-xi-es-a-xiv-keruletben","status":"publish","type":"post","link":"https:\/\/gazdasagportal.hu\/index.php\/uj-parkolasi-fizetoovezetek-lesznek-a-xi-es-a-xiv-keruletben\/","title":{"rendered":"\u00daj parkol\u00e1si fizet\u0151\u00f6vezetek lesznek a XI. \u00e9s a XIV. ker\u00fcletben"},"content":{"rendered":"<p><strong>\u00daj parkol\u00e1si fizet\u0151\u00f6vezeteket alak\u00edtanak ki \u00dajbud\u00e1n \u00e9s Zugl\u00f3ban. Az V. ker\u00fclet nagy r\u00e9sz\u00e9n \u00f3r\u00e1nk\u00e9nt 525 forintra emelkedik a v\u00e1rakoz\u00e1si d\u00edj, m\u00edg az \u00e1llatkertn\u00e9l cs\u00f6kkennek a parkol\u00e1si d\u00edjak.<\/strong><!--more--><\/p>\n<div class=\"ads-in-post1\"><div id=\"gazdasagportal.hu_fullbanner_wideboard\"><\/div>\r\n<\/div>\n<p>    A k\u00e9pvisel\u0151k 25 igennel, 2 nem szavazat ellen\u00e9ben d\u00f6nt\u00f6ttek a parkol\u00e1st is szab\u00e1lyoz\u00f3 f\u0151v\u00e1rosi k\u00f6zgy\u0171l\u00e9si rendelet m\u00f3dos\u00edt\u00e1s\u00e1r\u00f3l szerd\u00e1n.<br \/>\n    A test\u00fclet az \u00fajbudai \u00f6nkorm\u00e1nyzat &#8211; a ker\u00fcleti parkol\u00e1si neh\u00e9zs\u00e9gek enyh\u00edt\u00e9s\u00e9t c\u00e9lz\u00f3 &#8211; javaslat\u00e1ra m\u00f3dos\u00edtotta a XI. ker\u00fcleti parkol\u00e1si szab\u00e1lyoz\u00e1st, amelynek alapj\u00e1n v\u00e1rakoz\u00e1si \u00f6vezetbe vonj\u00e1k az Egry J\u00f3zsef utc\u00e1t, a Bocskai \u00fat &#8211; Karolina \u00fat &#8211; Vill\u00e1nyi \u00fat &#8211; Tas vez\u00e9r utca \u00e1ltal hat\u00e1rolt ter\u00fcletet, a Gell\u00e9rthegy teljes ker\u00fcleti r\u00e9sz\u00e9t, az \u0151rmez\u0151i lak\u00f3telepet, a kelenf\u00f6ldi v\u00e1rosr\u00e9szt &#8211; azaz a Szer\u00e9mi \u00fat &#8211; Galvani utca &#8211; Andor utca &#8211; Eg\u00e9r \u00fat &#8211; vas\u00fat &#8211; Hamzsab\u00e9gi \u00fat \u00e1ltal hat\u00e1rolt ter\u00fcletet -, valamint az Infopark ter\u00fclet\u00e9t, de a Warga L\u00e1szl\u00f3 \u00fat nem ker\u00fclne az \u00f6vezetbe. Tov\u00e1bb\u00e1 a M\u0171egyetem rakparton is v\u00e1rakoz\u00e1si d\u00edjfizet\u00e9st vezetnek be.<br \/>\n    A k\u00f6zgy\u0171l\u00e9s emellett hozz\u00e1j\u00e1rult ahhoz is, hogy a ker\u00fclet emelje a parkol\u00e1si fizet\u0151\u00f6vezetek d\u00edjt\u00e9teleit: ott, ahol eddig \u00f3r\u00e1nk\u00e9nt 350 forintot kellett fizetni, a j\u00f6v\u0151ben 440 forintot kell, ahol pedig eddig 175 forint volt, ott \u00f3r\u00e1nk\u00e9nt 265 forintra emelkedik a parkol\u00e1s d\u00edja.<br \/>\n<div class=\"ads-in-post2\"><script async src=\"https:\/\/pagead2.googlesyndication.com\/pagead\/js\/adsbygoogle.js\"><\/script>\r\n<ins class=\"adsbygoogle\"\r\n     style=\"display:block\"\r\n     data-ad-format=\"fluid\"\r\n     data-ad-layout-key=\"-6t+ed+2i-1n-4w\"\r\n     data-ad-client=\"ca-pub-1959107119989764\"\r\n     data-ad-slot=\"4008251320\"><\/ins>\r\n<script>\r\n     (adsbygoogle = window.adsbygoogle || []).push({});\r\n<\/script><\/div>\n    Zugl\u00f3ban a ker\u00fcleti \u00f6nkorm\u00e1nyzat javaslat\u00e1ra parkol\u00e1si d\u00edjat vezetnek be a Mexik\u00f3i \u00fat &#8211; Kacs\u00f3h Pongr\u00e1c \u00fat &#8211; Kassai t\u00e9r &#8211; Sziksz\u00f3 park &#8211; L\u0151csei \u00fat &#8211; Telepes utca &#8211; F\u0171r\u00e9sz utca &#8211; Cs\u00f6m\u00f6ri \u00fat &#8211; L\u0151csei \u00fat &#8211; Bosny\u00e1k utca &#8211; F\u0171r\u00e9sz utca &#8211; Szugl\u00f3 utca &#8211; L\u0151csei \u00fat &#8211; Egressy \u00fat &#8211; Nagy Lajos kir\u00e1ly \u00fatja &#8211; Th\u00f6k\u00f6ly \u00fat \u00e1ltal hat\u00e1rolt ter\u00fcleten is.<br \/>\n    A Kerepesi \u00fat &#8211; Vez\u00e9r utca &#8211; Ond vez\u00e9r \u00fatja &#8211; \u00d6rs vez\u00e9r tere &#8211; B\u00e1nki Don\u00e1t utca &#8211; Padlizs\u00e1n utca \u00e1ltal hat\u00e1rolt ter\u00fcleten az eddigi \u00f3r\u00e1nk\u00e9nti 175 forint helyett 265 forintot kell majd fizetni.<br \/>\n    A F\u0151v\u00e1rosi \u00c1llat- \u00e9s N\u00f6v\u00e9nykert f\u0151igazgat\u00f3ja javaslat\u00e1t elfogadva a k\u00f6zgy\u0171l\u00e9s az \u00c1llatkerti k\u00f6r\u00faton a v\u00e1rakoz\u00e1s d\u00edj cs\u00f6kkent\u00e9s\u00e9r\u0151l d\u00f6nt\u00f6tt. Ezek szerint az \u00c1llatkerti k\u00f6r\u00faton a ligeti f\u0151szezonban \u00f3r\u00e1nk\u00e9nt 265 forintot, a holtszezonban \u00f3r\u00e1nk\u00e9nt 175 forintot kell majd fizetni a parkol\u00e1s\u00e9rt.<br \/>\n    Tov\u00e1bb\u00e1 a V\u00e1rosliget teljes ter\u00fclet\u00e9re \u00f3r\u00e1nk\u00e9nt 350 forintos parkol\u00e1si d\u00edj bevezet\u00e9s\u00e9r\u0151l is d\u00f6nt\u00f6ttek.<br \/>\n    A test\u00fclet az V. ker\u00fcleti polg\u00e1rmester javaslat\u00e1ra d\u00f6nt\u00f6tt arr\u00f3l is, hogy a ker\u00fclet nagy r\u00e9sz\u00e9t lefed\u0151, \u00f3r\u00e1nk\u00e9nt 440 forintos d\u00edjt\u00e9tel\u0171 v\u00e1rakoz\u00e1si \u00f6vezetben a j\u00f6v\u0151ben 525 forintot kell majd fizetni. Az id. Antall J\u00f3zsef rakparton az eddigi 265 forintos \u00f3r\u00e1nk\u00e9nt d\u00edj 350 forintra emelkedik.<br \/>\n    A XII. ker\u00fcleti polg\u00e1rmester kezdem\u00e9nyez\u00e9s\u00e9re a B\u00f6sz\u00f6rm\u00e9nyi \u00fat &#8211; Kir\u00e1lyh\u00e1g\u00f3 utca &#8211; Alkot\u00e1s \u00fat &#8211; M\u00e1rv\u00e1ny utca &#8211; Gy\u0151ri \u00fat &#8211; Avar utca &#8211; Hegyalja \u00fat &#8211; Jagell\u00f3 \u00fat \u00e1ltal hatolt ter\u00fcleten este hat \u00f3ra helyett nyolc \u00f3r\u00e1ig kell a j\u00f6v\u0151ben fizetni a parkol\u00e1s\u00e9rt.<br \/>\n    A II. ker\u00fcleti \u00f6nkorm\u00e1nyzat javaslat\u00e1ra a Sz\u00e9ll K\u00e1lm\u00e1n t\u00e9r &#8211; Szil\u00e1gyi Erzs\u00e9bet fasor &#8211; Trombit\u00e1s utca &#8211; Garas utca &#8211; Marczib\u00e1nyi t\u00e9r &#8211; Keleti K\u00e1roly utca &#8211; Margit k\u00f6r\u00fat \u00e1ltal hat\u00e1rolt ter\u00fcleten szint\u00e9n este nyolc \u00f3r\u00e1ig kell majd fizetni a v\u00e1rakoz\u00e1s\u00e9rt.<br \/>\n    A ferencv\u00e1rosi polg\u00e1rmester kezdem\u00e9nyez\u00e9s\u00e9re a Ferenc k\u00f6r\u00fat &#8211; \u00dcll\u0151i \u00fat &#8211; Haller utca &#8211; Soroks\u00e1ri \u00fat &#8211; D\u00e9li Hat\u00e1rol\u00f3 \u00fat &#8211; Gizella s\u00e9t\u00e1ny \u00e1ltal hat\u00e1rolt ter\u00fclet, bele\u00e9rtve &#8211; a Ferenc k\u00f6r\u00fat kiv\u00e9tel\u00e9vel &#8211; a hat\u00e1rol\u00f3 utakat \u00e9s tereket, \u00f3r\u00e1nk\u00e9nt 350 forintos d\u00edjt\u00e9tel\u0171 v\u00e1rakoz\u00e1si \u00f6vezet lesz.<br \/>\n    Az \u00faj szab\u00e1lyoz\u00e1s j\u00falius k\u00f6zep\u00e9n l\u00e9p majd hat\u00e1lyba.<br \/>\n    A napirend vit\u00e1j\u00e1ban Horv\u00e1th Csaba (MSZP) arr\u00f3l besz\u00e9lt, hogy szerinte a f\u0151v\u00e1rosnak mark\u00e1nsabb strat\u00e9gi\u00e1t kellene k\u00e9pviselni a parkol\u00e1s tekintet\u00e9ben \u00e9s \u00f6ssze kellene hangolni a ker\u00fcleti ig\u00e9nyeket.<br \/>\n    Gy. N\u00e9meth Erzs\u00e9bet (DK) szerint is f\u0151v\u00e1ros szervez\u00e9sre lenne sz\u00fcks\u00e9g, a v\u00e1ros \u00e9rdekeit kellene figyelembe venni, tov\u00e1bb\u00e1 a parkol\u00e1si bev\u00e9teleket k\u00f6zleked\u00e9si fejleszt\u00e9sekre kellene ford\u00edtani.<br \/>\n    Tokody Marcell (Jobbik) azt mondta, hogy a d\u00edjfizet\u0151 \u00f6vezetek kiterjeszt\u00e9se t\u00fcneti kezel\u00e9s, helyette \u00e1tfog\u00f3 P+R parkol\u00f3 \u00e9p\u00edt\u00e9si program kellene.<br \/>\n    G\u00e1l J\u00f3zsef (LMP) k\u00f6z\u00f6lte, hogy t\u00e1mogatja az el\u0151terjeszt\u00e9st, mivel \u00e1ldatlan \u00e1llapotok vannak a ker\u00fcletekben, \u00e9s lakoss\u00e1gi ig\u00e9ny van az ing\u00e1z\u00f3k &#8222;megregul\u00e1z\u00e1s\u00e1ra&#8221;. Ugyanakkor a probl\u00e9m\u00e1t szerinte is rosszul pr\u00f3b\u00e1lj\u00e1k meg kezelni, m\u00e9g t\u00f6bb P+R parkol\u00f3ra lenne sz\u00fcks\u00e9g.<br \/>\n    Tarl\u00f3s Istv\u00e1n f\u0151polg\u00e1rmester elmondta, ha m\u00e9g egyszer megt\u00f6rt\u00e9nik az, ami az ellenz\u00e9ki vezet\u00e9s\u0171 Zugl\u00f3ban, hogy egy ker\u00fclet kezdem\u00e9nyez valamit, ami a lakoss\u00e1g j\u00f3 r\u00e9sz\u00e9nek szemsz\u00f6g\u00e9b\u0151l negat\u00edvum, majd arra hivatkozik, hogy ezt tulajdonk\u00e9ppen a f\u0151v\u00e1roson kell sz\u00e1mon k\u00e9rni, akkor tesz egy olyan el\u0151terjeszt\u00e9st, amelyben a f\u0151v\u00e1rosban nulla forintban javasolja meghat\u00e1rozni a parkol\u00e1si d\u00edjakat.<br \/>\n    A F\u0151v\u00e1rosi K\u00f6zgy\u0171l\u00e9s k\u00e9nytelen form\u00e1lisan elfogadni a ker\u00fcleti kezdem\u00e9nyez\u00e9seket &#8211; mutatott r\u00e1.<br \/>\n    A f\u0151polg\u00e1rmester a probl\u00e9ma kapcs\u00e1n megjegyezte azt is, hogy Budapest az egyetlen v\u00e1ros Magyarorsz\u00e1gon, amelyr\u0151l 24 \u00e9ve nem k\u00e9pesek eld\u00f6nteni, hogy &#8222;egy v\u00e1ros vagy nem&#8221;. Ezt el\u0151bb ut\u00f3bb el kell d\u00f6nteni, hossz\u00fat\u00e1von ez a k\u00e9pl\u00e9keny \u00e1llapot tarthatatlan &#8211; mondta.<br \/>\n    L\u00e1ng Zsolt (Fidesz-KDNP) II. ker\u00fcleti, Pokorni Zolt\u00e1n (Fidesz-KDNP) XII. ker\u00fcleti, Hoffmann Tam\u00e1s (Fidesz-KDNP) XI. ker\u00fcleti polg\u00e1rmester lakoss\u00e1gi ig\u00e9nyekre, a helyben \u00e9l\u0151k \u00e9rdek\u00e9re hivatkozva indokolt\u00e1k a ker\u00fcleteik kezdem\u00e9nyez\u00e9seit. Mint elmondt\u00e1k, az ott \u00e9l\u0151k r\u00e9sz\u00e9r\u0151l elv\u00e1rhat\u00f3, hogy lak\u00e1saik el\u0151tt meg tudjanak \u00e1llni az aut\u00f3ikkal.<br \/>\n    Szeneczey Bal\u00e1zs f\u0151polg\u00e1rmester-helyettes azt k\u00f6z\u00f6lte: 2010-ig 1289 P+R parkol\u00f3hely \u00e9p\u00fclt, 2010-t\u0151l 2017-ig pedig 3851. A f\u0151v\u00e1rosban 2019-ig 4997 ilyen parkol\u00f3hely lesz, azaz a 2010-es \u00e1llapothoz k\u00e9pest k\u00f6zel megn\u00e9gyszerez\u0151dik a P+R parkol\u00f3helyek sz\u00e1ma.(MTI)<\/p>\n","protected":false},"excerpt":{"rendered":"<p>\u00daj parkol\u00e1si fizet\u0151\u00f6vezeteket alak\u00edtanak ki \u00dajbud\u00e1n \u00e9s Zugl\u00f3ban. Az V. ker\u00fclet nagy r\u00e9sz\u00e9n \u00f3r\u00e1nk\u00e9nt 525 forintra emelkedik a v\u00e1rakoz\u00e1si d\u00edj, m\u00edg az \u00e1llatkertn\u00e9l cs\u00f6kkennek a parkol\u00e1si d\u00edjak.<\/p>\n","protected":false},"author":1,"featured_media":0,"comment_status":"closed","ping_status":"open","sticky":false,"template":"","format":"standard","meta":[],"categories":[4],"tags":[],"_links":{"self":[{"href":"https:\/\/gazdasagportal.hu\/index.php\/wp-json\/wp\/v2\/posts\/105802"}],"collection":[{"href":"https:\/\/gazdasagportal.hu\/index.php\/wp-json\/wp\/v2\/posts"}],"about":[{"href":"https:\/\/gazdasagportal.hu\/index.php\/wp-json\/wp\/v2\/types\/post"}],"author":[{"embeddable":true,"href":"https:\/\/gazdasagportal.hu\/index.php\/wp-json\/wp\/v2\/users\/1"}],"replies":[{"embeddable":true,"href":"https:\/\/gazdasagportal.hu\/index.php\/wp-json\/wp\/v2\/comments?post=105802"}],"version-history":[{"count":1,"href":"https:\/\/gazdasagportal.hu\/index.php\/wp-json\/wp\/v2\/posts\/105802\/revisions"}],"predecessor-version":[{"id":105803,"href":"https:\/\/gazdasagportal.hu\/index.php\/wp-json\/wp\/v2\/posts\/105802\/revisions\/105803"}],"wp:attachment":[{"href":"https:\/\/gazdasagportal.hu\/index.php\/wp-json\/wp\/v2\/media?parent=105802"}],"wp:term":[{"taxonomy":"category","embeddable":true,"href":"https:\/\/gazdasagportal.hu\/index.php\/wp-json\/wp\/v2\/categories?post=105802"},{"taxonomy":"post_tag","embeddable":true,"href":"https:\/\/gazdasagportal.hu\/index.php\/wp-json\/wp\/v2\/tags?post=105802"}],"curies":[{"name":"wp","href":"https:\/\/api.w.org\/{rel}","templated":true}]}}