{"id":105799,"date":"2018-05-30T12:12:32","date_gmt":"2018-05-30T10:12:32","guid":{"rendered":"http:\/\/gazdasagportal.hu\/?p=105799"},"modified":"2018-05-30T12:12:32","modified_gmt":"2018-05-30T10:12:32","slug":"javitotta-magyar-novekedesi-prognozisat-az-oecd-2","status":"publish","type":"post","link":"https:\/\/gazdasagportal.hu\/index.php\/javitotta-magyar-novekedesi-prognozisat-az-oecd-2\/","title":{"rendered":"Jav\u00edtotta magyar n\u00f6veked\u00e9si progn\u00f3zis\u00e1t az OECD"},"content":{"rendered":"<p><strong>Jav\u00edtotta a magyar gazdas\u00e1g n\u00f6veked\u00e9s\u00e9re vonatkoz\u00f3 el\u0151rejelz\u00e9s\u00e9t a Gazdas\u00e1gi Egy\u00fcttm\u0171k\u00f6d\u00e9si \u00e9s Fejleszt\u00e9si Szervezet (OECD) a Gazdas\u00e1gi kil\u00e1t\u00e1sok c\u00edmmel f\u00e9l \u00e9vente megjelen\u0151 progn\u00f3zis\u00e1nak legfrissebb, szerd\u00e1n megjelent kiadv\u00e1ny\u00e1ban. <\/strong><!--more--><\/p>\n<div class=\"ads-in-post1\"><div id=\"gazdasagportal.hu_fullbanner_wideboard\"><\/div>\r\n<\/div>\n<p>    A p\u00e1rizsi sz\u00e9khely\u0171 OECD az el\u0151z\u0151, novemberben kiadott tanulm\u00e1nyban jelzetthez k\u00e9pest 0,8 sz\u00e1zal\u00e9kponttal, 3,9 sz\u00e1zal\u00e9kr\u00f3l 4,6 sz\u00e1zal\u00e9kra emelte idei magyar GDP-n\u00f6veked\u00e9si el\u0151rejelz\u00e9s\u00e9t, a 2019-as n\u00f6veked\u00e9si el\u0151rejelz\u00e9st pedig 2,8 sz\u00e1zal\u00e9kr\u00f3l 3,6 sz\u00e1zal\u00e9kra emelte.<br \/>\n    Az OECD el\u0151rejelz\u00e9se &#8211; amely a magyar gazdas\u00e1gi n\u00f6veked\u00e9st id\u00e9n a negyedik j\u00f6v\u0151re pedig a hetedik leger\u0151sebb helyre sorolja a tag\u00e1llamok k\u00f6z\u00fcl &#8211; mindk\u00e9t \u00e9vre vonatkoz\u00f3an meghaladja az Eur\u00f3pai Bizotts\u00e1g legut\u00f3bbi, tavaszi el\u0151jelz\u00e9s\u00e9t, amely id\u00e9n 4, j\u00f6v\u0151re pedig 3,2 sz\u00e1zal\u00e9kos n\u00f6veked\u00e9ssel sz\u00e1mol.<br \/>\n    A magyar korm\u00e1ny id\u00e9n \u00e1prilisi progn\u00f3zisa szerint id\u00e9n 4,3, j\u00f6v\u0151re pedig 4,1 sz\u00e1zal\u00e9kos lehet a hazai \u00f6sszterm\u00e9k (GDP) b\u0151v\u00fcl\u00e9s\u00e9nek \u00fcteme.<br \/>\n<div class=\"ads-in-post2\"><script async src=\"https:\/\/pagead2.googlesyndication.com\/pagead\/js\/adsbygoogle.js\"><\/script>\r\n<ins class=\"adsbygoogle\"\r\n     style=\"display:block\"\r\n     data-ad-format=\"fluid\"\r\n     data-ad-layout-key=\"-6t+ed+2i-1n-4w\"\r\n     data-ad-client=\"ca-pub-1959107119989764\"\r\n     data-ad-slot=\"4008251320\"><\/ins>\r\n<script>\r\n     (adsbygoogle = window.adsbygoogle || []).push({});\r\n<\/script><\/div>\n    A szervezet elemz\u0151i szerint a gazdas\u00e1gi n\u00f6veked\u00e9s motorja tov\u00e1bbra is a bels\u0151 kereslet marad.<br \/>\n    A bels\u0151 fogyaszt\u00e1st er\u0151s\u00edti a cs\u00f6kken\u0151 munkan\u00e9lk\u00fclis\u00e9g, a re\u00e1lb\u00e9rek emelked\u00e9se \u00e9s a beruh\u00e1z\u00e1sok n\u00f6veked\u00e9se. A munkan\u00e9lk\u00fclis\u00e9g az OECD progn\u00f3zisa szerint j\u00f6v\u0151re 3,5 sz\u00e1zal\u00e9k al\u00e1 cs\u00f6kken.<br \/>\n    Az OECD felh\u00edvja a figyelmet a gazdas\u00e1g t\u00falf\u0171t\u00f6tts\u00e9g\u00e9nek kock\u00e1zat\u00e1ra, miut\u00e1n a monet\u00e1ris \u00e9s a fisk\u00e1lis politika tov\u00e1bbra is n\u00f6veked\u00e9s t\u00e1mogat\u00f3, s az Eur\u00f3pai Bizotts\u00e1ghoz hasonl\u00f3an anticiklikus gazdas\u00e1gpolitik\u00e1t javasol. A szak\u00e9rt\u0151k kiemelik, hogy j\u00f3llehet az \u00faj beruh\u00e1z\u00e1sok n\u00f6velik az orsz\u00e1g exportkapacit\u00e1sait, a dinamikusan emelked\u0151 b\u00e9rek negat\u00edv hat\u00e1ssal lehetnek az orsz\u00e1g versenyk\u00e9pess\u00e9g\u00e9re. Az exportkapacit\u00e1sok b\u0151v\u00fcl\u00e9s \u00e9s a j\u00f3l teljes\u00edt\u0151 exportpiacok ellen\u00e9re ez\u00e9rt visszafogott lehet Magyarorsz\u00e1g exportpiaci r\u00e9szesed\u00e9s\u00e9nek n\u00f6veked\u00e9se.<br \/>\n    Az infl\u00e1ci\u00f3 az OECD szerint 2019-re el\u00e9rheti a Magyar Nemzeti Bank 3 sz\u00e1zal\u00e9kos c\u00e9l\u00e9rt\u00e9k\u00e9t, az alacsonyabb infl\u00e1ci\u00f3s v\u00e1rakoz\u00e1sok fenntart\u00e1s\u00e1hoz az elemz\u0151k szerint kamatok emel\u00e9s\u00e9re lenne sz\u00fcks\u00e9g.<br \/>\n    A k\u00f6lts\u00e9gvet\u00e9s GDP-ar\u00e1nyos hi\u00e1nya id\u00e9n 2,6 sz\u00e1zal\u00e9kra, j\u00f6v\u0151re pedig 2,1 sz\u00e1zal\u00e9kra v\u00e1rhat\u00f3 az OECD szerint, ami valamivel rosszabb, mint a konvergencia programban jelzett adatok. A tervezettn\u00e9l gyorsabb hi\u00e1nycs\u00f6kkent\u00e9s az OECD szerint nagyobb m\u00e9rt\u00e9kben cs\u00f6kkentheti az \u00e1llamad\u00f3ss\u00e1got \u00e9s jav\u00edthatn\u00e1 a k\u00f6lts\u00e9gvet\u00e9s helyzet\u00e9t, ami el\u0151seg\u00edten\u00e9 a felk\u00e9sz\u00fcl\u00e9st a hossz\u00fa t\u00e1v\u00fa kih\u00edv\u00e1sok, k\u00f6zt\u00fck az id\u0151s\u00f6d\u0151 t\u00e1rsadalom jelentette probl\u00e9m\u00e1k lek\u00fczd\u00e9s\u00e9hez.<br \/>\n(MTI)<\/p>\n","protected":false},"excerpt":{"rendered":"<p>Jav\u00edtotta a magyar gazdas\u00e1g n\u00f6veked\u00e9s\u00e9re vonatkoz\u00f3 el\u0151rejelz\u00e9s\u00e9t a Gazdas\u00e1gi Egy\u00fcttm\u0171k\u00f6d\u00e9si \u00e9s Fejleszt\u00e9si Szervezet (OECD) a Gazdas\u00e1gi kil\u00e1t\u00e1sok c\u00edmmel f\u00e9l \u00e9vente megjelen\u0151 progn\u00f3zis\u00e1nak legfrissebb, szerd\u00e1n megjelent kiadv\u00e1ny\u00e1ban.<\/p>\n","protected":false},"author":1,"featured_media":0,"comment_status":"closed","ping_status":"open","sticky":false,"template":"","format":"standard","meta":[],"categories":[19],"tags":[],"_links":{"self":[{"href":"https:\/\/gazdasagportal.hu\/index.php\/wp-json\/wp\/v2\/posts\/105799"}],"collection":[{"href":"https:\/\/gazdasagportal.hu\/index.php\/wp-json\/wp\/v2\/posts"}],"about":[{"href":"https:\/\/gazdasagportal.hu\/index.php\/wp-json\/wp\/v2\/types\/post"}],"author":[{"embeddable":true,"href":"https:\/\/gazdasagportal.hu\/index.php\/wp-json\/wp\/v2\/users\/1"}],"replies":[{"embeddable":true,"href":"https:\/\/gazdasagportal.hu\/index.php\/wp-json\/wp\/v2\/comments?post=105799"}],"version-history":[{"count":1,"href":"https:\/\/gazdasagportal.hu\/index.php\/wp-json\/wp\/v2\/posts\/105799\/revisions"}],"predecessor-version":[{"id":105800,"href":"https:\/\/gazdasagportal.hu\/index.php\/wp-json\/wp\/v2\/posts\/105799\/revisions\/105800"}],"wp:attachment":[{"href":"https:\/\/gazdasagportal.hu\/index.php\/wp-json\/wp\/v2\/media?parent=105799"}],"wp:term":[{"taxonomy":"category","embeddable":true,"href":"https:\/\/gazdasagportal.hu\/index.php\/wp-json\/wp\/v2\/categories?post=105799"},{"taxonomy":"post_tag","embeddable":true,"href":"https:\/\/gazdasagportal.hu\/index.php\/wp-json\/wp\/v2\/tags?post=105799"}],"curies":[{"name":"wp","href":"https:\/\/api.w.org\/{rel}","templated":true}]}}