{"id":105792,"date":"2018-05-30T09:43:41","date_gmt":"2018-05-30T07:43:41","guid":{"rendered":"http:\/\/gazdasagportal.hu\/?p=105792"},"modified":"2018-05-30T09:43:41","modified_gmt":"2018-05-30T07:43:41","slug":"ksh-csokkent-a-termeszetes-fogyas-az-elso-negyedevben","status":"publish","type":"post","link":"https:\/\/gazdasagportal.hu\/index.php\/ksh-csokkent-a-termeszetes-fogyas-az-elso-negyedevben\/","title":{"rendered":"KSH: cs\u00f6kkent a term\u00e9szetes fogy\u00e1s az els\u0151 negyed\u00e9vben"},"content":{"rendered":"<p><strong>Kevesebben sz\u00fclettek, de kevesebben is haltak meg 2018 els\u0151 h\u00e1rom h\u00f3napj\u00e1ban, mint 2017 azonos id\u0151szak\u00e1ban, a n\u00e9pess\u00e9g term\u00e9szetes fogy\u00e1sa cs\u00f6kkent &#8211; k\u00f6z\u00f6lte a K\u00f6zponti Statisztikai Hivatal (KSH) szerd\u00e1n az MTI-vel.<\/strong><!--more--><\/p>\n<div class=\"ads-in-post1\"><div id=\"gazdasagportal.hu_fullbanner_wideboard\"><\/div>\r\n<\/div>\n<p>    A jelent\u00e9s szerint janu\u00e1r-m\u00e1rciusban 21 731 gyermek j\u00f6tt vil\u00e1gra, ami 413-mal, 1,9 sz\u00e1zal\u00e9kkal elmaradt a 2017. janu\u00e1r-m\u00e1rciusi sz\u00fclet\u00e9ssz\u00e1mt\u00f3l. Janu\u00e1rban 0,5 sz\u00e1zal\u00e9kkal t\u00f6bb, febru\u00e1rban 0,8 sz\u00e1zal\u00e9kkal, m\u00e1rciusban pedig 5,3 sz\u00e1zal\u00e9kkal kevesebb volt az \u00e9lvesz\u00fclet\u00e9sek sz\u00e1ma 2017 azonos h\u00f3napjaihoz k\u00e9pest. A teljes term\u00e9kenys\u00e9gi ar\u00e1nysz\u00e1m becs\u00fclt \u00e9rt\u00e9ke 1,45 volt, ami megegyezik az el\u0151z\u0151 \u00e9v azonos id\u0151szak\u00e1ra sz\u00e1m\u00edtott \u00e9rt\u00e9kkel.<br \/>\n    Az \u00e9v els\u0151 h\u00e1rom h\u00f3napj\u00e1ban 36 623-an haltak meg, 6 sz\u00e1zal\u00e9kkal, 2346-tal kevesebben, mint az el\u0151z\u0151 \u00e9v azonos id\u0151szak\u00e1ban. 2018. janu\u00e1rban 22, febru\u00e1rban 4,2 sz\u00e1zal\u00e9kkal kevesebben hunytak el, mint egy \u00e9vvel kor\u00e1bban, m\u00e1rciusban viszont 12 sz\u00e1zal\u00e9kkal emelkedett a hal\u00e1loz\u00e1sok sz\u00e1ma.<br \/>\n<div class=\"ads-in-post2\"><script async src=\"https:\/\/pagead2.googlesyndication.com\/pagead\/js\/adsbygoogle.js\"><\/script>\r\n<ins class=\"adsbygoogle\"\r\n     style=\"display:block\"\r\n     data-ad-format=\"fluid\"\r\n     data-ad-layout-key=\"-6t+ed+2i-1n-4w\"\r\n     data-ad-client=\"ca-pub-1959107119989764\"\r\n     data-ad-slot=\"4008251320\"><\/ins>\r\n<script>\r\n     (adsbygoogle = window.adsbygoogle || []).push({});\r\n<\/script><\/div>\n     Mivel a hal\u00e1loz\u00e1sok sz\u00e1m\u00e1nak cs\u00f6kken\u00e9se nagyobb m\u00e9rt\u00e9k\u0171 volt, mint az \u00e9lvesz\u00fclet\u00e9sek\u00e9, ennek k\u00f6vetkezt\u00e9ben a term\u00e9szetes fogy\u00e1s a 2017. janu\u00e1r-m\u00e1rciusi 16 825-tel szemben 14 892 volt, ami 11 sz\u00e1zal\u00e9kos javul\u00e1st jelent.<br \/>\n    A h\u00e1zass\u00e1gk\u00f6t\u00e9sek sz\u00e1ma 0,5 sz\u00e1zal\u00e9kkal, 32-vel kevesebb volt az el\u0151z\u0151 \u00e9v azonos id\u0151szak\u00e1ban regisztr\u00e1ltn\u00e1l. Janu\u00e1rban \u00e9s febru\u00e1rban \u00e1tlagosan 0,6 sz\u00e1zal\u00e9kkal emelkedett, m\u00e1rciusban viszont 1,9 sz\u00e1zal\u00e9kkal cs\u00f6kkent a frigyek sz\u00e1ma.<br \/>\n    Janu\u00e1r-m\u00e1rciusban ezer lakosra 9 \u00e9lvesz\u00fclet\u00e9s \u00e9s 15,2 hal\u00e1loz\u00e1s jutott. Az el\u0151bbi 0,1, az ut\u00f3bbi 0,9 ezrel\u00e9kponttal alacsonyabb volt a 2017. janu\u00e1r-m\u00e1rciusin\u00e1l, ennek eredm\u00e9nyek\u00e9nt a term\u00e9szetes fogy\u00e1s 0,8 ezrel\u00e9kponttal, 6,2 ezrel\u00e9kre m\u00e9rs\u00e9kl\u0151d\u00f6tt. 2018 els\u0151 h\u00e1rom h\u00f3napj\u00e1ban ezer \u00e9lvesz\u00fclet\u00e9sre 3,4 csecsem\u0151hal\u00e1loz\u00e1s jutott, ami majdnem azonos volt az egy \u00e9vvel kor\u00e1bbi \u00e9rt\u00e9kkel. A h\u00e1zass\u00e1gk\u00f6t\u00e9si ar\u00e1nysz\u00e1m 2,5 ezrel\u00e9kes \u00e9rt\u00e9ke nem v\u00e1ltozott az egy \u00e9vvel kor\u00e1bbihoz k\u00e9pest.<br \/>\n    A sz\u00fclet\u00e9sek sz\u00e1ma r\u00e9gi\u00f3nk\u00e9nt k\u00fcl\u00f6nb\u00f6z\u0151 m\u00e9rt\u00e9kben v\u00e1ltozott, k\u00e9t r\u00e9gi\u00f3ban emelkedett, \u00f6tben m\u00e9rs\u00e9kl\u0151d\u00f6tt, egyben pedig v\u00e1ltozatlan maradt. A legjelent\u0151sebb, 4,7 sz\u00e1zal\u00e9kos emelked\u00e9st a Nyugat-Dun\u00e1nt\u00falon, a legnagyobb, 6,1 sz\u00e1zal\u00e9kos cs\u00f6kken\u00e9st pedig a K\u00f6z\u00e9p-Dun\u00e1nt\u00falon regisztr\u00e1lt\u00e1k.<br \/>\n    A hal\u00e1loz\u00e1sok sz\u00e1ma mindegyik r\u00e9gi\u00f3ban cs\u00f6kkent, a legjelent\u0151sebb m\u00e9rt\u00e9kben, 9,4 sz\u00e1zal\u00e9kkal a Nyugat-Dun\u00e1nt\u00falon, a legkev\u00e9sb\u00e9, 3,3 sz\u00e1zal\u00e9kkal az \u00c9szak-Alf\u00f6ld\u00f6n \u00e9s a k\u00f6z\u00e9p-magyarorsz\u00e1gi r\u00e9gi\u00f3ban.<br \/>\n    A term\u00e9szetes fogy\u00e1s m\u00e9rt\u00e9ke valamennyi r\u00e9gi\u00f3ban cs\u00f6kkent. A sz\u00fclet\u00e9sek sz\u00e1m\u00e1nak n\u00f6veked\u00e9se \u00e9s a hal\u00e1loz\u00e1sok sz\u00e1m\u00e1nak orsz\u00e1gos \u00e1tlagot meghalad\u00f3 m\u00e9rs\u00e9kl\u0151d\u00e9se miatt a legjelent\u0151sebb, 24 sz\u00e1zal\u00e9kos cs\u00f6kken\u00e9s a Nyugat-Dun\u00e1nt\u00falon k\u00f6vetkezett be.<br \/>\n    A h\u00e1zass\u00e1gk\u00f6t\u00e9sek sz\u00e1ma h\u00e1rom r\u00e9gi\u00f3ban emelkedett, \u00f6tben pedig cs\u00f6kkent. A legink\u00e1bb, 7,3 sz\u00e1zal\u00e9kkal a K\u00f6z\u00e9p-Dun\u00e1nt\u00falon emelkedett, a legink\u00e1bb, 8,3 sz\u00e1zal\u00e9kkal pedig a D\u00e9l-Alf\u00f6ld\u00f6n cs\u00f6kkent.(MTI)<\/p>\n","protected":false},"excerpt":{"rendered":"<p>Kevesebben sz\u00fclettek, de kevesebben is haltak meg 2018 els\u0151 h\u00e1rom h\u00f3napj\u00e1ban, mint 2017 azonos id\u0151szak\u00e1ban, a n\u00e9pess\u00e9g term\u00e9szetes fogy\u00e1sa cs\u00f6kkent &#8211; k\u00f6z\u00f6lte a K\u00f6zponti Statisztikai Hivatal (KSH) szerd\u00e1n az MTI-vel.<\/p>\n","protected":false},"author":1,"featured_media":0,"comment_status":"closed","ping_status":"open","sticky":false,"template":"","format":"standard","meta":[],"categories":[19],"tags":[],"_links":{"self":[{"href":"https:\/\/gazdasagportal.hu\/index.php\/wp-json\/wp\/v2\/posts\/105792"}],"collection":[{"href":"https:\/\/gazdasagportal.hu\/index.php\/wp-json\/wp\/v2\/posts"}],"about":[{"href":"https:\/\/gazdasagportal.hu\/index.php\/wp-json\/wp\/v2\/types\/post"}],"author":[{"embeddable":true,"href":"https:\/\/gazdasagportal.hu\/index.php\/wp-json\/wp\/v2\/users\/1"}],"replies":[{"embeddable":true,"href":"https:\/\/gazdasagportal.hu\/index.php\/wp-json\/wp\/v2\/comments?post=105792"}],"version-history":[{"count":1,"href":"https:\/\/gazdasagportal.hu\/index.php\/wp-json\/wp\/v2\/posts\/105792\/revisions"}],"predecessor-version":[{"id":105793,"href":"https:\/\/gazdasagportal.hu\/index.php\/wp-json\/wp\/v2\/posts\/105792\/revisions\/105793"}],"wp:attachment":[{"href":"https:\/\/gazdasagportal.hu\/index.php\/wp-json\/wp\/v2\/media?parent=105792"}],"wp:term":[{"taxonomy":"category","embeddable":true,"href":"https:\/\/gazdasagportal.hu\/index.php\/wp-json\/wp\/v2\/categories?post=105792"},{"taxonomy":"post_tag","embeddable":true,"href":"https:\/\/gazdasagportal.hu\/index.php\/wp-json\/wp\/v2\/tags?post=105792"}],"curies":[{"name":"wp","href":"https:\/\/api.w.org\/{rel}","templated":true}]}}