{"id":105774,"date":"2018-05-29T20:29:35","date_gmt":"2018-05-29T18:29:35","guid":{"rendered":"http:\/\/gazdasagportal.hu\/?p=105774"},"modified":"2018-05-29T20:29:35","modified_gmt":"2018-05-29T18:29:35","slug":"a-kormany-a-koltsegvetesi-hiany-es-az-allamadossag-csokkentesere-fokuszal","status":"publish","type":"post","link":"https:\/\/gazdasagportal.hu\/index.php\/a-kormany-a-koltsegvetesi-hiany-es-az-allamadossag-csokkentesere-fokuszal\/","title":{"rendered":"A korm\u00e1ny a k\u00f6lts\u00e9gvet\u00e9si hi\u00e1ny \u00e9s az \u00e1llamad\u00f3ss\u00e1g cs\u00f6kkent\u00e9s\u00e9re f\u00f3kusz\u00e1l"},"content":{"rendered":"<p><strong>A befektet\u0151knek m\u00e9g v\u00e1rniuk kell az \u00faj Orb\u00e1n-korm\u00e1ny jelent\u0151s fisk\u00e1lis gazdas\u00e1g\u00e9l\u00e9nk\u00edt\u0151 l\u00e9p\u00e9seire, mivel a k\u00f6zelm\u00faltbeli piaci zavarok arra k\u00e9sztetik, hogy ink\u00e1bb a k\u00f6lts\u00e9gvet\u00e9si hi\u00e1ny \u00e9s az \u00e1llamad\u00f3ss\u00e1g cs\u00f6kkent\u00e9s\u00e9t helyezze el\u0151t\u00e9rbe &#8211; jelentette ki Varga Mih\u00e1ly p\u00e9nz\u00fcgyminiszter a Bloomberg h\u00edr\u00fcgyn\u00f6ks\u00e9gnek kedden adott nyilatkozat\u00e1ban.<\/strong><!--more--><\/p>\n<div class=\"ads-in-post1\"><div id=\"gazdasagportal.hu_fullbanner_wideboard\"><\/div>\r\n<\/div>\n<p>    A h\u00edr\u00fcgyn\u00f6ks\u00e9g felid\u00e9zte, az Argent\u00edn\u00e1t\u00f3l kezdve T\u00f6r\u00f6korsz\u00e1gon kereszt\u00fcl Olaszorsz\u00e1g piacait megt\u00e9p\u00e1z\u00f3 gazdas\u00e1gi zavarok \u00e9s az amerikai monet\u00e1ris politika szigor\u00edt\u00e1s\u00e1nak megkezd\u00e9se k\u00fcl\u00f6n\u00f6sen er\u0151s hat\u00e1st gyakorolt a felt\u00f6rekv\u0151 piacokra, k\u00f6zt\u00fck Magyarorsz\u00e1gra. A forint eur\u00f3hoz viszony\u00edtott \u00e1rfolyama k\u00e9t\u00e9ves m\u00e9lypontra esett kedden a kock\u00e1zatosabb eur\u00f3pai eszk\u00f6z\u00f6ket kem\u00e9nyen s\u00fajt\u00f3 olaszorsz\u00e1gi belpolitikai v\u00e1ls\u00e1g hat\u00e1s\u00e1ra. A t\u00edz\u00e9ves magyar \u00e1llamk\u00f6tv\u00e9nyek pedig j\u00f3 \u00faton haladnak afel\u00e9, hogy m\u00e1jusban 2012 \u00f3ta a legrosszabb h\u00f3napjukat tudj\u00e1k maguk m\u00f6g\u00f6tt.<br \/>\n    &#8222;\u00dagy v\u00e9lem, hogy ezekben a viharos id\u0151kben nagyobb fisk\u00e1lis mozg\u00e1st\u00e9rre van sz\u00fcks\u00e9g\u00fcnk&#8221; &#8211; mondta Varga Mih\u00e1ly, hozz\u00e1t\u00e9ve, hogy ez a deficit cs\u00f6kkent\u00e9s\u00e9t \u00e9s a k\u00f6lts\u00e9gvet\u00e9si tartal\u00e9kok meger\u0151s\u00edt\u00e9s\u00e9t jelenti.<br \/>\n<div class=\"ads-in-post2\"><script async src=\"https:\/\/pagead2.googlesyndication.com\/pagead\/js\/adsbygoogle.js\"><\/script>\r\n<ins class=\"adsbygoogle\"\r\n     style=\"display:block\"\r\n     data-ad-format=\"fluid\"\r\n     data-ad-layout-key=\"-6t+ed+2i-1n-4w\"\r\n     data-ad-client=\"ca-pub-1959107119989764\"\r\n     data-ad-slot=\"4008251320\"><\/ins>\r\n<script>\r\n     (adsbygoogle = window.adsbygoogle || []).push({});\r\n<\/script><\/div>\n    Az \u00e9vi 130 milli\u00e1rd doll\u00e1r \u00e9rt\u00e9ket megtermel\u0151 magyar gazdas\u00e1g j\u00f6v\u0151re 4,1 sz\u00e1zal\u00e9kkal is n\u00f6vekedhet, ami lehet\u0151v\u00e9 teszi, hogy a korm\u00e1ny jelent\u0151sen cs\u00f6kkentse a hi\u00e1nyt m\u00e9g akkor is, ha a k\u00f6lts\u00e9gvet\u00e9s expanz\u00edv marad &#8211; mutatott r\u00e1 a miniszter. A p\u00e9nz\u00fcgyminiszt\u00e9rium ragaszkodik ahhoz, hogy j\u00f6v\u0151re 2 sz\u00e1zal\u00e9kponttal, 17,5 sz\u00e1zal\u00e9kra cs\u00f6kkents\u00e9k a b\u00e9reket terhel\u0151 szoci\u00e1lis hozz\u00e1j\u00e1rul\u00e1si ad\u00f3t, n\u00f6velj\u00e9k a csal\u00e1di ad\u00f3kedvezm\u00e9nyt \u00e9s fenntarts\u00e1k az otthonteremt\u00e9si programot &#8211; fejtette ki.<br \/>\n    Varga Mih\u00e1ly lesz\u00f6gezte, hogy a korm\u00e1ny c\u00e9lja a kock\u00e1zatok cs\u00f6kkent\u00e9se, ami a hi\u00e1ny jelent\u0151s m\u00e9rs\u00e9kl\u00e9s\u00e9t \u00e9s az \u00e1llamad\u00f3ss\u00e1g cs\u00f6kkent\u00e9s\u00e9nek folytat\u00e1s\u00e1t jelenti. Hozz\u00e1tette, a kabinet azt tervezi, hogy a k\u00f6lts\u00e9gvet\u00e9s GDP-ar\u00e1nyos hi\u00e1ny\u00e1t id\u00e9n a megc\u00e9lzott 2,4 sz\u00e1zal\u00e9k helyett 1,8 sz\u00e1zal\u00e9kra vagy ann\u00e1l is alacsonyabb szintre szor\u00edtja le.<br \/>\n    &#8222;Ez azt is jelentheti, hogy a gazdas\u00e1gi n\u00f6veked\u00e9si r\u00e1ta ingadozhat&#8221; &#8211; f\u0171zte hozz\u00e1.<br \/>\n    A korm\u00e1ny nem tervez eur\u00f3k\u00f6tv\u00e9ny-kibocs\u00e1t\u00e1st, \u00e9s tov\u00e1bbra is azon dolgozik, hogy cs\u00f6kkentse a k\u00fclf\u00f6ldi deviz\u00e1ban denomin\u00e1lt \u00e1llamad\u00f3ss\u00e1g ar\u00e1ny\u00e1t &#8211; k\u00f6z\u00f6lte.<br \/>\n    Az egyetlen jelent\u0151sebb privatiz\u00e1ci\u00f3s bev\u00e9tel a 2015-ben megv\u00e1s\u00e1rolt Budapest Bank \u00e9rt\u00e9kes\u00edt\u00e9s\u00e9b\u0151l sz\u00e1rmazhat, de m\u00e9g nem sz\u00fcletett d\u00f6nt\u00e9s sem az elad\u00e1s id\u0151pontj\u00e1r\u00f3l, sem az \u00e9rt\u00e9kes\u00edt\u00e9s m\u00f3dj\u00e1r\u00f3l &#8211; mondta Varga Mih\u00e1ly a Bloomberg h\u00edr\u00fcgyn\u00f6ks\u00e9gnek.(MTI)<\/p>\n","protected":false},"excerpt":{"rendered":"<p>A befektet\u0151knek m\u00e9g v\u00e1rniuk kell az \u00faj Orb\u00e1n-korm\u00e1ny jelent\u0151s fisk\u00e1lis gazdas\u00e1g\u00e9l\u00e9nk\u00edt\u0151 l\u00e9p\u00e9seire, mivel a k\u00f6zelm\u00faltbeli piaci zavarok arra k\u00e9sztetik, hogy ink\u00e1bb a k\u00f6lts\u00e9gvet\u00e9si hi\u00e1ny \u00e9s az \u00e1llamad\u00f3ss\u00e1g cs\u00f6kkent\u00e9s\u00e9t helyezze el\u0151t\u00e9rbe &#8211; jelentette ki Varga Mih\u00e1ly p\u00e9nz\u00fcgyminiszter a Bloomberg h\u00edr\u00fcgyn\u00f6ks\u00e9gnek kedden adott nyilatkozat\u00e1ban.<\/p>\n","protected":false},"author":1,"featured_media":0,"comment_status":"closed","ping_status":"open","sticky":false,"template":"","format":"standard","meta":[],"categories":[4,19],"tags":[],"_links":{"self":[{"href":"https:\/\/gazdasagportal.hu\/index.php\/wp-json\/wp\/v2\/posts\/105774"}],"collection":[{"href":"https:\/\/gazdasagportal.hu\/index.php\/wp-json\/wp\/v2\/posts"}],"about":[{"href":"https:\/\/gazdasagportal.hu\/index.php\/wp-json\/wp\/v2\/types\/post"}],"author":[{"embeddable":true,"href":"https:\/\/gazdasagportal.hu\/index.php\/wp-json\/wp\/v2\/users\/1"}],"replies":[{"embeddable":true,"href":"https:\/\/gazdasagportal.hu\/index.php\/wp-json\/wp\/v2\/comments?post=105774"}],"version-history":[{"count":1,"href":"https:\/\/gazdasagportal.hu\/index.php\/wp-json\/wp\/v2\/posts\/105774\/revisions"}],"predecessor-version":[{"id":105775,"href":"https:\/\/gazdasagportal.hu\/index.php\/wp-json\/wp\/v2\/posts\/105774\/revisions\/105775"}],"wp:attachment":[{"href":"https:\/\/gazdasagportal.hu\/index.php\/wp-json\/wp\/v2\/media?parent=105774"}],"wp:term":[{"taxonomy":"category","embeddable":true,"href":"https:\/\/gazdasagportal.hu\/index.php\/wp-json\/wp\/v2\/categories?post=105774"},{"taxonomy":"post_tag","embeddable":true,"href":"https:\/\/gazdasagportal.hu\/index.php\/wp-json\/wp\/v2\/tags?post=105774"}],"curies":[{"name":"wp","href":"https:\/\/api.w.org\/{rel}","templated":true}]}}