{"id":105762,"date":"2018-05-29T14:47:26","date_gmt":"2018-05-29T12:47:26","guid":{"rendered":"http:\/\/gazdasagportal.hu\/?p=105762"},"modified":"2018-05-29T14:47:26","modified_gmt":"2018-05-29T12:47:26","slug":"a-magyarok-ujra-elhiszik-hogy-tobbre-kepesek-mintsem-hogy-ugyesen-lavirozzanak-es-alkalmazkodjanak","status":"publish","type":"post","link":"https:\/\/gazdasagportal.hu\/index.php\/a-magyarok-ujra-elhiszik-hogy-tobbre-kepesek-mintsem-hogy-ugyesen-lavirozzanak-es-alkalmazkodjanak\/","title":{"rendered":"A magyarok \u00fajra elhiszik, hogy t\u00f6bbre k\u00e9pesek, mintsem hogy \u00fcgyesen lav\u00edrozzanak \u00e9s alkalmazkodjanak"},"content":{"rendered":"<p><strong>A magyarok ma m\u00e1r \u00fajra elhiszik, hogy t\u00f6bbre k\u00e9pesek, mintsem hogy \u00fcgyesen lav\u00edrozzanak \u00e9s alkalmazkodjanak; Magyarorsz\u00e1g ma m\u00e1r nem csak mer gondolkodni, hanem id\u0151nk\u00e9nt mer magyarul gondolkodni &#8211; mondta Orb\u00e1n Viktor minisztereln\u00f6k kedden Budapesten, az Ericsson Magyarorsz\u00e1g \u00faj budapesti sz\u00e9kh\u00e1za \u00e9s fejleszt\u00e9si k\u00f6zpontja megnyit\u00f3 \u00fcnneps\u00e9g\u00e9n.<\/strong><!--more--><\/p>\n<div class=\"ads-in-post1\"><div id=\"gazdasagportal.hu_fullbanner_wideboard\"><\/div>\r\n<\/div>\n<p>    A korm\u00e1nyf\u0151 hozz\u00e1tette: ez l\u00e1that\u00f3 az ad\u00f3rendszeren, a k\u00f6lts\u00e9gvet\u00e9si gazd\u00e1lkod\u00e1son, a befektet\u00e9st\u00e1mogat\u00e1si rendszeren, a k\u00fclpolitik\u00e1n, a hat\u00e1rv\u00e9delmen vagy a migr\u00e1ci\u00f3s politik\u00e1n is.<br \/>\n    A saj\u00e1t logik\u00e1nkat k\u00f6vetj\u00fck, ehhez j\u00f3 adotts\u00e1gaink vannak, a sv\u00e9dekhez hasonl\u00f3an egyed\u00fcl\u00e1ll\u00f3 a nyelv\u00fcnk \u00e9s egyed\u00fcl\u00e1ll\u00f3 az \u00e9szj\u00e1r\u00e1sunk &#8211; jelezte.<br \/>\n    Akkor j\u00e1runk el helyesen, ha a saj\u00e1t \u00e9szj\u00e1r\u00e1sunknak megfelel\u0151en &#8211; a magunk akarata szerint &#8211; a val\u00f3s\u00e1got is k\u00e9pesek vagyunk hajl\u00edtani &#8211; fogalmazott a minisztereln\u00f6k, hozz\u00e1t\u00e9ve: politikusk\u00e9nt ebben l\u00e1tja az innov\u00e1ci\u00f3 l\u00e9nyeg\u00e9t.<br \/>\n<div class=\"ads-in-post2\"><script async src=\"https:\/\/pagead2.googlesyndication.com\/pagead\/js\/adsbygoogle.js\"><\/script>\r\n<ins class=\"adsbygoogle\"\r\n     style=\"display:block\"\r\n     data-ad-format=\"fluid\"\r\n     data-ad-layout-key=\"-6t+ed+2i-1n-4w\"\r\n     data-ad-client=\"ca-pub-1959107119989764\"\r\n     data-ad-slot=\"4008251320\"><\/ins>\r\n<script>\r\n     (adsbygoogle = window.adsbygoogle || []).push({});\r\n<\/script><\/div>\n    Kiemelte: a telekommunik\u00e1ci\u00f3 eur\u00f3pai \u00fatt\u00f6r\u0151i k\u00f6z\u00f6tt a kezdetek \u00f3ta ott voltak a sv\u00e9dek mellett a magyarok is. Pusk\u00e1s Tivadarnak k\u00f6sz\u00f6nhet\u0151en Magyarorsz\u00e1g gyorsan a t\u00e1vk\u00f6zl\u00e9s \u00e9lvonal\u00e1ba ker\u00fclt. Ez az Ericsson alap\u00edt\u00f3j\u00e1nak, a sv\u00e9d telekommunik\u00e1ci\u00f3 atyj\u00e1nak, Lars Magnus Ericssonnak is felt\u0171nt, 1911-ben az els\u0151 k\u00fclf\u00f6ldi beruh\u00e1z\u00f3 Magyarorsz\u00e1gon ebben a szektorban az Ericsson volt &#8211; id\u00e9zte fel Orb\u00e1n Viktor. A magyaroknak ez t\u00f6rt\u00e9nelmi pillanat volt, t\u00f6bb mint 100 \u00e9ve strat\u00e9giai sz\u00f6vets\u00e9get k\u00f6t\u00f6ttek a sv\u00e9dekkel, akkor tal\u00e1n egy l\u00e9p\u00e9ssel a vil\u00e1g el\u0151tt j\u00e1rva &#8211; f\u0171zte hozz\u00e1.<br \/>\n    Hangs\u00falyozta: ugyanilyen l\u00e9p\u00e9sel\u0151nyt szeretn\u00e9nek kialak\u00edtani most, amikor forradalmi \u00e1talakul\u00e1son megy kereszt\u00fcl az eg\u00e9sz vil\u00e1g, \u00e9s a telekommunik\u00e1ci\u00f3s szektor.<br \/>\n    Orb\u00e1n Viktor biztat\u00f3 jelnek nevezte, hogy a magyar gazdas\u00e1gi fejl\u0151d\u00e9s k\u00f6zel negyed\u00e9t az elm\u00falt \u00e9vekben a digit\u00e1lis gazdas\u00e1g adta. Ez a szektor m\u00e1r most strat\u00e9giai jelent\u0151s\u00e9g\u0171 &#8211; folytatta, hozz\u00e1t\u00e9ve: kellene m\u00e9g n\u00e9h\u00e1ny ezer exportk\u00e9pes kkv, \u00e9s mintegy t\u00edzezer fiatal m\u00e9rn\u00f6k \u00e9s informatikus is.<br \/>\n    Hangs\u00falyozta, hogy ez\u00e9rt t\u00e1mogatt\u00e1k \u00e9s t\u00e1mogatj\u00e1k az \u00e1gazat n\u00f6veked\u00e9s\u00e9t: 2010-2014 k\u00f6z\u00f6tt t\u00f6bb mint 1100 c\u00e9g fejl\u0151d\u00e9s\u00e9t seg\u00edtett\u00e9k, 2014-2021 k\u00f6z\u00f6tt pedig minden eddigin\u00e9l t\u00f6bbet, k\u00f6zel 130 milli\u00e1rd forintot fognak ford\u00edtani a telekommunik\u00e1ci\u00f3 fejleszt\u00e9s\u00e9re, t\u00f6bb mint 8 ezer c\u00e9get el\u00e9rve. Eddig 11 \u00e1gazati szerepl\u0151vel k\u00f6t\u00f6tt strat\u00e9giai meg\u00e1llapod\u00e1st a korm\u00e1ny, ezt a munk\u00e1t folytatj\u00e1k &#8211; k\u00f6z\u00f6lte.<br \/>\n    M\u00e1r \u00faj gazdas\u00e1g-filoz\u00f3fiai ir\u00e1nyzatk\u00e9nt besz\u00e9lnek a &#8222;dataizmusr\u00f3l&#8221;, az inform\u00e1ci\u00f3\u00e1raml\u00e1sr\u00f3l \u00e9s a technol\u00f3gi\u00e1r\u00f3l, amely \u00faj korszakot nyitott a 21. sz\u00e1zadi emberis\u00e9g t\u00f6rt\u00e9net\u00e9ben. &#8222;Magyarorsz\u00e1g vezet\u0151inek nem csak a politik\u00e1ban, de a gazdas\u00e1gban, a tudom\u00e1nyban, a szellemi \u00e9letben is meg kell \u00e9rteni\u00fck, hogy aki helyt akar \u00e1llni a j\u00f6v\u0151\u00e9rt folytatott k\u00fczdelmekben, meg kell tanulnia a haj\u00f3z\u00e1st a glob\u00e1lis adatfolyamok, az inform\u00e1ci\u00f3\u00e1raml\u00e1s \u00f3ce\u00e1nj\u00e1n&#8221; &#8211; mutatott r\u00e1 a minisztereln\u00f6k.<br \/>\n    A magyar korm\u00e1ny a gazdas\u00e1gpolitik\u00e1ban emellett a j\u00f6v\u0151 mellett k\u00f6telezte el mag\u00e1t: h\u00f3d\u00edt\u00f3i \u00e9s nyertesei akarnak lenni az egyre b\u0151v\u00fcl\u0151 vil\u00e1gnak, amit a robban\u00e1sszer\u0171 fejl\u0151d\u00e9st mutat\u00f3 tudom\u00e1ny k\u00edn\u00e1l. Az\u00e9rt hozt\u00e1k l\u00e9tre az Innov\u00e1ci\u00f3s \u00e9s Technol\u00f3giai Miniszt\u00e9riumot, hogy a magyarok is ott lehessenek a j\u00f6v\u0151t felfedez\u0151 \u00e9s megh\u00f3d\u00edt\u00f3 nemzetek k\u00f6z\u00f6tt. Kijelentette: meg\u00e9rtett\u00e9k, hogy a j\u00f6v\u0151ben azok az orsz\u00e1gok lesznek versenyk\u00e9pesek, amelyek felk\u00e9sz\u00edtik munkav\u00e1llal\u00f3kat \u00e9s v\u00e1llalataikat az \u00faj technol\u00f3gi\u00e1k alkalmaz\u00e1s\u00e1ra.<br \/>\n    R\u00e1mutatott arra is, hogy a rendszerv\u00e1ltoz\u00e1skor az Ericsson nem \u00f6sszeszerel\u0151 \u00fczemet, alkatr\u00e9szgy\u00e1rat hozott l\u00e9tre Magyarorsz\u00e1gon, hanem azonnal szoftverfejleszt\u0151-k\u00f6zpontot alap\u00edtott. Vill\u00e1mgyorsan felismert\u00e9k, hogy a magyar szellem igazi eur\u00f3pai min\u0151s\u00e9get k\u00e9pvisel, m\u00e1r 1992-ben a BME-vel laborat\u00f3riumot l\u00e9tes\u00edtettek a nagysebess\u00e9g\u0171 h\u00e1l\u00f3zatok kutat\u00e1s\u00e1ra &#8211; id\u00e9zte fel a minisztereln\u00f6k. Az Ericsson kor\u00e1bbi eln\u00f6k\u00e9nek v\u00e1lasza szerint az Ericsson oda k\u00f6lt\u00f6zik, ahol a tud\u00e1s lakik &#8211; Magyarorsz\u00e1g mindig is a tud\u00e1s otthona volt &#8211; h\u00fazta al\u00e1 Orb\u00e1n Viktor.<br \/>\n    A korm\u00e1nyf\u0151 azt mondta: b\u00fcszk\u00e9k arra, hogy a Duna-parton a M\u0171egyetem \u00e9s az ELTE k\u00f6zvetlen szomsz\u00e9ds\u00e1g\u00e1ban kapott helyet az Ericsson egyik legnagyobb k+f k\u00f6zpontja, Magyarorsz\u00e1g egyik legkorszer\u0171bb \u00e9s egyik legnagyobb szerverterme, \u00e9s az Ericsson innov\u00e1ci\u00f3s m\u0171helye, az Ericsson gar\u00e1zs is.<br \/>\n    K\u00f6z\u00f6lte: vez\u00e9rigazgat\u00f3val folytatott t\u00e1rgyal\u00e1saik szerint n\u00e9gy dologgal tehetik sikeress\u00e9 a strat\u00e9giai sz\u00f6vets\u00e9g\u00fcket, ezekkel l\u00e9p\u00e9sel\u0151nyre tehetnek szert a glob\u00e1lis versenyben. Ezek egy\u00fctt Eur\u00f3pa kev\u00e9s orsz\u00e1g\u00e1ban vannak meg: a kiv\u00e1l\u00f3 szakemberek, nagy tud\u00e1sb\u00e1zison alapul\u00f3 modern oktat\u00e1s, a k+f korm\u00e1nyzati szint\u0171 t\u00e1mogat\u00e1sa \u00e9s az \u00e1gazat ir\u00e1nt elk\u00f6telezett k\u00f6lts\u00e9gvet\u00e9si politika &#8211; \u00f6sszegezte Orb\u00e1n Viktor.(MTI)<\/p>\n","protected":false},"excerpt":{"rendered":"<p>A magyarok ma m\u00e1r \u00fajra elhiszik, hogy t\u00f6bbre k\u00e9pesek, mintsem hogy \u00fcgyesen lav\u00edrozzanak \u00e9s alkalmazkodjanak; Magyarorsz\u00e1g ma m\u00e1r nem csak mer gondolkodni, hanem id\u0151nk\u00e9nt mer magyarul gondolkodni &#8211; mondta Orb\u00e1n Viktor minisztereln\u00f6k kedden Budapesten, az Ericsson Magyarorsz\u00e1g \u00faj budapesti sz\u00e9kh\u00e1za \u00e9s fejleszt\u00e9si k\u00f6zpontja megnyit\u00f3 \u00fcnneps\u00e9g\u00e9n.<\/p>\n","protected":false},"author":1,"featured_media":0,"comment_status":"closed","ping_status":"open","sticky":false,"template":"","format":"standard","meta":[],"categories":[4],"tags":[],"_links":{"self":[{"href":"https:\/\/gazdasagportal.hu\/index.php\/wp-json\/wp\/v2\/posts\/105762"}],"collection":[{"href":"https:\/\/gazdasagportal.hu\/index.php\/wp-json\/wp\/v2\/posts"}],"about":[{"href":"https:\/\/gazdasagportal.hu\/index.php\/wp-json\/wp\/v2\/types\/post"}],"author":[{"embeddable":true,"href":"https:\/\/gazdasagportal.hu\/index.php\/wp-json\/wp\/v2\/users\/1"}],"replies":[{"embeddable":true,"href":"https:\/\/gazdasagportal.hu\/index.php\/wp-json\/wp\/v2\/comments?post=105762"}],"version-history":[{"count":1,"href":"https:\/\/gazdasagportal.hu\/index.php\/wp-json\/wp\/v2\/posts\/105762\/revisions"}],"predecessor-version":[{"id":105763,"href":"https:\/\/gazdasagportal.hu\/index.php\/wp-json\/wp\/v2\/posts\/105762\/revisions\/105763"}],"wp:attachment":[{"href":"https:\/\/gazdasagportal.hu\/index.php\/wp-json\/wp\/v2\/media?parent=105762"}],"wp:term":[{"taxonomy":"category","embeddable":true,"href":"https:\/\/gazdasagportal.hu\/index.php\/wp-json\/wp\/v2\/categories?post=105762"},{"taxonomy":"post_tag","embeddable":true,"href":"https:\/\/gazdasagportal.hu\/index.php\/wp-json\/wp\/v2\/tags?post=105762"}],"curies":[{"name":"wp","href":"https:\/\/api.w.org\/{rel}","templated":true}]}}