{"id":105748,"date":"2018-05-29T10:07:13","date_gmt":"2018-05-29T08:07:13","guid":{"rendered":"http:\/\/gazdasagportal.hu\/?p=105748"},"modified":"2018-05-29T10:07:13","modified_gmt":"2018-05-29T08:07:13","slug":"olasz-kormanyalakitas-szakerto-nagy-esellyel-elorehozott-parlamenti-valasztasokat-tartanak-olaszorszagban","status":"publish","type":"post","link":"https:\/\/gazdasagportal.hu\/index.php\/olasz-kormanyalakitas-szakerto-nagy-esellyel-elorehozott-parlamenti-valasztasokat-tartanak-olaszorszagban\/","title":{"rendered":"Olasz korm\u00e1nyalak\u00edt\u00e1s &#8211; Szak\u00e9rt\u0151: nagy es\u00e9llyel el\u0151rehozott parlamenti v\u00e1laszt\u00e1sokat tartanak Olaszorsz\u00e1gban"},"content":{"rendered":"<p><strong>Nagy es\u00e9llyel el\u0151rehozott parlamenti v\u00e1laszt\u00e1sokat tartanak kora \u0151sszel Olaszorsz\u00e1gban, mivel t\u00f6bb politikai er\u0151 is jelezte, hogy nem k\u00edv\u00e1n bizalmat szavazni a Carlo Cottarelli vezette leend\u0151 korm\u00e1nynak &#8211; mondta el Tan\u00e1cs-Mand\u00e1k Fanni Olaszorsz\u00e1g-szak\u00e9rt\u0151 az M1 aktu\u00e1lis csatorna keddi m\u0171sor\u00e1ban.<\/strong><!--more--><\/p>\n<div class=\"ads-in-post1\"><div id=\"gazdasagportal.hu_fullbanner_wideboard\"><\/div>\r\n<\/div>\n<p>    Egyed\u00fcl a baloldali Demokrata P\u00e1rt t\u00e1mogatja a Carlo Cottarelli vezette szak\u00e9rt\u0151i korm\u00e1nyt, ez pedig nem elegend\u0151 a bizalmi szavaz\u00e1s pozit\u00edv kimenetel\u00e9hez &#8211; f\u0171zte hozz\u00e1.<br \/>\n    Elmondta: ha a szak\u00e9rt\u0151i korm\u00e1ny m\u00e9gis bizalmat kap, akkor 2018 v\u00e9g\u00e9ig vezetheti az orsz\u00e1got \u00e9s a k\u00f6vetkez\u0151 v\u00e1laszt\u00e1sok 2019 elej\u00e9n lehetnek.<br \/>\n<div class=\"ads-in-post2\"><script async src=\"https:\/\/pagead2.googlesyndication.com\/pagead\/js\/adsbygoogle.js\"><\/script>\r\n<ins class=\"adsbygoogle\"\r\n     style=\"display:block\"\r\n     data-ad-format=\"fluid\"\r\n     data-ad-layout-key=\"-6t+ed+2i-1n-4w\"\r\n     data-ad-client=\"ca-pub-1959107119989764\"\r\n     data-ad-slot=\"4008251320\"><\/ins>\r\n<script>\r\n     (adsbygoogle = window.adsbygoogle || []).push({});\r\n<\/script><\/div>\n    Sergio Mattarella olasz \u00e1llamf\u0151 h\u00e9tf\u0151n d\u00e9lel\u0151tt b\u00edzta meg Carlo Cottarellit a szak\u00e9rt\u0151i korm\u00e1ny fel\u00e1ll\u00edt\u00e1s\u00e1val, a 64 \u00e9ves k\u00f6zgazd\u00e1sz feltehet\u0151en m\u00e1jus 29-\u00e9n mutatja be az \u00e1llamf\u0151nek a miniszterek n\u00e9vsor\u00e1t.(MTI)<\/p>\n","protected":false},"excerpt":{"rendered":"<p>Nagy es\u00e9llyel el\u0151rehozott parlamenti v\u00e1laszt\u00e1sokat tartanak kora \u0151sszel Olaszorsz\u00e1gban, mivel t\u00f6bb politikai er\u0151 is jelezte, hogy nem k\u00edv\u00e1n bizalmat szavazni a Carlo Cottarelli vezette leend\u0151 korm\u00e1nynak &#8211; mondta el Tan\u00e1cs-Mand\u00e1k Fanni Olaszorsz\u00e1g-szak\u00e9rt\u0151 az M1 aktu\u00e1lis csatorna keddi m\u0171sor\u00e1ban.<\/p>\n","protected":false},"author":1,"featured_media":0,"comment_status":"closed","ping_status":"open","sticky":false,"template":"","format":"standard","meta":[],"categories":[12],"tags":[],"_links":{"self":[{"href":"https:\/\/gazdasagportal.hu\/index.php\/wp-json\/wp\/v2\/posts\/105748"}],"collection":[{"href":"https:\/\/gazdasagportal.hu\/index.php\/wp-json\/wp\/v2\/posts"}],"about":[{"href":"https:\/\/gazdasagportal.hu\/index.php\/wp-json\/wp\/v2\/types\/post"}],"author":[{"embeddable":true,"href":"https:\/\/gazdasagportal.hu\/index.php\/wp-json\/wp\/v2\/users\/1"}],"replies":[{"embeddable":true,"href":"https:\/\/gazdasagportal.hu\/index.php\/wp-json\/wp\/v2\/comments?post=105748"}],"version-history":[{"count":1,"href":"https:\/\/gazdasagportal.hu\/index.php\/wp-json\/wp\/v2\/posts\/105748\/revisions"}],"predecessor-version":[{"id":105749,"href":"https:\/\/gazdasagportal.hu\/index.php\/wp-json\/wp\/v2\/posts\/105748\/revisions\/105749"}],"wp:attachment":[{"href":"https:\/\/gazdasagportal.hu\/index.php\/wp-json\/wp\/v2\/media?parent=105748"}],"wp:term":[{"taxonomy":"category","embeddable":true,"href":"https:\/\/gazdasagportal.hu\/index.php\/wp-json\/wp\/v2\/categories?post=105748"},{"taxonomy":"post_tag","embeddable":true,"href":"https:\/\/gazdasagportal.hu\/index.php\/wp-json\/wp\/v2\/tags?post=105748"}],"curies":[{"name":"wp","href":"https:\/\/api.w.org\/{rel}","templated":true}]}}