{"id":105732,"date":"2018-05-28T14:00:53","date_gmt":"2018-05-28T12:00:53","guid":{"rendered":"http:\/\/gazdasagportal.hu\/?p=105732"},"modified":"2018-05-28T14:00:53","modified_gmt":"2018-05-28T12:00:53","slug":"olasz-kormanyalakitas-carlo-cottarelli-kozgazdaszt-bizta-meg-kormanyalakitassal-az-olasz-allamfo","status":"publish","type":"post","link":"https:\/\/gazdasagportal.hu\/index.php\/olasz-kormanyalakitas-carlo-cottarelli-kozgazdaszt-bizta-meg-kormanyalakitassal-az-olasz-allamfo\/","title":{"rendered":"Olasz korm\u00e1nyalak\u00edt\u00e1s &#8211; Carlo Cottarelli k\u00f6zgazd\u00e1szt b\u00edzta meg korm\u00e1nyalak\u00edt\u00e1ssal az olasz \u00e1llamf\u0151"},"content":{"rendered":"<p><strong>Sergio Mattarella olasz \u00e1llamf\u0151 Carlo Cottarellit b\u00edzta meg h\u00e9tf\u0151 d\u00e9lel\u0151tt azzal, hogy \u00e1ll\u00edtson fel szak\u00e9rt\u0151i korm\u00e1nyt. A k\u00f6zgazd\u00e1sz elfogadta a megb\u00edzat\u00e1st &#8211; k\u00f6z\u00f6lte az olasz eln\u00f6ki palota. <\/strong><!--more--><\/p>\n<div class=\"ads-in-post1\"><div id=\"gazdasagportal.hu_fullbanner_wideboard\"><\/div>\r\n<\/div>\n<p>    A 64 \u00e9ves Cottarelli azt mondta, min\u00e9l el\u0151bb bemutatja az \u00e1llamf\u0151nek a miniszterek n\u00e9vsor\u00e1t, majd bizalmat k\u00e9r a parlamentben. Ez m\u00e1r a k\u00f6vetkez\u0151 napokban megt\u00f6rt\u00e9nhet. Els\u0151 sajt\u00f3nyilatkozat\u00e1ban Cottarelli k\u00e9t forgat\u00f3k\u00f6nyvet v\u00e1zolt fel; elmondta, hogy a h\u00e9ten ismerteti korm\u00e1nya programj\u00e1t a parlamentben. Ha bizalmat kap, akkor a szak\u00e9rt\u0151i korm\u00e1ny 2018 v\u00e9g\u00e9ig vezeti Olaszorsz\u00e1got \u00e9s a k\u00f6vetkez\u0151 v\u00e1laszt\u00e1sok 2019 elej\u00e9n lehetnek. \u00c1m ha korm\u00e1ny\u00e1t leszavazza a t\u00f6rv\u00e9nyhoz\u00e1s, akkor augusztus ut\u00e1n ism\u00e9t \u00e1ltal\u00e1nos v\u00e1laszt\u00e1st tartanak Olaszorsz\u00e1gban.<br \/>\n    Cottarelli vil\u00e1goss\u00e1 tette, hogy nem indul a v\u00e1laszt\u00e1son.<br \/>\n<div class=\"ads-in-post2\"><script async src=\"https:\/\/pagead2.googlesyndication.com\/pagead\/js\/adsbygoogle.js\"><\/script>\r\n<ins class=\"adsbygoogle\"\r\n     style=\"display:block\"\r\n     data-ad-format=\"fluid\"\r\n     data-ad-layout-key=\"-6t+ed+2i-1n-4w\"\r\n     data-ad-client=\"ca-pub-1959107119989764\"\r\n     data-ad-slot=\"4008251320\"><\/ins>\r\n<script>\r\n     (adsbygoogle = window.adsbygoogle || []).push({});\r\n<\/script><\/div>\n    Az olasz jog \u00e9rtelm\u00e9ben a kijel\u00f6lt minisztereln\u00f6k \u00fcgyvezet\u0151 korm\u00e1nyf\u0151k\u00e9nt vezeti a v\u00e9grehajt\u00f3 hatalmat az el\u0151rehozott v\u00e1laszt\u00e1sokig \u00e9s az \u00faj korm\u00e1ny megalakul\u00e1s\u00e1ig, ha korm\u00e1nya nem kap bizalmat a parlamentben.<br \/>\n    Carlo Cottarelli hangs\u00falyozta, hogy az olasz korm\u00e1nyalak\u00edt\u00e1si helyzet fesz\u00fclts\u00e9get teremtett a piacokon. Megjegyezte, k\u00f6zgazd\u00e1szk\u00e9nt biztos\u00edtja, hogy ennek ellen\u00e9re az olaszorsz\u00e1gi gazdas\u00e1g n\u00f6vekedjen \u00e9s a k\u00f6lts\u00e9gvet\u00e9si kiad\u00e1sok ellen\u0151rz\u00e9s alatt maradjanak. Kijelentette: \u00f3vatos p\u00e9nz\u00fcgyi politik\u00e1t biztos\u00edt Olaszorsz\u00e1gnak.<br \/>\n    A 64 \u00e9ves Carlo Cottarelli 1988 \u00f3ta a Nemzetk\u00f6zi Valutalapn\u00e1l (IMF) dolgozik, ahol t\u00f6bb magas tiszts\u00e9get is bet\u00f6lt\u00f6tt. Szakter\u00fclete az ad\u00f3politika, valamint a k\u00f6lts\u00e9gvet\u00e9si kiad\u00e1sok cs\u00f6kkent\u00e9si politik\u00e1ja. 2013-ban az Enrico Letta vezette balk\u00f6z\u00e9p korm\u00e1nyban k\u00f6lts\u00e9gvet\u00e9si revizork\u00e9nt dolgozott, ekkor ragadt r\u00e1 a &#8222;Mister Megszor\u00edt\u00e1s&#8221; g\u00fanyn\u00e9v, \u00e9s sokan ma is \u00edgy ismerik Olaszorsz\u00e1gban.<br \/>\n    A v\u00e1rakoz\u00e1sok szerint Cottarelli korm\u00e1nya nem fog bizalmat kapni a parlamentben.<br \/>\n    A meghi\u00fasult korm\u00e1nyalak\u00edt\u00e1s ut\u00e1n az \u00d6t Csillag Mozgalom (M5S) \u00e9s a Liga min\u00e9l el\u0151bbi v\u00e1laszt\u00e1sokat s\u00fcrget, ak\u00e1r m\u00e1r szeptemberben. Felm\u00e9r\u00e9sek szerint mindk\u00e9t p\u00e1rt n\u00f6velheti t\u00e1mogatotts\u00e1g\u00e1t, az igazi nyertes azonban a Liga vezette jobboldal lehet, amely m\u00e1r m\u00e1rciusban is a legt\u00f6bb szavazatot, 37 sz\u00e1zal\u00e9kot kapta. Az \u00faj v\u00e1laszt\u00e1sokon a jobboldali koal\u00edci\u00f3 ak\u00e1r \u00f6n\u00e1ll\u00f3an is parlamenti t\u00f6bbs\u00e9ghez juthat.<br \/>\n    Carlo Cottarelli megb\u00edzat\u00e1s\u00e1ra Matteo Salvini, a Liga vezet\u0151je \u00fagy reag\u00e1lt, az \u00e1llamf\u0151 seg\u00edts\u00e9g\u00e9vel ism\u00e9t a balk\u00f6z\u00e9p ker\u00fclt korm\u00e1nyra.<br \/>\n    Mattarella vas\u00e1rnap este jelentette be, hogy a p\u00e9nz- \u00e9s t\u0151kepiacok negat\u00edv reakci\u00f3j\u00e1t\u00f3l tartva nem fogadja el az M5S \u00e9s a Liga p\u00e9nz\u00fcgyminiszter-jel\u00f6ltj\u00e9t, az euroszkeptikus n\u00e9zeteir\u0151l ismert Paolo Savon\u00e1t. A kijel\u00f6lt korm\u00e1nyf\u0151, Giuseppe Conte pedig tudatta, hogy visszaadja a korm\u00e1nyalak\u00edt\u00e1si megb\u00edz\u00e1st.<br \/>\n(MTI)<\/p>\n","protected":false},"excerpt":{"rendered":"<p>Sergio Mattarella olasz \u00e1llamf\u0151 Carlo Cottarellit b\u00edzta meg h\u00e9tf\u0151 d\u00e9lel\u0151tt azzal, hogy \u00e1ll\u00edtson fel szak\u00e9rt\u0151i korm\u00e1nyt. A k\u00f6zgazd\u00e1sz elfogadta a megb\u00edzat\u00e1st &#8211; k\u00f6z\u00f6lte az olasz eln\u00f6ki palota.<\/p>\n","protected":false},"author":1,"featured_media":0,"comment_status":"closed","ping_status":"open","sticky":false,"template":"","format":"standard","meta":[],"categories":[12],"tags":[],"_links":{"self":[{"href":"https:\/\/gazdasagportal.hu\/index.php\/wp-json\/wp\/v2\/posts\/105732"}],"collection":[{"href":"https:\/\/gazdasagportal.hu\/index.php\/wp-json\/wp\/v2\/posts"}],"about":[{"href":"https:\/\/gazdasagportal.hu\/index.php\/wp-json\/wp\/v2\/types\/post"}],"author":[{"embeddable":true,"href":"https:\/\/gazdasagportal.hu\/index.php\/wp-json\/wp\/v2\/users\/1"}],"replies":[{"embeddable":true,"href":"https:\/\/gazdasagportal.hu\/index.php\/wp-json\/wp\/v2\/comments?post=105732"}],"version-history":[{"count":1,"href":"https:\/\/gazdasagportal.hu\/index.php\/wp-json\/wp\/v2\/posts\/105732\/revisions"}],"predecessor-version":[{"id":105733,"href":"https:\/\/gazdasagportal.hu\/index.php\/wp-json\/wp\/v2\/posts\/105732\/revisions\/105733"}],"wp:attachment":[{"href":"https:\/\/gazdasagportal.hu\/index.php\/wp-json\/wp\/v2\/media?parent=105732"}],"wp:term":[{"taxonomy":"category","embeddable":true,"href":"https:\/\/gazdasagportal.hu\/index.php\/wp-json\/wp\/v2\/categories?post=105732"},{"taxonomy":"post_tag","embeddable":true,"href":"https:\/\/gazdasagportal.hu\/index.php\/wp-json\/wp\/v2\/tags?post=105732"}],"curies":[{"name":"wp","href":"https:\/\/api.w.org\/{rel}","templated":true}]}}