{"id":105709,"date":"2018-05-28T04:44:22","date_gmt":"2018-05-28T02:44:22","guid":{"rendered":"http:\/\/gazdasagportal.hu\/?p=105709"},"modified":"2018-05-27T20:32:07","modified_gmt":"2018-05-27T18:32:07","slug":"zaporok-zivatarok-es-forrosag-ilyen-napok-jonnek","status":"publish","type":"post","link":"https:\/\/gazdasagportal.hu\/index.php\/zaporok-zivatarok-es-forrosag-ilyen-napok-jonnek\/","title":{"rendered":"Z\u00e1porok, zivatarok \u00e9s forr\u00f3s\u00e1g, ilyen napok j\u00f6nnek"},"content":{"rendered":"<p><strong>A k\u00f6vetkez\u0151 napokban is t\u00f6bbsz\u00f6r v\u00e1rhat\u00f3k z\u00e1porok, zivatarok, de emellett sok lesz a naps\u00fct\u00e9s, egyre melegszik az id\u0151: m\u00e1jus utols\u00f3 napjaiban 32 Celsius-fok is lehet &#8211; der\u00fcl ki az Orsz\u00e1gos Meteorol\u00f3giai Szolg\u00e1lat orsz\u00e1gos, k\u00f6z\u00e9pt\u00e1v\u00fa el\u0151rejelz\u00e9s\u00e9b\u0151l, amelyet vas\u00e1rnap juttattak el az MTI-hez.<\/strong><!--more--><\/p>\n<div class=\"ads-in-post1\"><div id=\"gazdasagportal.hu_fullbanner_wideboard\"><\/div>\r\n<\/div>\n<p>    H\u00e9tf\u0151n t\u00f6bbnyire napos id\u0151 v\u00e1rhat\u00f3, de els\u0151sorban a d\u00e9lut\u00e1ni, kora esti \u00f3r\u00e1kban sz\u00f3rv\u00e1nyosan &#8211; legkisebb es\u00e9llyel az \u00e9szakkeleti megy\u00e9kben &#8211; kialakulhat z\u00e1por, zivatar, helyenk\u00e9nt felh\u0151szakad\u00e1s. A legalacsonyabb h\u0151m\u00e9rs\u00e9klet 13-18, a legmagasabb h\u0151m\u00e9rs\u00e9klet 26-31 fok k\u00f6z\u00f6tt val\u00f3sz\u00edn\u0171.<br \/>\n    Kedden a naps\u00fct\u00e9s mellett helyenk\u00e9nt &#8211; els\u0151sorban a nyugati megy\u00e9kben &#8211; lehet z\u00e1por, zivatar. A minimumh\u0151m\u00e9rs\u00e9klet 14-19, a maximumh\u0151m\u00e9rs\u00e9klet 26-31 fok k\u00f6z\u00f6tt alakul.<br \/>\n    Szerd\u00e1n a nyugati megy\u00e9kben, illetve \u00e9szakkeleten lehet n\u00e9hol z\u00e1por, zivatar. A leghidegebb \u00f3r\u00e1kban 14-19 fok lehet. Napk\u00f6zben 27-32 fokig melegszik a leveg\u0151.<br \/>\n<div class=\"ads-in-post2\"><script async src=\"https:\/\/pagead2.googlesyndication.com\/pagead\/js\/adsbygoogle.js\"><\/script>\r\n<ins class=\"adsbygoogle\"\r\n     style=\"display:block\"\r\n     data-ad-format=\"fluid\"\r\n     data-ad-layout-key=\"-6t+ed+2i-1n-4w\"\r\n     data-ad-client=\"ca-pub-1959107119989764\"\r\n     data-ad-slot=\"4008251320\"><\/ins>\r\n<script>\r\n     (adsbygoogle = window.adsbygoogle || []).push({});\r\n<\/script><\/div>\n    Cs\u00fct\u00f6rt\u00f6k\u00f6n \u00e9s p\u00e9nteken sok naps\u00fct\u00e9s v\u00e1rhat\u00f3, csak elsz\u00f3rtan fordulhat el\u0151 z\u00e1por, zivatar. A legalacsonyabb h\u0151m\u00e9rs\u00e9klet mindk\u00e9t nap 14-20 fok k\u00f6z\u00f6tt val\u00f3sz\u00edn\u0171. A nappali maximumok cs\u00fct\u00f6rt\u00f6k\u00f6n 28-32, p\u00e9nteken 27-32 fok k\u00f6z\u00f6tt alakulnak.<br \/>\n    Szombaton \u00e9s vas\u00e1rnap is sok lesz a naps\u00fct\u00e9s. Szombaton legfeljebb a Dun\u00e1nt\u00falon, vas\u00e1rnap elv\u00e9tve alakulhat ki n\u00e9hol z\u00e1por, zivatar. A minimumh\u0151m\u00e9rs\u00e9klet szombaton 13-18, vas\u00e1rnap 11-16 fok k\u00f6z\u00f6tt val\u00f3sz\u00edn\u0171. Szombaton napk\u00f6zben 24-29, vas\u00e1rnap 23-28 fokig melegszik a leveg\u0151 &#8211; olvashat\u00f3 az el\u0151rejelz\u00e9sben.(MTI)<\/p>\n","protected":false},"excerpt":{"rendered":"<p>A k\u00f6vetkez\u0151 napokban is t\u00f6bbsz\u00f6r v\u00e1rhat\u00f3k z\u00e1porok, zivatarok, de emellett sok lesz a naps\u00fct\u00e9s, egyre melegszik az id\u0151: m\u00e1jus utols\u00f3 napjaiban 32 Celsius-fok is lehet &#8211; der\u00fcl ki az Orsz\u00e1gos Meteorol\u00f3giai Szolg\u00e1lat orsz\u00e1gos, k\u00f6z\u00e9pt\u00e1v\u00fa el\u0151rejelz\u00e9s\u00e9b\u0151l, amelyet vas\u00e1rnap juttattak el az MTI-hez.<\/p>\n","protected":false},"author":1,"featured_media":0,"comment_status":"closed","ping_status":"open","sticky":false,"template":"","format":"standard","meta":[],"categories":[4],"tags":[],"_links":{"self":[{"href":"https:\/\/gazdasagportal.hu\/index.php\/wp-json\/wp\/v2\/posts\/105709"}],"collection":[{"href":"https:\/\/gazdasagportal.hu\/index.php\/wp-json\/wp\/v2\/posts"}],"about":[{"href":"https:\/\/gazdasagportal.hu\/index.php\/wp-json\/wp\/v2\/types\/post"}],"author":[{"embeddable":true,"href":"https:\/\/gazdasagportal.hu\/index.php\/wp-json\/wp\/v2\/users\/1"}],"replies":[{"embeddable":true,"href":"https:\/\/gazdasagportal.hu\/index.php\/wp-json\/wp\/v2\/comments?post=105709"}],"version-history":[{"count":1,"href":"https:\/\/gazdasagportal.hu\/index.php\/wp-json\/wp\/v2\/posts\/105709\/revisions"}],"predecessor-version":[{"id":105710,"href":"https:\/\/gazdasagportal.hu\/index.php\/wp-json\/wp\/v2\/posts\/105709\/revisions\/105710"}],"wp:attachment":[{"href":"https:\/\/gazdasagportal.hu\/index.php\/wp-json\/wp\/v2\/media?parent=105709"}],"wp:term":[{"taxonomy":"category","embeddable":true,"href":"https:\/\/gazdasagportal.hu\/index.php\/wp-json\/wp\/v2\/categories?post=105709"},{"taxonomy":"post_tag","embeddable":true,"href":"https:\/\/gazdasagportal.hu\/index.php\/wp-json\/wp\/v2\/tags?post=105709"}],"curies":[{"name":"wp","href":"https:\/\/api.w.org\/{rel}","templated":true}]}}