{"id":105705,"date":"2018-05-27T20:26:33","date_gmt":"2018-05-27T18:26:33","guid":{"rendered":"http:\/\/gazdasagportal.hu\/?p=105705"},"modified":"2018-05-27T20:26:33","modified_gmt":"2018-05-27T18:26:33","slug":"kutato-varhato-volt-hogy-sziriai-visszaszorulasukkal-megjelennek-a-nyugat-balkanon-dzsihadistak","status":"publish","type":"post","link":"https:\/\/gazdasagportal.hu\/index.php\/kutato-varhato-volt-hogy-sziriai-visszaszorulasukkal-megjelennek-a-nyugat-balkanon-dzsihadistak\/","title":{"rendered":"Kutat\u00f3: v\u00e1rhat\u00f3 volt, hogy sz\u00edriai visszaszorul\u00e1sukkal megjelennek a Nyugat-Balk\u00e1non dzsihadist\u00e1k"},"content":{"rendered":"<p><strong>V\u00e1rhat\u00f3 volt, hogy a Nyugat-Balk\u00e1non megjelennek azok a dzsihadist\u00e1k is, akik Sz\u00edri\u00e1ban harcoltak &#8211; mondta Speidl Bianka, a Migr\u00e1ci\u00f3s Kutat\u00f3int\u00e9zet vezet\u0151je kutat\u00f3ja vas\u00e1rnap az M1 aktu\u00e1lis csatorn\u00e1n.<\/strong><!--more--><\/p>\n<div class=\"ads-in-post1\"><div id=\"gazdasagportal.hu_fullbanner_wideboard\"><\/div>\r\n<\/div>\n<p>    Az Emberi Jogok Sz\u00edriai Megfigyel\u0151k\u00f6zpontja (OSDH)  nev\u0171 emigr\u00e1ns szervezet m\u00e1jus v\u00e9gi jelent\u00e9se szerint az Iszl\u00e1m \u00c1llam Sz\u00edria ter\u00fclet\u00e9nek m\u00e1r csak h\u00e1rom sz\u00e1zal\u00e9k\u00e1t tartja ellen\u0151rz\u00e9se alatt. Az OSDR kor\u00e1bban arr\u00f3l is besz\u00e1molt, hogy a dzsihadist\u00e1k egy r\u00e9sze a harcok idej\u00e9n menek\u00fcltnek adta ki mag\u00e1t.<br \/>\n    Speidl Bianka szerint a Boszni\u00e1ba \u00e9rkez\u0151k nagy r\u00e9sze v\u00e9lhet\u0151en azok k\u00f6z\u00fcl val\u00f3, akik iszlamista meggy\u0151z\u0151d\u00e9sb\u0151l vettek r\u00e9szt a sz\u00edriai harcokban.<br \/>\n    A kutat\u00f3 hangs\u00falyozta: a Boszni\u00e1ba \u00e9rkez\u0151 embereket er\u0151s ellen\u0151rz\u00e9s al\u00e1 kellene vonni, hogy meg lehessen k\u00fcl\u00f6nb\u00f6ztetni a civileket a k\u00f6z\u00e9j\u00fck vegy\u00fcl\u0151 dzsihadist\u00e1kt\u00f3l.(MTI)<br \/>\n<div class=\"ads-in-post2\"><script async src=\"https:\/\/pagead2.googlesyndication.com\/pagead\/js\/adsbygoogle.js\"><\/script>\r\n<ins class=\"adsbygoogle\"\r\n     style=\"display:block\"\r\n     data-ad-format=\"fluid\"\r\n     data-ad-layout-key=\"-6t+ed+2i-1n-4w\"\r\n     data-ad-client=\"ca-pub-1959107119989764\"\r\n     data-ad-slot=\"4008251320\"><\/ins>\r\n<script>\r\n     (adsbygoogle = window.adsbygoogle || []).push({});\r\n<\/script><\/div>\n","protected":false},"excerpt":{"rendered":"<p>V\u00e1rhat\u00f3 volt, hogy a Nyugat-Balk\u00e1non megjelennek azok a dzsihadist\u00e1k is, akik Sz\u00edri\u00e1ban harcoltak &#8211; mondta Speidl Bianka, a Migr\u00e1ci\u00f3s Kutat\u00f3int\u00e9zet vezet\u0151je kutat\u00f3ja vas\u00e1rnap az M1 aktu\u00e1lis csatorn\u00e1n.<\/p>\n","protected":false},"author":1,"featured_media":0,"comment_status":"closed","ping_status":"open","sticky":false,"template":"","format":"standard","meta":[],"categories":[12],"tags":[],"_links":{"self":[{"href":"https:\/\/gazdasagportal.hu\/index.php\/wp-json\/wp\/v2\/posts\/105705"}],"collection":[{"href":"https:\/\/gazdasagportal.hu\/index.php\/wp-json\/wp\/v2\/posts"}],"about":[{"href":"https:\/\/gazdasagportal.hu\/index.php\/wp-json\/wp\/v2\/types\/post"}],"author":[{"embeddable":true,"href":"https:\/\/gazdasagportal.hu\/index.php\/wp-json\/wp\/v2\/users\/1"}],"replies":[{"embeddable":true,"href":"https:\/\/gazdasagportal.hu\/index.php\/wp-json\/wp\/v2\/comments?post=105705"}],"version-history":[{"count":1,"href":"https:\/\/gazdasagportal.hu\/index.php\/wp-json\/wp\/v2\/posts\/105705\/revisions"}],"predecessor-version":[{"id":105706,"href":"https:\/\/gazdasagportal.hu\/index.php\/wp-json\/wp\/v2\/posts\/105705\/revisions\/105706"}],"wp:attachment":[{"href":"https:\/\/gazdasagportal.hu\/index.php\/wp-json\/wp\/v2\/media?parent=105705"}],"wp:term":[{"taxonomy":"category","embeddable":true,"href":"https:\/\/gazdasagportal.hu\/index.php\/wp-json\/wp\/v2\/categories?post=105705"},{"taxonomy":"post_tag","embeddable":true,"href":"https:\/\/gazdasagportal.hu\/index.php\/wp-json\/wp\/v2\/tags?post=105705"}],"curies":[{"name":"wp","href":"https:\/\/api.w.org\/{rel}","templated":true}]}}