{"id":105699,"date":"2018-05-27T11:16:34","date_gmt":"2018-05-27T09:16:34","guid":{"rendered":"http:\/\/gazdasagportal.hu\/?p=105699"},"modified":"2018-05-27T11:16:34","modified_gmt":"2018-05-27T09:16:34","slug":"hosok-napja-a-magyar-hosokre-emlekezik-ma-az-orszag","status":"publish","type":"post","link":"https:\/\/gazdasagportal.hu\/index.php\/hosok-napja-a-magyar-hosokre-emlekezik-ma-az-orszag\/","title":{"rendered":"H\u0151s\u00f6k napja &#8211; A magyar h\u0151s\u00f6kre eml\u00e9kezik ma az orsz\u00e1g"},"content":{"rendered":"<p><strong>Orsz\u00e1gszerte sz\u00e1mos telep\u00fcl\u00e9sen tartanak ma megeml\u00e9kez\u00e9st, szentmis\u00e9t, koszor\u00faz\u00e1st a magyar h\u0151s\u00f6k eml\u00e9k\u00fcnnepe alkalm\u00e1b\u00f3l.<\/strong><!--more--><\/p>\n<div class=\"ads-in-post1\"><div id=\"gazdasagportal.hu_fullbanner_wideboard\"><\/div>\r\n<\/div>\n<p>    Benk\u0151 Tibor honv\u00e9delmi miniszter P\u00e1kozdon, majd d\u00e9lut\u00e1n a Nemzeti \u00d6r\u00f6ks\u00e9g Int\u00e9zete \u00e1ltal szervezett budapesti megeml\u00e9kez\u00e9sen, a R\u00e1koskereszt\u00fari \u00faj k\u00f6ztemet\u0151ben, a magyar katonah\u0151s\u00f6k eml\u00e9km\u0171v\u00e9n\u00e9l mond besz\u00e9det.<br \/>\n    A Tolna megyei Kism\u00e1nyokon Pot\u00e1pi \u00c1rp\u00e1d J\u00e1nos, a Minisztereln\u00f6ks\u00e9g nemzetpolitik\u00e1\u00e9rt felel\u0151s \u00e1llamtitk\u00e1ra, a t\u00e9rs\u00e9g fideszes orsz\u00e1ggy\u0171l\u00e9si k\u00e9pvisel\u0151je mond k\u00f6sz\u00f6nt\u0151t.<br \/>\n    Megeml\u00e9kez\u00e9st tartanak Egerben, Szombathelyen, Zalaegerszegen \u00e9s Balmaz\u00fajv\u00e1rosban is. Szentmis\u00e9vel kezd\u0151dik a h\u0151s\u00f6k napi megeml\u00e9kez\u00e9s Keszthelyen \u00e9s a Vas megyei Harasztifalun. Monoron a megeml\u00e9kez\u0151 szentmise \u00e9s istentisztelet ut\u00e1n az I. vil\u00e1gh\u00e1bor\u00fas \u00e9s a II. vil\u00e1gh\u00e1bor\u00fas eml\u00e9km\u0171n\u00e9l is fejet hajtanak a helyiek.<br \/>\n    Az Orsz\u00e1ggy\u0171l\u00e9s 2001-ben nyilv\u00e1n\u00edtotta a magyar h\u0151s\u00f6k eml\u00e9k\u00fcnnep\u00e9v\u00e9 minden esztend\u0151 m\u00e1jus\u00e1nak utols\u00f3 vas\u00e1rnapj\u00e1t.(MTI)<br \/>\n<div class=\"ads-in-post2\"><script async src=\"https:\/\/pagead2.googlesyndication.com\/pagead\/js\/adsbygoogle.js\"><\/script>\r\n<ins class=\"adsbygoogle\"\r\n     style=\"display:block\"\r\n     data-ad-format=\"fluid\"\r\n     data-ad-layout-key=\"-6t+ed+2i-1n-4w\"\r\n     data-ad-client=\"ca-pub-1959107119989764\"\r\n     data-ad-slot=\"4008251320\"><\/ins>\r\n<script>\r\n     (adsbygoogle = window.adsbygoogle || []).push({});\r\n<\/script><\/div>\n","protected":false},"excerpt":{"rendered":"<p>Orsz\u00e1gszerte sz\u00e1mos telep\u00fcl\u00e9sen tartanak ma megeml\u00e9kez\u00e9st, szentmis\u00e9t, koszor\u00faz\u00e1st a magyar h\u0151s\u00f6k eml\u00e9k\u00fcnnepe alkalm\u00e1b\u00f3l.<\/p>\n","protected":false},"author":1,"featured_media":0,"comment_status":"closed","ping_status":"open","sticky":false,"template":"","format":"standard","meta":[],"categories":[4],"tags":[],"_links":{"self":[{"href":"https:\/\/gazdasagportal.hu\/index.php\/wp-json\/wp\/v2\/posts\/105699"}],"collection":[{"href":"https:\/\/gazdasagportal.hu\/index.php\/wp-json\/wp\/v2\/posts"}],"about":[{"href":"https:\/\/gazdasagportal.hu\/index.php\/wp-json\/wp\/v2\/types\/post"}],"author":[{"embeddable":true,"href":"https:\/\/gazdasagportal.hu\/index.php\/wp-json\/wp\/v2\/users\/1"}],"replies":[{"embeddable":true,"href":"https:\/\/gazdasagportal.hu\/index.php\/wp-json\/wp\/v2\/comments?post=105699"}],"version-history":[{"count":1,"href":"https:\/\/gazdasagportal.hu\/index.php\/wp-json\/wp\/v2\/posts\/105699\/revisions"}],"predecessor-version":[{"id":105700,"href":"https:\/\/gazdasagportal.hu\/index.php\/wp-json\/wp\/v2\/posts\/105699\/revisions\/105700"}],"wp:attachment":[{"href":"https:\/\/gazdasagportal.hu\/index.php\/wp-json\/wp\/v2\/media?parent=105699"}],"wp:term":[{"taxonomy":"category","embeddable":true,"href":"https:\/\/gazdasagportal.hu\/index.php\/wp-json\/wp\/v2\/categories?post=105699"},{"taxonomy":"post_tag","embeddable":true,"href":"https:\/\/gazdasagportal.hu\/index.php\/wp-json\/wp\/v2\/tags?post=105699"}],"curies":[{"name":"wp","href":"https:\/\/api.w.org\/{rel}","templated":true}]}}