{"id":105695,"date":"2018-05-27T04:44:06","date_gmt":"2018-05-27T02:44:06","guid":{"rendered":"http:\/\/gazdasagportal.hu\/?p=105695"},"modified":"2018-05-26T20:57:58","modified_gmt":"2018-05-26T18:57:58","slug":"mszp-tragikus-vereseg-de-nem-halalos-csapas-az-aprilisi-valasztas","status":"publish","type":"post","link":"https:\/\/gazdasagportal.hu\/index.php\/mszp-tragikus-vereseg-de-nem-halalos-csapas-az-aprilisi-valasztas\/","title":{"rendered":"MSZP: tragikus veres\u00e9g, de nem hal\u00e1los csap\u00e1s az \u00e1prilisi v\u00e1laszt\u00e1s"},"content":{"rendered":"<p><strong>Tragikus veres\u00e9g, de nem hal\u00e1los csap\u00e1s az MSZP-nek, a baloldalnak az \u00e1prilisi orsz\u00e1ggy\u0171l\u00e9si v\u00e1laszt\u00e1s eredm\u00e9nye &#8211; mondta az MSZP v\u00e1lasztm\u00e1ny\u00e1nak eln\u00f6ke a test\u00fclet szombati \u00fcl\u00e9se ut\u00e1n az MTI-nek. Hiller Istv\u00e1n k\u00f6z\u00f6lte azt is, jelenleg \u00f6ten aspir\u00e1lnak a szocialista eln\u00f6kjel\u00f6lts\u00e9g\u00e9re, \u0151 viszont nem indul \u00fajra a v\u00e1lasztm\u00e1nyi eln\u00f6ki poszt\u00e9rt.<\/strong><!--more--><\/p>\n<div class=\"ads-in-post1\"><div id=\"gazdasagportal.hu_fullbanner_wideboard\"><\/div>\r\n<\/div>\n<p>    Hiller Istv\u00e1n elmondta, a v\u00e1lasztm\u00e1ny az \u00e1prilis orsz\u00e1ggy\u0171l\u00e9si v\u00e1laszt\u00e1s \u00e9rt\u00e9kel\u00e9s\u00e9t folytatva \u00e1llap\u00edtotta meg, hogy &#8222;tragikus veres\u00e9g&#8221; volt az \u00e1prilis v\u00e1laszt\u00e1s, de ellent\u00e9tben Lengyelorsz\u00e1ggal &#8222;nem hal\u00e1los csap\u00e1s a baloldalra&#8221;.<br \/>\n    Az MSZP meg\u0151rizte parlamenti hely\u00e9t \u00e9s fenntartja a frakci\u00f3sz\u00f6vets\u00e9get a P\u00e1rbesz\u00e9ddel &#8211; mondta, jelezve: folytatj\u00e1k a munk\u00e1t, 650 ezer magyar ember \u00e9rdek\u00e9t k\u00e9pviselik \u00e9s tov\u00e1bb k\u00edv\u00e1nj\u00e1k b\u0151v\u00edteni a szavaz\u00f3ik sz\u00e1m\u00e1t.<br \/>\n    Az MSZP v\u00e1lasztm\u00e1ny\u00e1nak eln\u00f6ke k\u00f6z\u00f6lte, a tov\u00e1bbl\u00e9p\u00e9s lehet\u0151s\u00e9g\u00e9t a vit\u00e1ban a t\u00f6bbs\u00e9g f\u0151leg a vid\u00e9ki, els\u0151sorban a kis- \u00e9s k\u00f6zepes v\u00e1rosi szervezetek \u00fajra\u00e9p\u00edt\u00e9s\u00e9ben l\u00e1tta.<br \/>\n    A t\u00f6bbs\u00e9g szerint el\u0151sz\u00f6r meg kell er\u0151s\u00edteni az MSZP-t, ha ez sikeres lesz, akkor \u00e9rdemes a sz\u00f6vets\u00e9gk\u00f6t\u00e9ssel foglalkozni &#8211; \u00f6sszegezte Hiller Istv\u00e1n, aki elmondta azt is, az MSZP-P\u00e1rbesz\u00e9d frakci\u00f3sz\u00f6vets\u00e9g fenntart\u00e1s\u00e1t a d\u00f6nt\u0151 t\u00f6bbs\u00e9g t\u00e1mogatta.<br \/>\n<div class=\"ads-in-post2\"><script async src=\"https:\/\/pagead2.googlesyndication.com\/pagead\/js\/adsbygoogle.js\"><\/script>\r\n<ins class=\"adsbygoogle\"\r\n     style=\"display:block\"\r\n     data-ad-format=\"fluid\"\r\n     data-ad-layout-key=\"-6t+ed+2i-1n-4w\"\r\n     data-ad-client=\"ca-pub-1959107119989764\"\r\n     data-ad-slot=\"4008251320\"><\/ins>\r\n<script>\r\n     (adsbygoogle = window.adsbygoogle || []).push({});\r\n<\/script><\/div>\n    Besz\u00e1molt arr\u00f3l is, hogy azok, akik az MSZP eln\u00f6kjel\u00f6lts\u00e9g\u00e9re p\u00e1ly\u00e1znak, j\u00fanius elej\u00e9n vid\u00e9ken n\u00e9gy helysz\u00ednen &#8211; Gy\u0151rben, P\u00e9csett, Kecskem\u00e9ten, Ny\u00edregyh\u00e1z\u00e1n &#8211; , majd Budapesten ismertetik a programjukat.<br \/>\n    Hiller Istv\u00e1n elmondta, jelenleg Br\u00f3dy G\u00e1bor, az MSZP v\u00e1lasztm\u00e1ny\u00e1nak tagja, Kunhalmi \u00c1gnes volt budapesti p\u00e1rteln\u00f6k, Mesterh\u00e1zy Attila volt p\u00e1rteln\u00f6k, Szanyi Tibor eur\u00f3pai parlamenti k\u00e9pvisel\u0151 \u00e9s T\u00f3th Bertalan frakci\u00f3vezet\u0151 tervezi, hogy indul a j\u00fanius 17-i tiszt\u00faj\u00edt\u00f3 kongresszuson az eln\u00f6ks\u00e9g\u00e9rt.<br \/>\n    A politikus elmondta, a v\u00e1lasztm\u00e1ny \u00fcl\u00e9s\u00e9n bejelentette, nem indul \u00fajra a test\u00fclet eln\u00f6ki posztj\u00e1\u00e9rt. K\u00f6z\u00f6lte, ez semmif\u00e9le elhat\u00e1rol\u00f3d\u00e1st vagy elt\u00e1volod\u00e1st nem jelent.<br \/>\n    Hiller Istv\u00e1n d\u00f6nt\u00e9s\u00e9t azzal indokolta, k\u00e9t \u00e9ve programalap\u00fa munka terv\u00e9vel p\u00e1ly\u00e1zott a v\u00e1lasztm\u00e1nyi eln\u00f6ki posztra, k\u00e9t sz\u00ednvonalas, karakteres baloldali programot alkottak, de a v\u00e1laszt\u00e1si kamp\u00e1nyban ezekr\u0151l alig volt sz\u00f3. Tudom\u00e1sul kellett vennie, hogy ezeknek a programoknak &#8222;a val\u00f3s hozz\u00e1adott \u00e9rt\u00e9ke&#8221; a v\u00e1laszt\u00e1si kamp\u00e1nyban csek\u00e9ly volt &#8211; tette hozz\u00e1.<br \/>\n    Kit\u00e9rt arra is, T\u00f3th Bertalan javaslat\u00e1ra \u00fagy d\u00f6nt\u00f6ttek, hogy a helyi szervezetekre b\u00edzz\u00e1k a legmegfelel\u0151bb jel\u00f6lt kiv\u00e1laszt\u00e1s\u00e1t, a legjobb egy\u00fcttm\u0171k\u00f6d\u00e9s kialak\u00edt\u00e1s\u00e1t a k\u00f6vetkez\u0151 id\u0151k\u00f6zi polg\u00e1rmester- vagy \u00f6nkorm\u00e1nyzati k\u00e9pvisel\u0151-v\u00e1laszt\u00e1sokon.<br \/>\n    Arra a k\u00e9rd\u00e9sre, volt-e sz\u00f3 a v\u00e1lasztm\u00e1ny \u00fcl\u00e9s\u00e9n arr\u00f3l, hogy Moln\u00e1r Gyula lemondott p\u00e1rteln\u00f6k az eln\u00f6ks\u00e9g tudt\u00e1n k\u00edv\u00fcl egy p\u00e9nz\u00fcgyi t\u00e1mogat\u00e1st is tartalmaz\u00f3 meg\u00e1llapod\u00e1st \u00edrt al\u00e1, Hiller Istv\u00e1n k\u00f6z\u00f6lte, olyan v\u00e9lem\u00e9nyek hangzottak el, hogy ez politikai felel\u0151ss\u00e9g k\u00e9rd\u00e9s\u00e9be tartoz\u00f3 \u00fcgy volt \u00e9s azzal, hogy Moln\u00e1r Gyula lemondott az eln\u00f6ki posztr\u00f3l, v\u00e1llalta a politikai felel\u0151ss\u00e9get.(MTI)<\/p>\n","protected":false},"excerpt":{"rendered":"<p>Tragikus veres\u00e9g, de nem hal\u00e1los csap\u00e1s az MSZP-nek, a baloldalnak az \u00e1prilisi orsz\u00e1ggy\u0171l\u00e9si v\u00e1laszt\u00e1s eredm\u00e9nye &#8211; mondta az MSZP v\u00e1lasztm\u00e1ny\u00e1nak eln\u00f6ke a test\u00fclet szombati \u00fcl\u00e9se ut\u00e1n az MTI-nek. Hiller Istv\u00e1n k\u00f6z\u00f6lte azt is, jelenleg \u00f6ten aspir\u00e1lnak a szocialista eln\u00f6kjel\u00f6lts\u00e9g\u00e9re, \u0151 viszont nem indul \u00fajra a v\u00e1lasztm\u00e1nyi eln\u00f6ki poszt\u00e9rt.<\/p>\n","protected":false},"author":1,"featured_media":0,"comment_status":"closed","ping_status":"open","sticky":false,"template":"","format":"standard","meta":[],"categories":[4,18],"tags":[],"_links":{"self":[{"href":"https:\/\/gazdasagportal.hu\/index.php\/wp-json\/wp\/v2\/posts\/105695"}],"collection":[{"href":"https:\/\/gazdasagportal.hu\/index.php\/wp-json\/wp\/v2\/posts"}],"about":[{"href":"https:\/\/gazdasagportal.hu\/index.php\/wp-json\/wp\/v2\/types\/post"}],"author":[{"embeddable":true,"href":"https:\/\/gazdasagportal.hu\/index.php\/wp-json\/wp\/v2\/users\/1"}],"replies":[{"embeddable":true,"href":"https:\/\/gazdasagportal.hu\/index.php\/wp-json\/wp\/v2\/comments?post=105695"}],"version-history":[{"count":1,"href":"https:\/\/gazdasagportal.hu\/index.php\/wp-json\/wp\/v2\/posts\/105695\/revisions"}],"predecessor-version":[{"id":105696,"href":"https:\/\/gazdasagportal.hu\/index.php\/wp-json\/wp\/v2\/posts\/105695\/revisions\/105696"}],"wp:attachment":[{"href":"https:\/\/gazdasagportal.hu\/index.php\/wp-json\/wp\/v2\/media?parent=105695"}],"wp:term":[{"taxonomy":"category","embeddable":true,"href":"https:\/\/gazdasagportal.hu\/index.php\/wp-json\/wp\/v2\/categories?post=105695"},{"taxonomy":"post_tag","embeddable":true,"href":"https:\/\/gazdasagportal.hu\/index.php\/wp-json\/wp\/v2\/tags?post=105695"}],"curies":[{"name":"wp","href":"https:\/\/api.w.org\/{rel}","templated":true}]}}