{"id":105690,"date":"2018-05-26T22:52:20","date_gmt":"2018-05-26T20:52:20","guid":{"rendered":"http:\/\/gazdasagportal.hu\/?p=105690"},"modified":"2018-05-26T20:53:13","modified_gmt":"2018-05-26T18:53:13","slug":"ismet-tizezrek-tuntetnek-emmanuel-macron-reformpolitikaja-ellen-franciaorszagban","status":"publish","type":"post","link":"https:\/\/gazdasagportal.hu\/index.php\/ismet-tizezrek-tuntetnek-emmanuel-macron-reformpolitikaja-ellen-franciaorszagban\/","title":{"rendered":"Ism\u00e9t t\u00edzezrek t\u00fcntetnek Emmanuel Macron reformpolitik\u00e1ja ellen Franciaorsz\u00e1gban"},"content":{"rendered":"<p><strong>T\u00f6bb mint hatvan francia civil szervezet, egyes\u00fcletek, szakszervezetek, valamint a Jean-Luc M\u00e9lenchon vezette radik\u00e1lis baloldali L\u00e1zad\u00f3 Franciaorsz\u00e1g mintegy nyolcvan helysz\u00ednen szervezett szombaton felvonul\u00e1st tiltakoz\u00e1sul Emmanuel Macron \u00e1llamf\u0151 gazdas\u00e1gpolitik\u00e1ja ellen.<\/strong><!--more--><\/p>\n<div class=\"ads-in-post1\"><div id=\"gazdasagportal.hu_fullbanner_wideboard\"><\/div>\r\n<\/div>\n<p>    A korm\u00e1ny t\u00e1rsadalmi-gazdas\u00e1gi reformpolitik\u00e1j\u00e1val szemben m\u00e1r volt egy hasonl\u00f3 jelleg\u0171 megmozdul\u00e1s m\u00e1jus 5-\u00e9n Macron tavaly m\u00e1jus 7-i hivatalba l\u00e9p\u00e9s\u00e9nek egy\u00e9ves \u00e9vfordul\u00f3ja alkalm\u00e1b\u00f3l, akkor mintegy 40 ezren vonultak fel a rend\u0151rs\u00e9g szerint P\u00e1rizsban, a szervez\u0151k szerint 100 ezren voltak.<br \/>\n    A szervez\u0151k azt rem\u00e9lt\u00e9k, hogy a szakszervezeti \u00e9s a baloldali politikai ellenz\u00e9k els\u0151 \u00f6sszefog\u00e1snak k\u00f6sz\u00f6nhet\u0151en ez\u00fattal t\u00f6bben lesznek az orsz\u00e1gos rendezv\u00e9nyeken, mint a h\u00f3nap elej\u00e9n.<br \/>\n    A rend\u0151rs\u00e9g szerint a f\u0151v\u00e1rosban szombaton 20 ezren, a szakszervezetek szerint 80 ezren tiltakoztak. A francia napilapok (Le Monde, Le Figaro, Les Echos, Lib\u00e9ration \u00e9s M\u00e9diapart) \u00e1ltal megb\u00edzott Occurrence nev\u0171 f\u00fcggetlen c\u00e9g \u00e1ltal v\u00e9gzett sz\u00e1m\u00edt\u00e1sok szerint P\u00e1rizsban 32 ezren vonultak utc\u00e1ra.<br \/>\n    A szervez\u0151k szerint orsz\u00e1gosan 250 ezren tiltakoztak.<br \/>\n    Az adatok azt mutatj\u00e1k, hogy a tiltakoz\u00f3k ar\u00e1nya jelent\u0151s m\u00e9rt\u00e9kben nem v\u00e1ltozott az elm\u00falt hetekben.<br \/>\n    P\u00e1rizsban a Gare d&#8217;Est p\u00e1lyaudvart\u00f3l d\u00e9lut\u00e1n f\u00e9l 3 \u00f3rakor indult a Bastille t\u00e9rre a n\u00e9gy r\u00e9szb\u0151l \u00e1ll\u00f3, t\u00f6bb t\u00edzezres menet: el\u00f6l az el\u00e9gedetlen \u00e1llampolg\u00e1rok, m\u00f6g\u00f6tt\u00fck a civil szervezetek \u00e9s az egyes\u00fcletek, majd a szakszervezetek (CGT Solidaires, Sud Unef) \u00e9s v\u00e9g\u00fcl a radik\u00e1lis baloldali p\u00e1rt, a L\u00e1zad\u00f3 Franciaorsz\u00e1g, amelynek vezet\u0151je, Jean-Luc M\u00e9lenchon azonban nem a f\u0151v\u00e1rosban, hanem ink\u00e1bb a d\u00e9l-franciaorsz\u00e1gi Marseille-ben tiltakozott.<br \/>\n    Hossz\u00fa id\u0151 ut\u00e1n el\u0151sz\u00f6r fordult el\u0151, hogy a francia belpolitik\u00e1ban eddig \u00f6sszefog\u00e1sra k\u00e9ptelen szakszervezetek \u00e9s a L\u00e1zad\u00f3 Franciaorsz\u00e1g k\u00f6z\u00f6s megmozdul\u00e1st szervezett.<br \/>\n    Emmanuel Macron a Szentp\u00e9terv\u00e1ri Nemzetk\u00f6zi Gazdas\u00e1gi F\u00f3rumr\u00f3l p\u00e9nteken el\u0151zetesen az \u00fczente a reformjai ellen t\u00fcntet\u0151knek, hogy a tiltakoz\u00f3nap &#8222;nem fogja meg\u00e1ll\u00edtani&#8221;.<br \/>\n    &#8222;Meghallgatni az embereket nem jelenti azt, hogy a k\u00f6zv\u00e9lem\u00e9ny sz\u00e9lkakasa vagyok, \u00e9s v\u00e1llalom, hogy nem a felm\u00e9r\u00e9sek vagy a t\u00fcntet\u00e9sek f\u00e9ny\u00e9ben vagyok eln\u00f6k, mert azt m\u00e1r sokan csin\u00e1lt\u00e1k&#8221; &#8211; mondta a francia \u00e1llamf\u0151.<br \/>\n<div class=\"ads-in-post2\"><script async src=\"https:\/\/pagead2.googlesyndication.com\/pagead\/js\/adsbygoogle.js\"><\/script>\r\n<ins class=\"adsbygoogle\"\r\n     style=\"display:block\"\r\n     data-ad-format=\"fluid\"\r\n     data-ad-layout-key=\"-6t+ed+2i-1n-4w\"\r\n     data-ad-client=\"ca-pub-1959107119989764\"\r\n     data-ad-slot=\"4008251320\"><\/ins>\r\n<script>\r\n     (adsbygoogle = window.adsbygoogle || []).push({});\r\n<\/script><\/div>\n    A korm\u00e1nyellenes t\u00fcntet\u0151k az orsz\u00e1g versenyk\u00e9pess\u00e9g\u00e9t n\u00f6velni hivatott, egym\u00e1s ut\u00e1n elind\u00edtott reformok ellen tiltakoznak, a m\u00e1r elfogadott munka\u00fcgyi reformt\u00f3l a vas\u00fati reformon (amely ellen a vasutasok \u00e1prilis eleje \u00f3ta g\u00f6rd\u00fcl\u0151 sztr\u00e1jkkal tiltakoznak), az egyetemi felv\u00e9teli bevezet\u00e9s\u00e9n \u00e1t az 5,7 milli\u00f3 f\u0151t foglalkoztat\u00f3 k\u00f6zszf\u00e9r\u00e1ban tervezett 120 ezres munkahely-megsz\u00fcntet\u00e9sig \u00e9s a k\u00f6zalkalmazottaknak a j\u00f6v\u0151re tervezett teljes\u00edtm\u00e9nyalap\u00fa b\u00e9rez\u00e9s\u00e9nek beind\u00edt\u00e1s\u00e1ig.<br \/>\n    A reformok t\u00f6bbs\u00e9g\u00e9t a nemzetgy\u0171l\u00e9sben a korm\u00e1nyp\u00e1rton k\u00edv\u00fcl a hagyom\u00e1nyos jobb- \u00e9s baloldali p\u00e1rtok is t\u00e1mogatj\u00e1k, s nem vesznek r\u00e9szt a tiltakoz\u00f3napon. K\u00e9t nagy szakszervezet, a CFDT \u00e9s az FO pedig az\u00e9rt nem vonult utc\u00e1ra szombaton, mert a tiltakoz\u00e1snak szerint\u00fck a radik\u00e1lis baloldal \u00e9s a kommunist\u00e1k jelenl\u00e9te t\u00fals\u00e1gosan politikai sz\u00ednezetet k\u00f6lcs\u00f6n\u00f6z.<br \/>\n    A p\u00e1rizsi menetet a rend\u0151rs\u00e9g nagy er\u0151kkel biztos\u00edtja \u00e9s rutinellen\u0151rz\u00e9seket is tartott a randal\u00edroz\u00f3k kisz\u0171r\u00e9s\u00e9re, miut\u00e1n az elm\u00falt hetek b\u00e9k\u00e9s tiltakoz\u00e1saiba rendszeresen belekeveredtek antikapitalista anarchist\u00e1k, akik g\u00e9pkocsikat gy\u00fajtottak fel, buszmeg\u00e1ll\u00f3kat rong\u00e1ltak meg \u00e9s kirakatokat t\u00f6rtek be, keresve a sz\u00e1nd\u00e9kos \u00f6sszecsap\u00e1sokat a rend\u0151rs\u00e9ggel.<br \/>\n    A p\u00e1rizsi prefekt\u00fara P\u00e1rizsban 39 embert \u00e1ll\u00edtott el\u0151 a felvonul\u00e1s k\u00f6zben vagy annak k\u00f6zel\u00e9ben, k\u00f6z\u00fcl\u00fck 26-ot \u0151rizetbe vettek zavarg\u00e1sok miatt, miut\u00e1n arcukat eltakar\u00f3 randal\u00edroz\u00f3k megdob\u00e1lt\u00e1k a rend\u0151r\u00f6ket, akik k\u00f6nnyg\u00e1zzal v\u00e1laszoltak. Egy rend\u0151r k\u00f6nnyebben megs\u00e9r\u00fclt.(MTI)<\/p>\n","protected":false},"excerpt":{"rendered":"<p>T\u00f6bb mint hatvan francia civil szervezet, egyes\u00fcletek, szakszervezetek, valamint a Jean-Luc M\u00e9lenchon vezette radik\u00e1lis baloldali L\u00e1zad\u00f3 Franciaorsz\u00e1g mintegy nyolcvan helysz\u00ednen szervezett szombaton felvonul\u00e1st tiltakoz\u00e1sul Emmanuel Macron \u00e1llamf\u0151 gazdas\u00e1gpolitik\u00e1ja ellen.<\/p>\n","protected":false},"author":1,"featured_media":0,"comment_status":"closed","ping_status":"open","sticky":false,"template":"","format":"standard","meta":[],"categories":[12],"tags":[],"_links":{"self":[{"href":"https:\/\/gazdasagportal.hu\/index.php\/wp-json\/wp\/v2\/posts\/105690"}],"collection":[{"href":"https:\/\/gazdasagportal.hu\/index.php\/wp-json\/wp\/v2\/posts"}],"about":[{"href":"https:\/\/gazdasagportal.hu\/index.php\/wp-json\/wp\/v2\/types\/post"}],"author":[{"embeddable":true,"href":"https:\/\/gazdasagportal.hu\/index.php\/wp-json\/wp\/v2\/users\/1"}],"replies":[{"embeddable":true,"href":"https:\/\/gazdasagportal.hu\/index.php\/wp-json\/wp\/v2\/comments?post=105690"}],"version-history":[{"count":1,"href":"https:\/\/gazdasagportal.hu\/index.php\/wp-json\/wp\/v2\/posts\/105690\/revisions"}],"predecessor-version":[{"id":105691,"href":"https:\/\/gazdasagportal.hu\/index.php\/wp-json\/wp\/v2\/posts\/105690\/revisions\/105691"}],"wp:attachment":[{"href":"https:\/\/gazdasagportal.hu\/index.php\/wp-json\/wp\/v2\/media?parent=105690"}],"wp:term":[{"taxonomy":"category","embeddable":true,"href":"https:\/\/gazdasagportal.hu\/index.php\/wp-json\/wp\/v2\/categories?post=105690"},{"taxonomy":"post_tag","embeddable":true,"href":"https:\/\/gazdasagportal.hu\/index.php\/wp-json\/wp\/v2\/tags?post=105690"}],"curies":[{"name":"wp","href":"https:\/\/api.w.org\/{rel}","templated":true}]}}