{"id":105688,"date":"2018-05-26T21:51:01","date_gmt":"2018-05-26T19:51:01","guid":{"rendered":"http:\/\/gazdasagportal.hu\/?p=105688"},"modified":"2018-05-26T20:51:52","modified_gmt":"2018-05-26T18:51:52","slug":"brit-ujsagiro-magyarorszagnak-vezeto-szerepe-lehet-az-iszlam-elleni-kulturalis-harcban","status":"publish","type":"post","link":"https:\/\/gazdasagportal.hu\/index.php\/brit-ujsagiro-magyarorszagnak-vezeto-szerepe-lehet-az-iszlam-elleni-kulturalis-harcban\/","title":{"rendered":"Brit \u00fajs\u00e1g\u00edr\u00f3: Magyarorsz\u00e1gnak vezet\u0151 szerepe lehet az iszl\u00e1m elleni kultur\u00e1lis harcban"},"content":{"rendered":"<p><strong>Kultur\u00e1lis keresztes hadj\u00e1ratra van sz\u00fcks\u00e9g, a civiliz\u00e1ci\u00f3ra az egyik legnagyobb vesz\u00e9lyt jelent\u0151 iszl\u00e1m ellen, \u00e9s ebben Magyarorsz\u00e1gnak vezet\u0151 szerepe lehet Milo Yiannopoulos brit \u00fajs\u00e1g\u00edr\u00f3 szerint.<\/strong><!--more--><\/p>\n<div class=\"ads-in-post1\"><div id=\"gazdasagportal.hu_fullbanner_wideboard\"><\/div>\r\n<\/div>\n<p>    Az M1 aktu\u00e1lis m\u0171sor\u00e1ban szombat este k\u00f6z\u00f6lt exkluz\u00edv interj\u00faban a jobboldali, amerikai Breitbart News h\u00edrport\u00e1l kor\u00e1bbi szerkeszt\u0151je kijelentette: a kultur\u00e1lis keresztes hadj\u00e1ratnak egy olyan eur\u00f3pai orsz\u00e1gb\u00f3l kell indulnia, amely a kommunizmus \u00e9s a n\u00e1cizmus legs\u00f6t\u00e9tebb korszakait is megtapasztalta.<br \/>\n    Magyarorsz\u00e1g kimondhatja, hogy nem k\u00e9r ezekb\u0151l a bev\u00e1ndorl\u00f3kb\u00f3l, mert az emberek nem ezt akarj\u00e1k. &#8222;Sem Eur\u00f3p\u00e1nak, sem a migr\u00e1nsoknak nem j\u00f3, ha korl\u00e1tok n\u00e9lk\u00fcl befogadjuk \u0151ket&#8221; &#8211; fogalmazott az \u00fajs\u00e1g\u00edr\u00f3, aki szerint, ha valaki muszlimnak vallja mag\u00e1t annak nincs helye nyugaton, mert gondolkod\u00e1sa nem \u00f6sszef\u00e9rhet\u0151 az eur\u00f3pai kult\u00far\u00e1val.<br \/>\n    \u00d6r\u00fclne neki, ha Orb\u00e1n Viktor az \u00e9l\u00e9re \u00e1llna ennek a keresztes h\u00e1bor\u00fanak &#8211; jegyezte meg.<br \/>\n<div class=\"ads-in-post2\"><script async src=\"https:\/\/pagead2.googlesyndication.com\/pagead\/js\/adsbygoogle.js\"><\/script>\r\n<ins class=\"adsbygoogle\"\r\n     style=\"display:block\"\r\n     data-ad-format=\"fluid\"\r\n     data-ad-layout-key=\"-6t+ed+2i-1n-4w\"\r\n     data-ad-client=\"ca-pub-1959107119989764\"\r\n     data-ad-slot=\"4008251320\"><\/ins>\r\n<script>\r\n     (adsbygoogle = window.adsbygoogle || []).push({});\r\n<\/script><\/div>\n    V\u00e9get kell vetni a politikai korrekts\u00e9gnek, \u00e9s meg kell v\u00e9deni az eur\u00f3pai \u00e9rt\u00e9keket &#8211; hangs\u00falyozta Yiannopoulos, aki szerint t\u00e9ves n\u00e9zet, hogy az iszl\u00e1m egy vall\u00e1s, \u00e9s mint minden m\u00e1s b\u00e9kevall\u00e1s, az egy totalit\u00e1rius politikai ideol\u00f3gia is, amely ak\u00e1rhova megy nem integr\u00e1l\u00f3dik, hanem radikaliz\u00e1l\u00f3dik \u00e9s sz\u00e9ls\u0151s\u00e9ges form\u00e1kat \u00f6lt. Az iszl\u00e1m minden\u00fctt gyilkoss\u00e1got \u00e9s elnyom\u00e1st sz\u00fcl &#8211; mondta<br \/>\n    M\u00edg a kereszt\u00e9nys\u00e9g racion\u00e1lis, az iszl\u00e1m az al\u00e1vetetts\u00e9gr\u0151l sz\u00f3l, Allah b\u00e1rmit megtehet &#8211; tette hozz\u00e1.<br \/>\n    A kultur\u00e1lis keresztes h\u00e1bor\u00faval szerinte megel\u0151zhet\u0151 a harmadik vil\u00e1gh\u00e1bor\u00fa. Fel kell mutatni az eur\u00f3pai \u00e9rt\u00e9keket a szabads\u00e1got, a demokr\u00e1ci\u00e1t, a tulajdonjogot, demonstr\u00e1lni a nyugati civiliz\u00e1ci\u00f3 &#8211; a kapitalizmus, a vall\u00e1sszabads\u00e1g, a kereszt\u00e9nys\u00e9g -fels\u0151bbrend\u0171s\u00e9g\u00e9t a vil\u00e1gnak. Megmutatva az iszl\u00e1m orsz\u00e1gokban teoretikus rendben, elnyom\u00e1sban \u00e9l\u0151knek, hogy van jobb vil\u00e1g az \u00f6v\u00e9kn\u00e9l &#8211; mondta.(MTI)<\/p>\n","protected":false},"excerpt":{"rendered":"<p>Kultur\u00e1lis keresztes hadj\u00e1ratra van sz\u00fcks\u00e9g, a civiliz\u00e1ci\u00f3ra az egyik legnagyobb vesz\u00e9lyt jelent\u0151 iszl\u00e1m ellen, \u00e9s ebben Magyarorsz\u00e1gnak vezet\u0151 szerepe lehet Milo Yiannopoulos brit \u00fajs\u00e1g\u00edr\u00f3 szerint.<\/p>\n","protected":false},"author":1,"featured_media":0,"comment_status":"closed","ping_status":"open","sticky":false,"template":"","format":"standard","meta":[],"categories":[4,12],"tags":[],"_links":{"self":[{"href":"https:\/\/gazdasagportal.hu\/index.php\/wp-json\/wp\/v2\/posts\/105688"}],"collection":[{"href":"https:\/\/gazdasagportal.hu\/index.php\/wp-json\/wp\/v2\/posts"}],"about":[{"href":"https:\/\/gazdasagportal.hu\/index.php\/wp-json\/wp\/v2\/types\/post"}],"author":[{"embeddable":true,"href":"https:\/\/gazdasagportal.hu\/index.php\/wp-json\/wp\/v2\/users\/1"}],"replies":[{"embeddable":true,"href":"https:\/\/gazdasagportal.hu\/index.php\/wp-json\/wp\/v2\/comments?post=105688"}],"version-history":[{"count":1,"href":"https:\/\/gazdasagportal.hu\/index.php\/wp-json\/wp\/v2\/posts\/105688\/revisions"}],"predecessor-version":[{"id":105689,"href":"https:\/\/gazdasagportal.hu\/index.php\/wp-json\/wp\/v2\/posts\/105688\/revisions\/105689"}],"wp:attachment":[{"href":"https:\/\/gazdasagportal.hu\/index.php\/wp-json\/wp\/v2\/media?parent=105688"}],"wp:term":[{"taxonomy":"category","embeddable":true,"href":"https:\/\/gazdasagportal.hu\/index.php\/wp-json\/wp\/v2\/categories?post=105688"},{"taxonomy":"post_tag","embeddable":true,"href":"https:\/\/gazdasagportal.hu\/index.php\/wp-json\/wp\/v2\/tags?post=105688"}],"curies":[{"name":"wp","href":"https:\/\/api.w.org\/{rel}","templated":true}]}}