{"id":105678,"date":"2018-05-26T15:22:51","date_gmt":"2018-05-26T13:22:51","guid":{"rendered":"http:\/\/gazdasagportal.hu\/?p=105678"},"modified":"2018-05-26T15:22:51","modified_gmt":"2018-05-26T13:22:51","slug":"szakerto-komoly-eredmeny-ukrajna-kettos-allampolgarsagrol-szolo-torvenyjavaslatanak-visszavonasa","status":"publish","type":"post","link":"https:\/\/gazdasagportal.hu\/index.php\/szakerto-komoly-eredmeny-ukrajna-kettos-allampolgarsagrol-szolo-torvenyjavaslatanak-visszavonasa\/","title":{"rendered":"Szak\u00e9rt\u0151: komoly eredm\u00e9ny Ukrajna kett\u0151s \u00e1llampolg\u00e1rs\u00e1gr\u00f3l sz\u00f3l\u00f3 t\u00f6rv\u00e9nyjavaslat\u00e1nak visszavon\u00e1sa"},"content":{"rendered":"<p><strong>Horv\u00e1th J\u00f3zsef biztons\u00e1gpolitikai szak\u00e9rt\u0151 szerint komoly eredm\u00e9ny, hogy az ukr\u00e1n eln\u00f6k visszavonta a kett\u0151s \u00e1llampolg\u00e1rs\u00e1gr\u00f3l sz\u00f3l\u00f3 t\u00f6rv\u00e9ny m\u00f3dos\u00edt\u00e1si javaslat\u00e1t.<\/strong><!--more--><\/p>\n<div class=\"ads-in-post1\"><div id=\"gazdasagportal.hu_fullbanner_wideboard\"><\/div>\r\n<\/div>\n<p>    A szak\u00e9rt\u0151t az M1 aktu\u00e1lis csatorna szombat reggeli m\u0171sor\u00e1ban annak alkalm\u00e1b\u00f3l k\u00e9rdezt\u00e9k, hogy a magyar korm\u00e1ny a t\u00f6bbi k\u00f6z\u00f6tt elfogadta a k\u00e1rp\u00e1taljai magyars\u00e1g v\u00e9delme \u00e9rdek\u00e9ben k\u00e9sz\u00fclt memorandumot, amelyet minden NATO-tagorsz\u00e1g minisztereln\u00f6ke \u00e9s a szervezet f\u0151titk\u00e1ra sz\u00e1m\u00e1ra is eljuttatnak.<br \/>\n    Horv\u00e1th J\u00f3zsef elmondta: a visszavon\u00e1s a magyar korm\u00e1ny k\u00fclpolitik\u00e1j\u00e1t igazolta, egy l\u00e9p\u00e9ssel siker\u00fclt &#8222;h\u00e1tr\u00e9bb k\u00e9nyszer\u00edteni&#8221; az ukr\u00e1n korm\u00e1nyt.<br \/>\n    Horv\u00e1th J\u00f3zsef kifejtette, a k\u00f6vetkez\u0151 l\u00e9p\u00e9sben azt lehet el\u00e9rni, hogy Ukrajna a NATO-hoz val\u00f3 k\u00f6zeled\u00e9si folyamat\u00e1ban tudom\u00e1sul vegye, bels\u0151 jogszab\u00e1lyaiban is tartania kell mag\u00e1t ahhoz, amelyekhez a NATO tagorsz\u00e1gok szigor\u00faan tartj\u00e1k magukat.(MTI)<br \/>\n<div class=\"ads-in-post2\"><script async src=\"https:\/\/pagead2.googlesyndication.com\/pagead\/js\/adsbygoogle.js\"><\/script>\r\n<ins class=\"adsbygoogle\"\r\n     style=\"display:block\"\r\n     data-ad-format=\"fluid\"\r\n     data-ad-layout-key=\"-6t+ed+2i-1n-4w\"\r\n     data-ad-client=\"ca-pub-1959107119989764\"\r\n     data-ad-slot=\"4008251320\"><\/ins>\r\n<script>\r\n     (adsbygoogle = window.adsbygoogle || []).push({});\r\n<\/script><\/div>\n","protected":false},"excerpt":{"rendered":"<p>Horv\u00e1th J\u00f3zsef biztons\u00e1gpolitikai szak\u00e9rt\u0151 szerint komoly eredm\u00e9ny, hogy az ukr\u00e1n eln\u00f6k visszavonta a kett\u0151s \u00e1llampolg\u00e1rs\u00e1gr\u00f3l sz\u00f3l\u00f3 t\u00f6rv\u00e9ny m\u00f3dos\u00edt\u00e1si javaslat\u00e1t.<\/p>\n","protected":false},"author":1,"featured_media":0,"comment_status":"closed","ping_status":"open","sticky":false,"template":"","format":"standard","meta":[],"categories":[12],"tags":[],"_links":{"self":[{"href":"https:\/\/gazdasagportal.hu\/index.php\/wp-json\/wp\/v2\/posts\/105678"}],"collection":[{"href":"https:\/\/gazdasagportal.hu\/index.php\/wp-json\/wp\/v2\/posts"}],"about":[{"href":"https:\/\/gazdasagportal.hu\/index.php\/wp-json\/wp\/v2\/types\/post"}],"author":[{"embeddable":true,"href":"https:\/\/gazdasagportal.hu\/index.php\/wp-json\/wp\/v2\/users\/1"}],"replies":[{"embeddable":true,"href":"https:\/\/gazdasagportal.hu\/index.php\/wp-json\/wp\/v2\/comments?post=105678"}],"version-history":[{"count":1,"href":"https:\/\/gazdasagportal.hu\/index.php\/wp-json\/wp\/v2\/posts\/105678\/revisions"}],"predecessor-version":[{"id":105679,"href":"https:\/\/gazdasagportal.hu\/index.php\/wp-json\/wp\/v2\/posts\/105678\/revisions\/105679"}],"wp:attachment":[{"href":"https:\/\/gazdasagportal.hu\/index.php\/wp-json\/wp\/v2\/media?parent=105678"}],"wp:term":[{"taxonomy":"category","embeddable":true,"href":"https:\/\/gazdasagportal.hu\/index.php\/wp-json\/wp\/v2\/categories?post=105678"},{"taxonomy":"post_tag","embeddable":true,"href":"https:\/\/gazdasagportal.hu\/index.php\/wp-json\/wp\/v2\/tags?post=105678"}],"curies":[{"name":"wp","href":"https:\/\/api.w.org\/{rel}","templated":true}]}}