{"id":105668,"date":"2018-05-25T22:02:39","date_gmt":"2018-05-25T20:02:39","guid":{"rendered":"http:\/\/gazdasagportal.hu\/?p=105668"},"modified":"2018-05-25T22:02:39","modified_gmt":"2018-05-25T20:02:39","slug":"engedelyeztek-a-hadsereg-beveteset-braziliaban-a-sztrajkolok-uttorlaszainak-felszamolasara","status":"publish","type":"post","link":"https:\/\/gazdasagportal.hu\/index.php\/engedelyeztek-a-hadsereg-beveteset-braziliaban-a-sztrajkolok-uttorlaszainak-felszamolasara\/","title":{"rendered":"Enged\u00e9lyezt\u00e9k a hadsereg bevet\u00e9s\u00e9t Braz\u00edli\u00e1ban a sztr\u00e1jkol\u00f3k \u00fattorlaszainak felsz\u00e1mol\u00e1s\u00e1ra"},"content":{"rendered":"<p><strong>Michel Temer brazil eln\u00f6k enged\u00e9lyezte a hadsereg bevet\u00e9s\u00e9t az \u00fattorlaszok felsz\u00e1mol\u00e1s\u00e1ra, ha a d\u00edzel\u00e1remel\u00e9s miatt \u00f6t napja sztr\u00e1jkol\u00f3 kamionsof\u0151r\u00f6k nem vetnek v\u00e9get akci\u00f3juknak &#8211; k\u00f6z\u00f6lte p\u00e9nteken egy nev\u00e9nek elhallgat\u00e1s\u00e1t k\u00e9r\u0151 korm\u00e1nyillet\u00e9kes.<\/strong><!--more--><\/p>\n<div class=\"ads-in-post1\"><div id=\"gazdasagportal.hu_fullbanner_wideboard\"><\/div>\r\n<\/div>\n<p>    A korm\u00e1ny cs\u00fct\u00f6rt\u00f6k este meg\u00e1llapodott ugyan t\u00f6bb szakszervezettel, hogy k\u00e9t h\u00e9tre besz\u00fcntetik a tiltakoz\u00f3 akci\u00f3t. El\u0151z\u0151leg a korm\u00e1ny meg\u00edg\u00e9rte, hogy elt\u00f6rli a d\u00edzelre kiszabott egyik ad\u00f3t, t\u00e1mogatni \u00e9s stabiliz\u00e1lni fogja a d\u00edzel\u00e1rakat, ami id\u00e9n ak\u00e1r 5 milli\u00e1rd re\u00e1los (373 milli\u00e1rd forint) t\u00f6bbletkiad\u00e1st okozhat a k\u00f6lts\u00e9gvet\u00e9sben. A sztr\u00e1jkot kezdem\u00e9nyez\u0151, \u00e1ll\u00edt\u00e1sa szerint mintegy 600 ezer teheraut\u00f3sof\u0151rt t\u00f6m\u00f6r\u00edt\u0151 Abcam szakmai sz\u00f6vets\u00e9g nem volt az al\u00e1\u00edr\u00f3k k\u00f6z\u00f6tt. A meg\u00e1llapod\u00e1s ellen\u00e9re p\u00e9nteken a legt\u00f6bb sz\u00f6vets\u00e9gi \u00e1llamban m\u00e9g \u00e1lltak az \u00fattorlaszok.<br \/>\n    Temer Braz\u00edliav\u00e1rosban elmondott p\u00e9nteki telev\u00edzi\u00f3s \u00fczenet\u00e9ben k\u00f6z\u00f6lte, hogy a kamionsof\u0151r\u00f6k &#8222;radik\u00e1lis kisebbs\u00e9ge&#8221; folytatja az orsz\u00e1gok f\u0151k\u00f6zleked\u00e9si \u00fatvonalainak eltorlaszol\u00e1s\u00e1t. Meger\u0151s\u00edtette, hogy felhatalmazta a hadsereget \u00e9s az aut\u00f3p\u00e1lya-rend\u0151rs\u00e9get, hogy sz\u00fcks\u00e9g eset\u00e9n er\u0151vel tiszt\u00edts\u00e1k meg az utakat.<br \/>\n<div class=\"ads-in-post2\"><script async src=\"https:\/\/pagead2.googlesyndication.com\/pagead\/js\/adsbygoogle.js\"><\/script>\r\n<ins class=\"adsbygoogle\"\r\n     style=\"display:block\"\r\n     data-ad-format=\"fluid\"\r\n     data-ad-layout-key=\"-6t+ed+2i-1n-4w\"\r\n     data-ad-client=\"ca-pub-1959107119989764\"\r\n     data-ad-slot=\"4008251320\"><\/ins>\r\n<script>\r\n     (adsbygoogle = window.adsbygoogle || []).push({});\r\n<\/script><\/div>\n    Sao Paulo v\u00e1ros polg\u00e1rmestere rendk\u00edv\u00fcli \u00e1llapotot vezetett be. Az int\u00e9zked\u00e9s lehet\u0151v\u00e9 teszi egyebek mellett a t\u00f6lt\u0151\u00e1llom\u00e1sokon t\u00e1rolt \u00fczemanyag elkobz\u00e1s\u00e1t.<br \/>\n    A d\u00edzel\u00e1remel\u00e9s miatt ind\u00edtott orsz\u00e1gos tiltakoz\u00e1s miatt val\u00f3s\u00e1gos k\u00e1osz alakult ki az orsz\u00e1gban, ahogy gyakorlatilag nincsen vas\u00fati k\u00f6zleked\u00e9s \u00e9s az \u00e1rusz\u00e1ll\u00edt\u00e1s 60 sz\u00e1zal\u00e9ka k\u00f6z\u00faton t\u00f6rt\u00e9nik: a sztr\u00e1jkol\u00f3 kamionsof\u0151r\u00f6k l\u00e9tfontoss\u00e1g\u00fa \u00fatvonalakon, \u00edgy az olajfinom\u00edt\u00f3khoz, a benzinkutak t\u00f6bbs\u00e9g\u00e9hez vezet\u0151 utakon alak\u00edtottak ki torlaszokat. P\u00e9nteken m\u00e1r t\u00f6bb rep\u00fcl\u0151j\u00e1ratot &#8211; k\u00f6z\u00f6tt\u00fck k\u00e9t nemzetk\u00f6zi j\u00e1ratot &#8211; is t\u00f6r\u00f6lni kellett Braz\u00edliav\u00e1ros rep\u00fcl\u0151ter\u00e9n, mert kimer\u00fcltek a kerozink\u00e9szletek. T\u00f6bb vid\u00e9ki rep\u00fcl\u0151t\u00e9ren is v\u00e1ls\u00e1gos volt helyzet. Latin-Amerika legnagyobb gazdas\u00e1g\u00e1nak t\u00f6bb \u00e1gazata b\u00e9nult meg az \u00fczemanyaghi\u00e1ny miatt. A sztr\u00e1jkol\u00f3k nem engedt\u00e9k be Latin-Amerika legnagyobb kik\u00f6t\u0151j\u00e9be, Santosba a teheraut\u00f3kat, az Abiove \u00e9lelmiszeripari c\u00e9g k\u00f6z\u00f6lte, hogy szombaton le\u00e1ll a sz\u00f3jaexport, ha a teheraut\u00f3kat tov\u00e1bbra sem engedik be a fontosabb kik\u00f6t\u0151kbe.<br \/>\n    A sztr\u00e1jk s\u00falyosan \u00e9rintette az orsz\u00e1g kivitel\u00e9t, az aut\u00f3ipar teljesen le\u00e1llt: nem kapj\u00e1k meg sz\u00fcks\u00e9ges alkatr\u00e9szeket \u00e9s nem tudj\u00e1k elsz\u00e1ll\u00edtani a k\u00e9sz j\u00e1rm\u0171veket.<br \/>\n    Az ABPA h\u00fasipari v\u00e1llalat k\u00f6z\u00f6lte, hogy 152 baromfi- \u00e9s sert\u00e9sfeldolgoz\u00f3ja bizonytalan id\u0151re felf\u00fcggesztette a termel\u00e9st. Az \u00e9lelemsz\u00e1ll\u00edt\u00e1s hi\u00e1nya sz\u00e1rnyasok \u00e9s sert\u00e9sek milli\u00f3inak \u00e9let\u00e9t fenyegeti. Orsz\u00e1gszerte ki\u00fcr\u00fcltek a t\u00f6lt\u0151\u00e1llom\u00e1sok, az orsz\u00e1g egyes r\u00e9szeiben a v\u00e1s\u00e1rl\u00f3k p\u00e1nikszer\u0171en lerohant\u00e1k a z\u00f6lds\u00e9g\u00fczleteket. Orsz\u00e1gszerte korl\u00e1tozt\u00e1k, vagy le is \u00e1ll\u00edtott\u00e1k a k\u00f6z\u00f6ss\u00e9gi k\u00f6zleked\u00e9st \u00e9s a szem\u00e9tsz\u00e1ll\u00edt\u00e1st.<br \/>\n    Amennyiben a tiltakoz\u00f3 mozgalom folytat\u00f3dik, a gazdas\u00e1gi k\u00f6vetkezm\u00e9nyek katasztrof\u00e1lisak lehetnek az orsz\u00e1g sz\u00e1m\u00e1ra, amely alig l\u00e1balt ki a 2015-16-os t\u00f6rt\u00e9nelmi recesszi\u00f3b\u00f3l &#8211; jegyezte meg az AFP francia h\u00edr\u00fcgyn\u00f6ks\u00e9g.<br \/>\n    A d\u00edzel a k\u0151olaj vil\u00e1gpiaci \u00e1r\u00e1nak emelked\u00e9se \u00e9s Petrobras \u00e1llami k\u0151olajipari v\u00e1llalatnak a nemzetk\u00f6zi \u00e1rfolyamokhoz alkalmazkod\u00f3 \u00faj \u00e1rpolitik\u00e1ja miatt dr\u00e1gult meg jelent\u0151sen Braz\u00edli\u00e1ban.<br \/>\n(MTI)<\/p>\n","protected":false},"excerpt":{"rendered":"<p>Michel Temer brazil eln\u00f6k enged\u00e9lyezte a hadsereg bevet\u00e9s\u00e9t az \u00fattorlaszok felsz\u00e1mol\u00e1s\u00e1ra, ha a d\u00edzel\u00e1remel\u00e9s miatt \u00f6t napja sztr\u00e1jkol\u00f3 kamionsof\u0151r\u00f6k nem vetnek v\u00e9get akci\u00f3juknak &#8211; k\u00f6z\u00f6lte p\u00e9nteken egy nev\u00e9nek elhallgat\u00e1s\u00e1t k\u00e9r\u0151 korm\u00e1nyillet\u00e9kes.<\/p>\n","protected":false},"author":1,"featured_media":0,"comment_status":"closed","ping_status":"open","sticky":false,"template":"","format":"standard","meta":[],"categories":[13],"tags":[],"_links":{"self":[{"href":"https:\/\/gazdasagportal.hu\/index.php\/wp-json\/wp\/v2\/posts\/105668"}],"collection":[{"href":"https:\/\/gazdasagportal.hu\/index.php\/wp-json\/wp\/v2\/posts"}],"about":[{"href":"https:\/\/gazdasagportal.hu\/index.php\/wp-json\/wp\/v2\/types\/post"}],"author":[{"embeddable":true,"href":"https:\/\/gazdasagportal.hu\/index.php\/wp-json\/wp\/v2\/users\/1"}],"replies":[{"embeddable":true,"href":"https:\/\/gazdasagportal.hu\/index.php\/wp-json\/wp\/v2\/comments?post=105668"}],"version-history":[{"count":1,"href":"https:\/\/gazdasagportal.hu\/index.php\/wp-json\/wp\/v2\/posts\/105668\/revisions"}],"predecessor-version":[{"id":105669,"href":"https:\/\/gazdasagportal.hu\/index.php\/wp-json\/wp\/v2\/posts\/105668\/revisions\/105669"}],"wp:attachment":[{"href":"https:\/\/gazdasagportal.hu\/index.php\/wp-json\/wp\/v2\/media?parent=105668"}],"wp:term":[{"taxonomy":"category","embeddable":true,"href":"https:\/\/gazdasagportal.hu\/index.php\/wp-json\/wp\/v2\/categories?post=105668"},{"taxonomy":"post_tag","embeddable":true,"href":"https:\/\/gazdasagportal.hu\/index.php\/wp-json\/wp\/v2\/tags?post=105668"}],"curies":[{"name":"wp","href":"https:\/\/api.w.org\/{rel}","templated":true}]}}