{"id":105664,"date":"2018-05-25T21:45:55","date_gmt":"2018-05-25T19:45:55","guid":{"rendered":"http:\/\/gazdasagportal.hu\/?p=105664"},"modified":"2018-05-25T21:45:55","modified_gmt":"2018-05-25T19:45:55","slug":"koreai-felsziget-szakerto-tockoskent-erte-a-koreaiakat-trump-bejelentese","status":"publish","type":"post","link":"https:\/\/gazdasagportal.hu\/index.php\/koreai-felsziget-szakerto-tockoskent-erte-a-koreaiakat-trump-bejelentese\/","title":{"rendered":"Koreai-f\u00e9lsziget &#8211; Szak\u00e9rt\u0151: tockosk\u00e9nt \u00e9rte a koreaiakat Trump bejelent\u00e9se"},"content":{"rendered":"<p><strong>Csoma M\u00f3zes Korea-szak\u00e9rt\u0151 szerint &#8222;tockosk\u00e9nt&#8221; \u00e9rte a koreaiakat Donald Trump bejelent\u00e9se a Kim Dzsong Un \u00e9szak-koreai vezet\u0151vel Szingap\u00farba tervezett tal\u00e1lkoz\u00f3 lemond\u00e1s\u00e1r\u00f3l.<\/strong><!--more--><\/p>\n<div class=\"ads-in-post1\"><div id=\"gazdasagportal.hu_fullbanner_wideboard\"><\/div>\r\n<\/div>\n<p>    A Nemzeti K\u00f6zszolg\u00e1lati Egyetem munkat\u00e1rsa az M1 aktu\u00e1lis csatorna p\u00e9ntek esti m\u0171sor\u00e1ban azt mondta, ennek legf\u0151bb oka, hogy p\u00e1r \u00f3r\u00e1val a bejelent\u00e9s el\u0151tt z\u00e1rta be a nemzetk\u00f6zi sajt\u00f3 nyilv\u00e1noss\u00e1ga el\u0151tt az egyik nukle\u00e1ris l\u00e9tes\u00edtm\u00e9ny\u00e9t \u00c9szak-Korea. A bejelent\u00e9ssel pedig ezt a l\u00e9p\u00e9st is okafogyott\u00e1 tett\u00e9k.<br \/>\n    A szak\u00e9rt\u0151 szerint Donald Trump d\u00f6nt\u00e9se a vil\u00e1g sz\u00e1mos vezet\u0151j\u00e9b\u0151l nemtetsz\u00e9st v\u00e1ltott ki, a d\u00e9l-koreai sajt\u00f3ban m\u00e1r sok olyan v\u00e9lem\u00e9nyt lehet olvasni, amely szerint a k\u00e9t Kore\u00e1nak egym\u00e1s k\u00f6z\u00f6tt, egy\u00e9b f\u00e9l bevon\u00e1sa n\u00e9lk\u00fcl kellene rendeznie a helyzetet.(MTI)<br \/>\n<div class=\"ads-in-post2\"><script async src=\"https:\/\/pagead2.googlesyndication.com\/pagead\/js\/adsbygoogle.js\"><\/script>\r\n<ins class=\"adsbygoogle\"\r\n     style=\"display:block\"\r\n     data-ad-format=\"fluid\"\r\n     data-ad-layout-key=\"-6t+ed+2i-1n-4w\"\r\n     data-ad-client=\"ca-pub-1959107119989764\"\r\n     data-ad-slot=\"4008251320\"><\/ins>\r\n<script>\r\n     (adsbygoogle = window.adsbygoogle || []).push({});\r\n<\/script><\/div>\n","protected":false},"excerpt":{"rendered":"<p>Csoma M\u00f3zes Korea-szak\u00e9rt\u0151 szerint &#8222;tockosk\u00e9nt&#8221; \u00e9rte a koreaiakat Donald Trump bejelent\u00e9se a Kim Dzsong Un \u00e9szak-koreai vezet\u0151vel Szingap\u00farba tervezett tal\u00e1lkoz\u00f3 lemond\u00e1s\u00e1r\u00f3l.<\/p>\n","protected":false},"author":1,"featured_media":0,"comment_status":"closed","ping_status":"open","sticky":false,"template":"","format":"standard","meta":[],"categories":[13,14],"tags":[],"_links":{"self":[{"href":"https:\/\/gazdasagportal.hu\/index.php\/wp-json\/wp\/v2\/posts\/105664"}],"collection":[{"href":"https:\/\/gazdasagportal.hu\/index.php\/wp-json\/wp\/v2\/posts"}],"about":[{"href":"https:\/\/gazdasagportal.hu\/index.php\/wp-json\/wp\/v2\/types\/post"}],"author":[{"embeddable":true,"href":"https:\/\/gazdasagportal.hu\/index.php\/wp-json\/wp\/v2\/users\/1"}],"replies":[{"embeddable":true,"href":"https:\/\/gazdasagportal.hu\/index.php\/wp-json\/wp\/v2\/comments?post=105664"}],"version-history":[{"count":1,"href":"https:\/\/gazdasagportal.hu\/index.php\/wp-json\/wp\/v2\/posts\/105664\/revisions"}],"predecessor-version":[{"id":105665,"href":"https:\/\/gazdasagportal.hu\/index.php\/wp-json\/wp\/v2\/posts\/105664\/revisions\/105665"}],"wp:attachment":[{"href":"https:\/\/gazdasagportal.hu\/index.php\/wp-json\/wp\/v2\/media?parent=105664"}],"wp:term":[{"taxonomy":"category","embeddable":true,"href":"https:\/\/gazdasagportal.hu\/index.php\/wp-json\/wp\/v2\/categories?post=105664"},{"taxonomy":"post_tag","embeddable":true,"href":"https:\/\/gazdasagportal.hu\/index.php\/wp-json\/wp\/v2\/tags?post=105664"}],"curies":[{"name":"wp","href":"https:\/\/api.w.org\/{rel}","templated":true}]}}