{"id":105662,"date":"2018-05-25T20:24:09","date_gmt":"2018-05-25T18:24:09","guid":{"rendered":"http:\/\/gazdasagportal.hu\/?p=105662"},"modified":"2018-05-25T20:24:09","modified_gmt":"2018-05-25T18:24:09","slug":"utcakat-hazakat-ontott-el-az-eso-keszthelyen","status":"publish","type":"post","link":"https:\/\/gazdasagportal.hu\/index.php\/utcakat-hazakat-ontott-el-az-eso-keszthelyen\/","title":{"rendered":"Utc\u00e1kat, h\u00e1zakat \u00f6nt\u00f6tt el az es\u0151 Keszthelyen"},"content":{"rendered":"<p><strong>T\u00f6bb utc\u00e1t is el\u00f6nt\u00f6tt, h\u00e1zakba, pinc\u00e9kbe t\u00f6rt be a hirtelen lez\u00fadul\u00f3 nagy mennyis\u00e9g\u0171 csapad\u00e9k p\u00e9nteken Keszthelyen, ahol a rend\u0151rs\u00e9g ideiglenesen lez\u00e1rt egy j\u00e1rhatatlann\u00e1 v\u00e1lt utc\u00e1t.<\/strong><!--more--><\/p>\n<div class=\"ads-in-post1\"><div id=\"gazdasagportal.hu_fullbanner_wideboard\"><\/div>\r\n<\/div>\n<p>    Szita Zsolt, a Zala Megyei Katasztr\u00f3fav\u00e9delmi Igazgat\u00f3s\u00e1g helyettes sz\u00f3viv\u0151je az MTI \u00e9rdekl\u0151d\u00e9s\u00e9re elmondta: a p\u00e9nteken kora d\u00e9lut\u00e1n lez\u00fadul\u00f3 nagy mennyis\u00e9g\u0171 csapad\u00e9k pinc\u00e9ket, gar\u00e1zsokat, \u00fczlethelyis\u00e9geket \u00f6nt\u00f6tt el. R\u00f6vid id\u0151 alatt t\u00f6bb mint 30 seg\u00e9lyh\u00edv\u00e1st kaptak, t\u00f6bbs\u00e9g\u00e9ben Keszthelyr\u0151l, kisebb r\u00e9szben Gyenesdi\u00e1sr\u00f3l.<br \/>\n    A keszthelyi t\u0171zolt\u00f3k mellett a pacsai katasztr\u00f3fav\u00e9delmi \u0151rs, valamint h\u00e9v\u00edzi \u00e9s balatongy\u00f6r\u00f6ki \u00f6nk\u00e9ntesek seg\u00edtettek a k\u00e1rok felsz\u00e1mol\u00e1s\u00e1ban, a v\u00edz kiszivatty\u00faz\u00e1s\u00e1ban.<br \/>\n<div class=\"ads-in-post2\"><script async src=\"https:\/\/pagead2.googlesyndication.com\/pagead\/js\/adsbygoogle.js\"><\/script>\r\n<ins class=\"adsbygoogle\"\r\n     style=\"display:block\"\r\n     data-ad-format=\"fluid\"\r\n     data-ad-layout-key=\"-6t+ed+2i-1n-4w\"\r\n     data-ad-client=\"ca-pub-1959107119989764\"\r\n     data-ad-slot=\"4008251320\"><\/ins>\r\n<script>\r\n     (adsbygoogle = window.adsbygoogle || []).push({});\r\n<\/script><\/div>\n    A Zalai H\u00edrlap online oldala egy dr\u00f3nfelv\u00e9tel k\u00e9pein azt mutatta be, hogy Keszthely Z\u00e1mor v\u00e1rosr\u00e9sz\u00e9ben t\u00f6bb utc\u00e1t, kerteket, h\u00e1zakat is el\u00f6nt\u00f6tt az es\u0151. A l\u00e1that\u00f3an t\u00e9rdig vagy m\u00e9g magasabban \u00e9r\u0151 v\u00edzt\u00f6megben aut\u00f3k \u00e1llnak, a s\u00e1ros v\u00edz a Balaton-parti vas\u00fatvonalig \u00e9r.<br \/>\n    A Zala Megyei Rend\u0151r-f\u0151kapit\u00e1nys\u00e1g a police.hu oldalon arr\u00f3l adott h\u00edrt, hogy d\u00e9lut\u00e1n a keszthelyi Csap\u00e1s utca egy szakasz\u00e1t n\u00e9h\u00e1ny \u00f3r\u00e1ra le kellett z\u00e1rni, mivel teljesen j\u00e1rhatatlann\u00e1 v\u00e1lt.<br \/>\n(MTI)<\/p>\n","protected":false},"excerpt":{"rendered":"<p>T\u00f6bb utc\u00e1t is el\u00f6nt\u00f6tt, h\u00e1zakba, pinc\u00e9kbe t\u00f6rt be a hirtelen lez\u00fadul\u00f3 nagy mennyis\u00e9g\u0171 csapad\u00e9k p\u00e9nteken Keszthelyen, ahol a rend\u0151rs\u00e9g ideiglenesen lez\u00e1rt egy j\u00e1rhatatlann\u00e1 v\u00e1lt utc\u00e1t.<\/p>\n","protected":false},"author":1,"featured_media":0,"comment_status":"closed","ping_status":"open","sticky":false,"template":"","format":"standard","meta":[],"categories":[4],"tags":[],"_links":{"self":[{"href":"https:\/\/gazdasagportal.hu\/index.php\/wp-json\/wp\/v2\/posts\/105662"}],"collection":[{"href":"https:\/\/gazdasagportal.hu\/index.php\/wp-json\/wp\/v2\/posts"}],"about":[{"href":"https:\/\/gazdasagportal.hu\/index.php\/wp-json\/wp\/v2\/types\/post"}],"author":[{"embeddable":true,"href":"https:\/\/gazdasagportal.hu\/index.php\/wp-json\/wp\/v2\/users\/1"}],"replies":[{"embeddable":true,"href":"https:\/\/gazdasagportal.hu\/index.php\/wp-json\/wp\/v2\/comments?post=105662"}],"version-history":[{"count":1,"href":"https:\/\/gazdasagportal.hu\/index.php\/wp-json\/wp\/v2\/posts\/105662\/revisions"}],"predecessor-version":[{"id":105663,"href":"https:\/\/gazdasagportal.hu\/index.php\/wp-json\/wp\/v2\/posts\/105662\/revisions\/105663"}],"wp:attachment":[{"href":"https:\/\/gazdasagportal.hu\/index.php\/wp-json\/wp\/v2\/media?parent=105662"}],"wp:term":[{"taxonomy":"category","embeddable":true,"href":"https:\/\/gazdasagportal.hu\/index.php\/wp-json\/wp\/v2\/categories?post=105662"},{"taxonomy":"post_tag","embeddable":true,"href":"https:\/\/gazdasagportal.hu\/index.php\/wp-json\/wp\/v2\/tags?post=105662"}],"curies":[{"name":"wp","href":"https:\/\/api.w.org\/{rel}","templated":true}]}}