{"id":105653,"date":"2018-05-25T15:55:03","date_gmt":"2018-05-25T13:55:03","guid":{"rendered":"http:\/\/gazdasagportal.hu\/?p=105653"},"modified":"2018-05-25T15:22:16","modified_gmt":"2018-05-25T13:22:16","slug":"malaj-utasszallito-moszkva-egy-ukran-buk-maradvanyait-mutathattak-be-a-holland-nyomozok","status":"publish","type":"post","link":"https:\/\/gazdasagportal.hu\/index.php\/malaj-utasszallito-moszkva-egy-ukran-buk-maradvanyait-mutathattak-be-a-holland-nyomozok\/","title":{"rendered":"Mal\u00e1j utassz\u00e1ll\u00edt\u00f3 &#8211; Moszkva: egy ukr\u00e1n Buk maradv\u00e1nyait mutathatt\u00e1k be a holland nyomoz\u00f3k"},"content":{"rendered":"<p><strong>T\u00f6bb mint val\u00f3sz\u00edn\u0171, hogy az ukr\u00e1n hadsereg\u00e9 volt az az 1986-ban gy\u00e1rtott Buk rak\u00e9ta, amely a &#8222;holland nyomoz\u00f3k&#8221; szerint 2014. j\u00falius 17-\u00e9n Ukrajna felett megsemmis\u00edtette a malajziai l\u00e9git\u00e1rsas\u00e1g utassz\u00e1ll\u00edt\u00f3 rep\u00fcl\u0151g\u00e9p\u00e9t, az orosz fegyveres er\u0151kn\u00e9l az ilyen kor\u00fa eszk\u00f6z\u00f6ket a trag\u00e9dia idej\u00e9re leselejtezt\u00e9k &#8211; k\u00f6z\u00f6lte p\u00e9nteken az orosz v\u00e9delmi miniszt\u00e9rium.<\/strong><!--more--><\/p>\n<div class=\"ads-in-post1\"><div id=\"gazdasagportal.hu_fullbanner_wideboard\"><\/div>\r\n<\/div>\n<p>    A t\u00e1rca felh\u00edvta a figyelmet arra, hogy a holland nyomoz\u00f3k, az orosz b\u0171nr\u00e9szess\u00e9get bizony\u00edtand\u00f3, bemutatt\u00e1k a g\u00e9pet eltal\u00e1l\u00f3 rak\u00e9ta hajt\u00f3m\u0171burkolat\u00e1nak egy \u00e9pen maradt darabj\u00e1t, amelyen olvashat\u00f3 az eszk\u00f6z sorozatsz\u00e1ma. Ebb\u0151l kider\u00fclt, hogy a rak\u00e9t\u00e1t 1986-ban a Szovjetuni\u00f3ban gy\u00e1rtott\u00e1k. Mivel az ilyen t\u00edpus\u00fa fegyverek szavatoss\u00e1ga az orosz v\u00e9delmi miniszt\u00e9rium szerint 15 \u00e9vig tart, az 1986-os \u00e9vj\u00e1rat\u00fa Bukokat leselejtezt\u00e9k az orosz hadseregn\u00e9l, \u00e9s \u00fajakat \u00e1ll\u00edtottak hadrendbe helyett\u00fck.<br \/>\n    A moszkvai katonai t\u00e1rca r\u00e1mutatott, hogy 1991-ben, a Szovjetuni\u00f3 sz\u00e9tes\u00e9s\u00e9nek \u00e9v\u00e9ben Ukrajn\u00e1nak mintegy 20 Buk l\u00e9gv\u00e9delmi rak\u00e9ta\u00fcteg jutott, \u00e9s az\u00f3ta Oroszorsz\u00e1g a ter\u00fclet\u00e9n gy\u00e1rtott rak\u00e9t\u00e1kb\u00f3l nem sz\u00e1ll\u00edtott \u00fajabbakat a m\u00e1sik ut\u00f3d\u00e1llamnak.<br \/>\n    &#8222;A holland nyomoz\u00f3bizotts\u00e1g sz\u00e1nd\u00e9kosan elhallgatta a bemutatott, 1986-ban kibocs\u00e1tott rak\u00e9tahajt\u00f3m\u0171 eredet\u00e9t, \u00e9s ennek egyetlen oka az, hogy &#8211; t\u00f6bb mint val\u00f3sz\u00edn\u0171 &#8211; az ukr\u00e1n fegyveres er\u0151k tulajdona&#8221; &#8211; hangoztatta a v\u00e9delmi t\u00e1rca.<br \/>\n<div class=\"ads-in-post2\"><script async src=\"https:\/\/pagead2.googlesyndication.com\/pagead\/js\/adsbygoogle.js\"><\/script>\r\n<ins class=\"adsbygoogle\"\r\n     style=\"display:block\"\r\n     data-ad-format=\"fluid\"\r\n     data-ad-layout-key=\"-6t+ed+2i-1n-4w\"\r\n     data-ad-client=\"ca-pub-1959107119989764\"\r\n     data-ad-slot=\"4008251320\"><\/ins>\r\n<script>\r\n     (adsbygoogle = window.adsbygoogle || []).push({});\r\n<\/script><\/div>\n    Szergej Lavrov orosz k\u00fcl\u00fcgyminiszter &#8211; a Szentp\u00e9terv\u00e1ri Nemzetk\u00f6zi Gazdas\u00e1gi F\u00f3rumon nyilatkozva &#8211; az orosz-brit kett\u0151s \u00fcgyn\u00f6k, Szergej Szkripal \u00fcgy\u00e9hez hasonl\u00edtotta a malajziai utassz\u00e1ll\u00edt\u00f3 lel\u00f6v\u00e9s\u00e9r\u0151l folytatott nyomoz\u00e1st, felh\u00edvva a figyelmet arra, hogy mindk\u00e9t esetben \u00fagy gyan\u00fas\u00edtott\u00e1k meg Oroszorsz\u00e1got, hogy a nyomoz\u00e1st m\u00e9g le sem z\u00e1rt\u00e1k.<br \/>\n    Elmondta, hogy a nap folyam\u00e1n telefonon felh\u00edvta \u0151t holland hivatali partnere, Stef Blok, aki k\u00f6z\u00f6lte vele: H\u00e1g\u00e1nak nincs k\u00e9ts\u00e9ge afel\u0151l, hogy a Buk Oroszorsz\u00e1gb\u00f3l \u00e9rkezett a Donyec-medence szakad\u00e1rok \u00e1ltal ellen\u0151rz\u00f6tt ter\u00fclet\u00e9re.<br \/>\n    &#8222;\u00c9rdekl\u0151dtem n\u00e1la a t\u00e9nyek fel\u0151l, amelyek al\u00e1t\u00e1maszthatn\u00e1k ezeket az \u00e1ll\u00edt\u00e1sokat. Semmilyen t\u00e9nyeket nem hozott fel nekem. Azt mondta, azt akarj\u00e1k, hogy Oroszorsz\u00e1g seg\u00edtsen ezeknek a t\u00e9nyeknek a meg\u00e1llap\u00edt\u00e1s\u00e1ban a semmi \u00e1ltal meg nem er\u0151s\u00edtett gyan\u00fa alapj\u00e1n. Eml\u00e9keztettem r\u00e1, hogy Oroszorsz\u00e1g b\u00e1rki m\u00e1sn\u00e1l nagyobb m\u00e9rt\u00e9kben m\u0171k\u00f6d\u00f6tt egy\u00fctt ezzel a nyomoz\u00e1ssal, rengeteg inform\u00e1ci\u00f3t szolg\u00e1ltatva&#8221; &#8211; mondta az orosz diplom\u00e1cia vezet\u0151je.<br \/>\n    Szerd\u00e1n a malajziai utassz\u00e1ll\u00edt\u00f3 lel\u00f6v\u00e9s\u00e9nek k\u00f6r\u00fclm\u00e9nyeit vizsg\u00e1l\u00f3 nemzetk\u00f6zi szak\u00e9rt\u0151csoport bejelentette: arra az el\u0151zetes k\u00f6vetkeztet\u00e9sre jutott, hogy az MH17-es j\u00e1ratot lel\u00f6v\u0151 Buk-Telar rak\u00e9ta az oroszorsz\u00e1gi Kurszkban \u00e1llom\u00e1soz\u00f3 53. l\u00e9gv\u00e9delmi dand\u00e1rt\u00f3l sz\u00e1rmazik. Cs\u00fct\u00f6rt\u00f6k\u00f6n a holland korm\u00e1ny k\u00f6z\u00f6lte: Hollandia \u00e9s Ausztr\u00e1lia szerint Oroszorsz\u00e1got felel\u0151ss\u00e9g terheli a mal\u00e1j g\u00e9p lel\u00f6v\u00e9s\u00e9ben. H\u00e1ga egy\u00fattal arra k\u00e9rte Moszkv\u00e1t, hogy vegyen r\u00e9szt a rep\u00fcl\u0151g\u00e9p katasztr\u00f3f\u00e1j\u00e1nak r\u00e9szleteit felt\u00e1r\u00f3 t\u00e1rgyal\u00e1sokban a felel\u0151s\u00f6k elsz\u00e1moltathat\u00f3s\u00e1ga \u00e9rdek\u00e9ben.<br \/>\n    Az orosz v\u00e9delmi t\u00e1rca v\u00e1laszul cs\u00fct\u00f6rt\u00f6k\u00f6n azt k\u00f6z\u00f6lte, hogy az orosz fegyveres er\u0151k &#8222;egyetlen l\u00e9gv\u00e9delmi rak\u00e9tarendszere sem haladt \u00e1t soha az orosz-ukr\u00e1n hat\u00e1ron&#8221;. Az orosz k\u00fcl\u00fcgyminiszt\u00e9rium kifog\u00e1solta, hogy a szak\u00e9rt\u0151csoport el\u0151zetes jelent\u00e9s\u00e9t &#8222;nem t\u00e1masztj\u00e1k al\u00e1 bizony\u00edt\u00e9kok&#8221;, \u00e9s r\u00e1mutatott, hogy a test\u00fclet figyelmen k\u00edv\u00fcl hagyta a Moszkva \u00e1ltal rendelkez\u00e9s\u00e9re bocs\u00e1tott anyagok jelent\u0151s r\u00e9sz\u00e9t, egyebek k\u00f6z\u00f6tt orosz r\u00e1di\u00f3lok\u00e1ci\u00f3s megfigyel\u00e9s \u00e1ltal rendelkez\u00e9sre bocs\u00e1tott, &#8222;meghamis\u00edthatatlan \u00e9s megm\u00e1s\u00edthatatlan&#8221; adatokat.<br \/>\n    Vlagyimir Putyin eln\u00f6k azt hangs\u00falyozta, hogy Oroszorsz\u00e1g csak akkor ismerheti el a nyomoz\u00e1s eredm\u00e9ny\u00e9t, ha abban teljes \u00e9rt\u00e9k\u0171en maga is r\u00e9szt vehet. Kifog\u00e1solta, hogy Oroszorsz\u00e1got kiz\u00e1rt\u00e1k a nyomoz\u00e1sb\u00f3l, ellent\u00e9tben Ukrajn\u00e1val, amely megs\u00e9rtette a nemzetk\u00f6zi szab\u00e1lyokat azzal, hogy nem z\u00e1rta le a konfliktus\u00f6vezet feletti l\u00e9gteret.<br \/>\n    A Malaysia Airlines l\u00e9git\u00e1rsas\u00e1g Amszterdamb\u00f3l Kuala Lumpurba tart\u00f3 g\u00e9p\u00e9t Kelet-Ukrajna felett l\u0151tt\u00e9k le 2014. j\u00falius 17-\u00e9n. A fed\u00e9lzeten tart\u00f3zkod\u00f3 mind a 298 utas \u00e9s leg\u00e9nys\u00e9g \u00e9let\u00e9t veszette. Oroszorsz\u00e1g v\u00e9gig tagadta, hogy k\u00f6ze lett volna a g\u00e9p lel\u00f6v\u00e9s\u00e9hez.<br \/>\n    Szergej Szkripal Nagy-Britanni\u00e1ban \u00e9l\u0151 volt orosz-brit kett\u0151s \u00fcgyn\u00f6k\u00f6t \u00e9s l\u00e1ny\u00e1t, a hozz\u00e1 Oroszorsz\u00e1gb\u00f3l vend\u00e9gs\u00e9gbe \u00e9rkezett Julija Szkripalt id\u00e9n m\u00e1rcius 4-\u00e9n s\u00falyos m\u00e9rgez\u00e9ses t\u00fcnetekkel sz\u00e1ll\u00edtott\u00e1k be az angliai Salisbury v\u00e1ros\u00e1nak k\u00f3rh\u00e1z\u00e1ba. Szkripal az orosz katonai h\u00edrszerz\u00e9s ezredesek\u00e9nt az MI6 brit k\u00fcls\u0151 h\u00edrszerz\u00e9s \u00fcgyn\u00f6ke volt, ami miatt haz\u00e1j\u00e1ban b\u00f6rt\u00f6nb\u00fcntet\u00e9sre \u00edt\u00e9lt\u00e9k, de \u00fcgyn\u00f6kcsere keret\u00e9ben elengedt\u00e9k.<br \/>\n    London a mer\u00e9nylettel Oroszorsz\u00e1got gyan\u00fas\u00edtotta meg, amit Moszkva visszautas\u00edtott. Az \u00fcgy miatt 29 orsz\u00e1g utas\u00edtott ki orosz diplomat\u00e1kat, amire Moszkva azonos m\u00f3don v\u00e1laszolt. Szkripalt \u00e9s l\u00e1ny\u00e1t id\u0151k\u00f6zben kiengedt\u00e9k a k\u00f3rh\u00e1zb\u00f3l \u00e9s Julija szerd\u00e1n jelent meg el\u0151sz\u00f6r a nyilv\u00e1noss\u00e1g el\u0151tt egy a videofelv\u00e9telen. A Reuters h\u00edr\u00fcgyn\u00f6ks\u00e9g \u00e1ltal ismertetett k\u00f6zlem\u00e9ny\u00e9ben lesz\u00f6gezte: h\u00e1l\u00e1s az Oroszorsz\u00e1g nagy-britanniai nagyk\u00f6vets\u00e9ge \u00e1ltal felaj\u00e1nlott seg\u00edts\u00e9g\u00e9rt, de nem k\u00edv\u00e1n \u00e9lni vele. Rem\u00e9li viszont, hogy egy nap majd hazat\u00e9rhet Oroszorsz\u00e1gba.(MTI)<\/p>\n","protected":false},"excerpt":{"rendered":"<p>T\u00f6bb mint val\u00f3sz\u00edn\u0171, hogy az ukr\u00e1n hadsereg\u00e9 volt az az 1986-ban gy\u00e1rtott Buk rak\u00e9ta, amely a &#8222;holland nyomoz\u00f3k&#8221; szerint 2014. j\u00falius 17-\u00e9n Ukrajna felett megsemmis\u00edtette a malajziai l\u00e9git\u00e1rsas\u00e1g utassz\u00e1ll\u00edt\u00f3 rep\u00fcl\u0151g\u00e9p\u00e9t, az orosz fegyveres er\u0151kn\u00e9l az ilyen kor\u00fa eszk\u00f6z\u00f6ket a trag\u00e9dia idej\u00e9re leselejtezt\u00e9k &#8211; k\u00f6z\u00f6lte p\u00e9nteken az orosz v\u00e9delmi miniszt\u00e9rium.<\/p>\n","protected":false},"author":1,"featured_media":0,"comment_status":"closed","ping_status":"open","sticky":false,"template":"","format":"standard","meta":[],"categories":[12],"tags":[],"_links":{"self":[{"href":"https:\/\/gazdasagportal.hu\/index.php\/wp-json\/wp\/v2\/posts\/105653"}],"collection":[{"href":"https:\/\/gazdasagportal.hu\/index.php\/wp-json\/wp\/v2\/posts"}],"about":[{"href":"https:\/\/gazdasagportal.hu\/index.php\/wp-json\/wp\/v2\/types\/post"}],"author":[{"embeddable":true,"href":"https:\/\/gazdasagportal.hu\/index.php\/wp-json\/wp\/v2\/users\/1"}],"replies":[{"embeddable":true,"href":"https:\/\/gazdasagportal.hu\/index.php\/wp-json\/wp\/v2\/comments?post=105653"}],"version-history":[{"count":1,"href":"https:\/\/gazdasagportal.hu\/index.php\/wp-json\/wp\/v2\/posts\/105653\/revisions"}],"predecessor-version":[{"id":105654,"href":"https:\/\/gazdasagportal.hu\/index.php\/wp-json\/wp\/v2\/posts\/105653\/revisions\/105654"}],"wp:attachment":[{"href":"https:\/\/gazdasagportal.hu\/index.php\/wp-json\/wp\/v2\/media?parent=105653"}],"wp:term":[{"taxonomy":"category","embeddable":true,"href":"https:\/\/gazdasagportal.hu\/index.php\/wp-json\/wp\/v2\/categories?post=105653"},{"taxonomy":"post_tag","embeddable":true,"href":"https:\/\/gazdasagportal.hu\/index.php\/wp-json\/wp\/v2\/tags?post=105653"}],"curies":[{"name":"wp","href":"https:\/\/api.w.org\/{rel}","templated":true}]}}