{"id":105647,"date":"2018-05-25T14:25:27","date_gmt":"2018-05-25T12:25:27","guid":{"rendered":"http:\/\/gazdasagportal.hu\/?p=105647"},"modified":"2018-05-25T14:25:27","modified_gmt":"2018-05-25T12:25:27","slug":"cib-az-iden-4-szazalekot-kozelito-novekedes-varhato","status":"publish","type":"post","link":"https:\/\/gazdasagportal.hu\/index.php\/cib-az-iden-4-szazalekot-kozelito-novekedes-varhato\/","title":{"rendered":"CIB: az id\u00e9n 4 sz\u00e1zal\u00e9kot k\u00f6zel\u00edt\u0151 n\u00f6veked\u00e9s v\u00e1rhat\u00f3"},"content":{"rendered":"<p><strong>Az id\u00e9n n\u00e9gy sz\u00e1zal\u00e9kot k\u00f6zel\u00edt\u0151 gazdas\u00e1gi n\u00f6veked\u00e9ssel, h\u00e1rom sz\u00e1zal\u00e9k alatti infl\u00e1ci\u00f3val \u00e9s laza monet\u00e1ris politik\u00e1val sz\u00e1molnak a CIB Bank elemz\u0151i &#8211; mondta Trippon Mariann, a p\u00e9nzint\u00e9zet vezet\u0151 elemz\u0151je p\u00e9nteken Budapesten, sajt\u00f3t\u00e1j\u00e9koztat\u00f3n.<\/strong><!--more--><\/p>\n<div class=\"ads-in-post1\"><div id=\"gazdasagportal.hu_fullbanner_wideboard\"><\/div>\r\n<\/div>\n<p>    A bank el\u0151rejelz\u00e9se szerint a p\u00e9nzroml\u00e1s \u00fcteme id\u00e9n \u00e9ves \u00e1tlagban 2,3 sz\u00e1zal\u00e9k lesz, ami 2018 v\u00e9g\u00e9re felmehet 2,7 sz\u00e1zal\u00e9kra.<br \/>\n    Kiemelte: tavaly nagyon er\u0151s \u00e9vet z\u00e1rt a magyar gazdas\u00e1g, id\u00e9n folytat\u00f3dhat a n\u00f6veked\u00e9s, amelyet v\u00e1ltozatlanul a bels\u0151 kereslet \u00f6szt\u00f6n\u00f6z majd. A h\u00e1ztart\u00e1sok fogyaszt\u00e1sa tov\u00e1bb b\u0151v\u00fcl, illetve a n\u00f6veked\u00e9shez nagyban hozz\u00e1j\u00e1rulhatnak az eur\u00f3pai uni\u00f3s forr\u00e1sok is &#8211; tette hozz\u00e1.<br \/>\n    Elmondta: a lakoss\u00e1g hitelfelv\u00e9teli kedve er\u0151s\u00f6dik, de a h\u00e1ztart\u00e1sok GDP-ar\u00e1nyos elad\u00f3sodotts\u00e1ga m\u00e9g alacsony, \u00e9s &#8222;kord\u00e1ban tartj\u00e1k&#8221; a jegybank \u00e1ltal kor\u00e1bban bevezetett ad\u00f3ss\u00e1gf\u00e9k-szab\u00e1lyok is.<br \/>\n    Trippon Mariann r\u00e1mutatott: nem z\u00e1rhat\u00f3 ki a monet\u00e1ris eszk\u00f6zt\u00e1r tov\u00e1bbi \u00e1talak\u00edt\u00e1sa sem.<br \/>\n    A forint v\u00e1rhat\u00f3an folytatja a hat\u00e1rozott ir\u00e1ny n\u00e9lk\u00fcli ingadoz\u00e1st az eur\u00f3val szemben a 305-315-\u00f6s s\u00e1vban &#8211; f\u0171zte hozz\u00e1 a vezet\u0151 elemz\u0151.<br \/>\n<div class=\"ads-in-post2\"><script async src=\"https:\/\/pagead2.googlesyndication.com\/pagead\/js\/adsbygoogle.js\"><\/script>\r\n<ins class=\"adsbygoogle\"\r\n     style=\"display:block\"\r\n     data-ad-format=\"fluid\"\r\n     data-ad-layout-key=\"-6t+ed+2i-1n-4w\"\r\n     data-ad-client=\"ca-pub-1959107119989764\"\r\n     data-ad-slot=\"4008251320\"><\/ins>\r\n<script>\r\n     (adsbygoogle = window.adsbygoogle || []).push({});\r\n<\/script><\/div>\n    Trippon Mariann jelezte: az els\u0151 negyed\u00e9vben a n\u00f6veked\u00e9s nagyon kedvez\u0151 volt, s b\u00e1r az \u00fcteme fokozatosan m\u00e9rs\u00e9kl\u0151dhet az \u00e9v tov\u00e1bbi r\u00e9sz\u00e9ben, az els\u0151 f\u00e9l\u00e9vben 4 sz\u00e1zal\u00e9k k\u00f6zel\u00e9ben maradhat a gazdas\u00e1gi b\u0151v\u00fcl\u00e9s.<br \/>\n    R\u00e1mutatott: az eddig l\u00e1tott beruh\u00e1z\u00e1si trendet \u00e9s az uni\u00f3s forr\u00e1sok v\u00e1rhat\u00f3 felhaszn\u00e1l\u00e1s\u00e1t egyar\u00e1nt figyelembe v\u00e9ve, k\u00e9rd\u00e9ses a n\u00f6veked\u00e9s \u00fctem\u00e9nek fenntarthat\u00f3s\u00e1ga, a j\u00f6v\u0151 \u00e9vben m\u00e1r h\u00e1rom sz\u00e1zal\u00e9k k\u00f6r\u00fcl, vagy kicsivel az alatt n\u00f6vekedhet a magyar GDP.<br \/>\n    Kifejtette: az infl\u00e1ci\u00f3 az idei els\u0151 negyed\u00e9vben l\u00e1tott, a v\u00e1rtn\u00e1l enyh\u00e9n alacsonyabb \u00e9rt\u00e9keket k\u00f6vet\u0151en, az \u00e9v tov\u00e1bbi r\u00e9sz\u00e9ben emelkedik, az idei \u00e9vre prognosztiz\u00e1lt, \u00e9s a 2,4-2,6 sz\u00e1zal\u00e9kos \u00e1tlag\u00e9rt\u00e9k k\u00f6zel\u00e9ben mozg\u00f3 fogyaszt\u00f3i\u00e1r-n\u00f6veked\u00e9sre sz\u00e1m\u00edtanak a bank elemz\u0151i. Hozz\u00e1tette: az \u00e9ves \u00e1tlagos infl\u00e1ci\u00f3 m\u00e9g j\u00f6v\u0151re is 3 sz\u00e1zal\u00e9k alatt maradhat a CIB elemz\u0151i szerint.<br \/>\n    Kiemelte: nem fenyegeti vesz\u00e9ly az \u00e1llamh\u00e1ztart\u00e1si folyamatokat sem, tavaly a tervezett 2,4 sz\u00e1zal\u00e9kn\u00e1l alacsonyabb, 2 sz\u00e1zal\u00e9kos GDP-ar\u00e1nyos, uni\u00f3s elsz\u00e1mol\u00e1s szerinti hi\u00e1ny val\u00f3sult meg, az uni\u00f3s el\u0151finansz\u00edroz\u00e1s miatt a tervn\u00e9l nagyobb p\u00e9nzforgalmi deficittel. Az \u00e9rv\u00e9nyes korm\u00e1nyzati elk\u00e9pzel\u00e9sek szerint az id\u00e9n a c\u00e9l ism\u00e9t a 2,4 sz\u00e1zal\u00e9kos GDP-ar\u00e1nyos deficit. A m\u00e9g mindig gyors GDP-n\u00f6veked\u00e9s \u00e9s a magasabb b\u00e9rek j\u00f3 ir\u00e1nyba terelik az ad\u00f3bev\u00e9teleket, a p\u00e9nzforgalmi hi\u00e1ny ugyanakkor ebben az \u00e9vben is gyorsan n\u0151het &#8211; mondta. B\u00e1r a korm\u00e1nyalak\u00edt\u00e1st k\u00f6vet\u0151en \u00faj ad\u00f3int\u00e9zked\u00e9sek is v\u00e1rhat\u00f3ak, a CIB Bank el\u0151rejelz\u00e9se szerint az ideihez hasonl\u00f3 k\u00f6lts\u00e9gvet\u00e9si folyamatokra lehet sz\u00e1m\u00edtani 2019-ben is &#8211; magyar\u00e1zta a szak\u00e9rt\u0151.<br \/>\n    Trippon Mariann kifejtette: a Magyar Nemzeti Bank (MNB) Monet\u00e1ris Tan\u00e1csa tov\u00e1bbra is a nem-konvencion\u00e1lis int\u00e9zked\u00e9sekre helyezi a hangs\u00falyt, a v\u00e1ltozatlan, 0,90 sz\u00e1zal\u00e9kos alapkamat fenntart\u00e1sa mellett. Kiemelte: az alapkamat, illetve a nulla-k\u00f6zeli bankk\u00f6zi kamatszintek a CIB Bank elemz\u0151i szerint 2018 v\u00e9g\u00e9ig fennmaradhatnak, s\u0151t, m\u00e9g 2019-ben is.<br \/>\n    K\u00e9rd\u00e9sre elmondta: a t\u00f6r\u00f6k gazdas\u00e1g mostani v\u00e1ls\u00e1g\u00e1nak nincs k\u00f6zvetlen hat\u00e1sa Magyarorsz\u00e1gra.<br \/>\n    Az olaj\u00e1r nem n\u0151 tov\u00e1bb a hord\u00f3nk\u00e9nti 80 doll\u00e1ros szintn\u00e9l &#8211; mondta Trippon Mariann.(MTI)<\/p>\n","protected":false},"excerpt":{"rendered":"<p>Az id\u00e9n n\u00e9gy sz\u00e1zal\u00e9kot k\u00f6zel\u00edt\u0151 gazdas\u00e1gi n\u00f6veked\u00e9ssel, h\u00e1rom sz\u00e1zal\u00e9k alatti infl\u00e1ci\u00f3val \u00e9s laza monet\u00e1ris politik\u00e1val sz\u00e1molnak a CIB Bank elemz\u0151i &#8211; mondta Trippon Mariann, a p\u00e9nzint\u00e9zet vezet\u0151 elemz\u0151je p\u00e9nteken Budapesten, sajt\u00f3t\u00e1j\u00e9koztat\u00f3n.<\/p>\n","protected":false},"author":1,"featured_media":0,"comment_status":"closed","ping_status":"open","sticky":false,"template":"","format":"standard","meta":[],"categories":[4,19],"tags":[],"_links":{"self":[{"href":"https:\/\/gazdasagportal.hu\/index.php\/wp-json\/wp\/v2\/posts\/105647"}],"collection":[{"href":"https:\/\/gazdasagportal.hu\/index.php\/wp-json\/wp\/v2\/posts"}],"about":[{"href":"https:\/\/gazdasagportal.hu\/index.php\/wp-json\/wp\/v2\/types\/post"}],"author":[{"embeddable":true,"href":"https:\/\/gazdasagportal.hu\/index.php\/wp-json\/wp\/v2\/users\/1"}],"replies":[{"embeddable":true,"href":"https:\/\/gazdasagportal.hu\/index.php\/wp-json\/wp\/v2\/comments?post=105647"}],"version-history":[{"count":1,"href":"https:\/\/gazdasagportal.hu\/index.php\/wp-json\/wp\/v2\/posts\/105647\/revisions"}],"predecessor-version":[{"id":105648,"href":"https:\/\/gazdasagportal.hu\/index.php\/wp-json\/wp\/v2\/posts\/105647\/revisions\/105648"}],"wp:attachment":[{"href":"https:\/\/gazdasagportal.hu\/index.php\/wp-json\/wp\/v2\/media?parent=105647"}],"wp:term":[{"taxonomy":"category","embeddable":true,"href":"https:\/\/gazdasagportal.hu\/index.php\/wp-json\/wp\/v2\/categories?post=105647"},{"taxonomy":"post_tag","embeddable":true,"href":"https:\/\/gazdasagportal.hu\/index.php\/wp-json\/wp\/v2\/tags?post=105647"}],"curies":[{"name":"wp","href":"https:\/\/api.w.org\/{rel}","templated":true}]}}