{"id":105645,"date":"2018-05-25T12:55:51","date_gmt":"2018-05-25T10:55:51","guid":{"rendered":"http:\/\/gazdasagportal.hu\/?p=105645"},"modified":"2018-05-25T12:55:51","modified_gmt":"2018-05-25T10:55:51","slug":"hollandia-es-ausztralia-oroszorszagot-vadolja-a-malaj-utasszallito-lelovesevel","status":"publish","type":"post","link":"https:\/\/gazdasagportal.hu\/index.php\/hollandia-es-ausztralia-oroszorszagot-vadolja-a-malaj-utasszallito-lelovesevel\/","title":{"rendered":"Hollandia \u00e9s Ausztr\u00e1lia Oroszorsz\u00e1got v\u00e1dolja a mal\u00e1j utassz\u00e1ll\u00edt\u00f3 lel\u00f6v\u00e9s\u00e9vel"},"content":{"rendered":"<p><strong>Hollandia \u00e9s Ausztr\u00e1lia szerint Oroszorsz\u00e1gnak k\u00f6zvetlen felel\u0151ss\u00e9ge van a mal\u00e1j l\u00e9git\u00e1rsas\u00e1g MH17-es j\u00e1rat\u00e1n k\u00f6zleked\u0151 utassz\u00e1ll\u00edt\u00f3 rep\u00fcl\u0151g\u00e9p n\u00e9gy \u00e9vvel ezel\u0151tti lel\u00f6v\u00e9s\u00e9ben &#8211; jelentette be a holland kabinet p\u00e9nteken kiadott nyilatkozat\u00e1ban.<\/strong><!--more--><\/p>\n<div class=\"ads-in-post1\"><div id=\"gazdasagportal.hu_fullbanner_wideboard\"><\/div>\r\n<\/div>\n<p>    A korm\u00e1ny arra k\u00e9rte Oroszorsz\u00e1got, hogy tev\u00e9kenyen vegyen r\u00e9szt a rep\u00fcl\u0151g\u00e9p katasztr\u00f3f\u00e1j\u00e1nak r\u00e9szleteit felt\u00e1r\u00f3 t\u00e1rgyal\u00e1sokban a felel\u0151s\u00f6k elsz\u00e1moltathat\u00f3s\u00e1g\u00e1nak \u00e9rdek\u00e9ben.<br \/>\n    Stef Blok holland k\u00fcl\u00fcgyminiszter al\u00e1h\u00fazta, a nemzetk\u00f6zi vizsg\u00e1l\u00f3csoport meg\u00e1llap\u00edt\u00e1sai egy\u00e9rtelm\u0171en bizony\u00edtj\u00e1k, hogy k\u00f6zvetlen kapcsolat van a rep\u00fcl\u0151g\u00e9p lel\u00f6v\u00e9s\u00e9re haszn\u00e1lt rak\u00e9tarendszer telep\u00edt\u00e9se \u00e9s az orosz hadsereg k\u00f6z\u00f6tt. A mal\u00e1j g\u00e9p megsemmis\u00edt\u00e9se helyrehozhatatlan szenved\u00e9st okozott, amely j\u00f3v\u00e1t\u00e9telt k\u00f6vetel &#8211; tette hozz\u00e1. Kijelentette: a k\u00e9t orsz\u00e1g arra k\u00e9ri Moszkv\u00e1t, ismerje el felel\u0151ss\u00e9g\u00e9t, \u00e9s teljes m\u00e9rt\u00e9kben m\u0171k\u00f6dj\u00f6n egy\u00fctt a nyomoz\u00f3kkal a teljes igazs\u00e1g megismer\u00e9se \u00e9s az igazs\u00e1gszolg\u00e1ltat\u00e1s c\u00e9lj\u00e1b\u00f3l.<br \/>\n<div class=\"ads-in-post2\"><script async src=\"https:\/\/pagead2.googlesyndication.com\/pagead\/js\/adsbygoogle.js\"><\/script>\r\n<ins class=\"adsbygoogle\"\r\n     style=\"display:block\"\r\n     data-ad-format=\"fluid\"\r\n     data-ad-layout-key=\"-6t+ed+2i-1n-4w\"\r\n     data-ad-client=\"ca-pub-1959107119989764\"\r\n     data-ad-slot=\"4008251320\"><\/ins>\r\n<script>\r\n     (adsbygoogle = window.adsbygoogle || []).push({});\r\n<\/script><\/div>\n    A holland \u00e9s az ausztr\u00e1l korm\u00e1ny v\u00e1rhat\u00f3an hivatalos jogi l\u00e9p\u00e9seket tesz az orosz felel\u0151ss\u00e9g meg\u00e1llap\u00edt\u00e1sa \u00e9rdek\u00e9ben &#8211; tette hozz\u00e1.<br \/>\n    Julie Bishop ausztr\u00e1l k\u00fcl\u00fcgyminiszter &#8211; Blok\u00e9val p\u00e1rhuzamosan &#8211; Canberr\u00e1ban tett nyilatkozat\u00e1ban kijelentette, hogy a bemutatott bizony\u00edt\u00e9kok ismeret\u00e9ben az egyetlen levonhat\u00f3 \u00e9sszer\u0171 k\u00f6vetkezet\u00e9s Oroszorsz\u00e1g k\u00f6zvetlen felel\u0151ss\u00e9ge a katasztr\u00f3f\u00e1ban.<br \/>\n    Mint elmondta, Ausztr\u00e1lia \u00e9s Hollandia t\u00e1j\u00e9koztatta Oroszorsz\u00e1got a nemzetk\u00f6zi jog szerinti felel\u0151ss\u00e9g\u00e9r\u0151l. Hozz\u00e1tette: arra k\u00e9rt\u00e9k Moszkv\u00e1t, konstrukt\u00edvan vegyen r\u00e9szt a t\u00e9nyfelt\u00e1r\u00f3 munk\u00e1ban, \u00e9s keresse a j\u00f3v\u00e1t\u00e9tel lehet\u0151s\u00e9geit.<br \/>\n    Cs\u00fct\u00f6rt\u00f6k\u00f6n, az MH17-es j\u00e1rat trag\u00e9di\u00e1j\u00e1nak \u00fcgy\u00e9ben vizsg\u00e1l\u00f3d\u00f3 nemzetk\u00f6zi szak\u00e9rt\u0151csoport tagjai k\u00f6z\u00f6lt\u00e9k, hogy egy orosz katonai egys\u00e9g rak\u00e9t\u00e1ja l\u0151tte le az Amszterdamb\u00f3l Kuala Lumpurba tart\u00f3 rep\u00fcl\u0151g\u00e9pet Kelet-Ukrajna felett 2014 nyar\u00e1n. A Buk-Telar rak\u00e9ta az oroszorsz\u00e1gi Kurszkban \u00e1llom\u00e1soz\u00f3 53. l\u00e9gv\u00e9delmi dand\u00e1rt\u00f3l sz\u00e1rmazik. Mint elmondt\u00e1k, a rep\u00fcl\u0151g\u00e9pet megsemmis\u00edt\u0151 rak\u00e9ta nem sokkal a t\u00e1mad\u00e1s el\u0151tt \u00e9rkezett Kelet-Ukrajn\u00e1ba Oroszorsz\u00e1gb\u00f3l, ahov\u00e1 a Boeing 777-es lel\u00f6v\u00e9se ut\u00e1n vissza is vitt\u00e9k a kil\u00f6v\u0151\u00e1ll\u00e1st. A nyomoz\u00f3k nem nevezt\u00e9k meg a felt\u00e9telezett elk\u00f6vet\u0151ket.<br \/>\n    A n\u00e9gy \u00e9vvel ezel\u0151tti trag\u00e9di\u00e1ban a fed\u00e9lzeten tart\u00f3zkod\u00f3 mind a 298 utas &#8211; k\u00f6zt\u00fck 196 holland \u00e9s 27 ausztr\u00e1l -, valamint a leg\u00e9nys\u00e9g \u00e9let\u00e9t veszette. Oroszorsz\u00e1g v\u00e9gig tagadta, hogy k\u00f6ze lett volna a g\u00e9p lel\u00f6v\u00e9s\u00e9hez.(MTI)<\/p>\n","protected":false},"excerpt":{"rendered":"<p>Hollandia \u00e9s Ausztr\u00e1lia szerint Oroszorsz\u00e1gnak k\u00f6zvetlen felel\u0151ss\u00e9ge van a mal\u00e1j l\u00e9git\u00e1rsas\u00e1g MH17-es j\u00e1rat\u00e1n k\u00f6zleked\u0151 utassz\u00e1ll\u00edt\u00f3 rep\u00fcl\u0151g\u00e9p n\u00e9gy \u00e9vvel ezel\u0151tti lel\u00f6v\u00e9s\u00e9ben &#8211; jelentette be a holland kabinet p\u00e9nteken kiadott nyilatkozat\u00e1ban.<\/p>\n","protected":false},"author":1,"featured_media":0,"comment_status":"closed","ping_status":"open","sticky":false,"template":"","format":"standard","meta":[],"categories":[12],"tags":[],"_links":{"self":[{"href":"https:\/\/gazdasagportal.hu\/index.php\/wp-json\/wp\/v2\/posts\/105645"}],"collection":[{"href":"https:\/\/gazdasagportal.hu\/index.php\/wp-json\/wp\/v2\/posts"}],"about":[{"href":"https:\/\/gazdasagportal.hu\/index.php\/wp-json\/wp\/v2\/types\/post"}],"author":[{"embeddable":true,"href":"https:\/\/gazdasagportal.hu\/index.php\/wp-json\/wp\/v2\/users\/1"}],"replies":[{"embeddable":true,"href":"https:\/\/gazdasagportal.hu\/index.php\/wp-json\/wp\/v2\/comments?post=105645"}],"version-history":[{"count":1,"href":"https:\/\/gazdasagportal.hu\/index.php\/wp-json\/wp\/v2\/posts\/105645\/revisions"}],"predecessor-version":[{"id":105646,"href":"https:\/\/gazdasagportal.hu\/index.php\/wp-json\/wp\/v2\/posts\/105645\/revisions\/105646"}],"wp:attachment":[{"href":"https:\/\/gazdasagportal.hu\/index.php\/wp-json\/wp\/v2\/media?parent=105645"}],"wp:term":[{"taxonomy":"category","embeddable":true,"href":"https:\/\/gazdasagportal.hu\/index.php\/wp-json\/wp\/v2\/categories?post=105645"},{"taxonomy":"post_tag","embeddable":true,"href":"https:\/\/gazdasagportal.hu\/index.php\/wp-json\/wp\/v2\/tags?post=105645"}],"curies":[{"name":"wp","href":"https:\/\/api.w.org\/{rel}","templated":true}]}}