{"id":105637,"date":"2018-05-25T09:52:08","date_gmt":"2018-05-25T07:52:08","guid":{"rendered":"http:\/\/gazdasagportal.hu\/?p=105637"},"modified":"2018-05-25T09:52:08","modified_gmt":"2018-05-25T07:52:08","slug":"orban-a-magyar-allamnak-kotelessege-fellepni-a-migracio-szervezoi-ellen","status":"publish","type":"post","link":"https:\/\/gazdasagportal.hu\/index.php\/orban-a-magyar-allamnak-kotelessege-fellepni-a-migracio-szervezoi-ellen\/","title":{"rendered":"Orb\u00e1n: a magyar \u00e1llamnak k\u00f6teless\u00e9ge fell\u00e9pni a migr\u00e1ci\u00f3 szervez\u0151i ellen"},"content":{"rendered":"<p><strong>Az illeg\u00e1lis migr\u00e1ci\u00f3 szervez\u00e9se nemzetbiztons\u00e1gi \u00e9rdekeket s\u00e9rt\u0151 b\u0171ncselekm\u00e9nynek sz\u00e1m\u00edt, ez\u00e9rt a magyar \u00e1llamnak k\u00f6teless\u00e9ge fell\u00e9pni ezzel szemben, meg kell tiltani, szankcion\u00e1lni kell ezt a tev\u00e9kenys\u00e9get &#8211; mondta Orb\u00e1n Viktor minisztereln\u00f6k p\u00e9nteken a Kossuth r\u00e1di\u00f3 180 perc c\u00edm\u0171 m\u0171sor\u00e1ban a &#8222;Stop Soros&#8221; t\u00f6rv\u00e9nycsomagr\u00f3l sz\u00f3lva.<\/strong><!--more--><\/p>\n<div class=\"ads-in-post1\"><div id=\"gazdasagportal.hu_fullbanner_wideboard\"><\/div>\r\n<\/div>\n<p>    Br\u00fcsszel emberi jogi k\u00e9rd\u00e9snek tartja a migr\u00e1ci\u00f3 szervez\u00e9s\u00e9t, p\u00e9nz\u00fcgyi, jogi t\u00e1mogat\u00e1s\u00e1t, Magyarorsz\u00e1g viszont nemzetbiztons\u00e1gi k\u00e9rd\u00e9sk\u00e9nt tekint erre, ez\u00e9rt \u00edgy is kell kezelni, fel kell l\u00e9pni ellene, mert \u00edgy lehet megv\u00e9deni a magyar emberek biztons\u00e1g\u00e1t &#8211; fejtette ki.<br \/>\n    A &#8222;Stop Soroshoz&#8221; kapcsol\u00f3d\u00f3 alkotm\u00e1nym\u00f3dos\u00edt\u00e1si javaslatr\u00f3l \u00fagy fogalmazott a korm\u00e1nyf\u0151: ahhoz, hogy meg lehessen v\u00e9deni Magyarorsz\u00e1got az illeg\u00e1lis bev\u00e1ndorl\u00e1ssal szemben, \u00faj szab\u00e1lyokat kell alkotni, amelyek egy\u00e9rtelm\u0171s\u00edtik a magyar jogi rendelkez\u00e9seket, \u00e9s k\u00e9pesek a Br\u00fcsszelb\u0151l \u00e9rkez\u0151 t\u00e1mad\u00e1sokat visszaverni.<br \/>\n    Ha az alkotm\u00e1ny r\u00f6gz\u00edti, hogy Magyarorsz\u00e1gra tilos betelep\u00edteni, akkor sokkal k\u00f6nnyebb megalkotni a r\u00e9szletszab\u00e1lyokat \u00e9s megv\u00e9deni \u0151ket itthon, valamint a nemzetk\u00f6zi sz\u00ednt\u00e9ren &#8211; tette hozz\u00e1.<br \/>\n<div class=\"ads-in-post2\"><script async src=\"https:\/\/pagead2.googlesyndication.com\/pagead\/js\/adsbygoogle.js\"><\/script>\r\n<ins class=\"adsbygoogle\"\r\n     style=\"display:block\"\r\n     data-ad-format=\"fluid\"\r\n     data-ad-layout-key=\"-6t+ed+2i-1n-4w\"\r\n     data-ad-client=\"ca-pub-1959107119989764\"\r\n     data-ad-slot=\"4008251320\"><\/ins>\r\n<script>\r\n     (adsbygoogle = window.adsbygoogle || []).push({});\r\n<\/script><\/div>\n    Az Emmanuel Macron francia \u00e1llamf\u0151vel folytatott k\u00f6zelm\u00faltbeli megbesz\u00e9l\u00e9sen is vil\u00e1goss\u00e1 tette: Magyarorsz\u00e1g soha nem fog olyan eur\u00f3pai szab\u00e1lyoz\u00e1st t\u00e1mogatni, amely elvenn\u00e9 azt a d\u00f6nt\u00e9si jogot, hogy a magyarok mondj\u00e1k meg, kik tart\u00f3zkodhatnak itt. &#8222;Legyen a v\u00edz tiszta a poh\u00e1rban: Magyarorsz\u00e1g szuverenit\u00e1s\u00e1t nem veheti el t\u0151l\u00fcnk Br\u00fcsszel&#8221; &#8211; id\u00e9zte fel a tal\u00e1lkoz\u00f3n elhangzottakat.<br \/>\n    Azzal kapcsolatban, hogy a Human Rights Watch (HRW) jogv\u00e9d\u0151 szervezet kamp\u00e1nyba kezd, hogy az Eur\u00f3pai N\u00e9pp\u00e1rt z\u00e1rja ki sor\u00e1b\u00f3l a Fideszt, a korm\u00e1nyf\u0151 \u00fagy reag\u00e1lt: ez nyom\u00e1sgyakorl\u00e1s a Soros Gy\u00f6rgy \u00e1ltal finansz\u00edrozott szervezet r\u00e9sz\u00e9r\u0151l. &#8222;Soros Gy\u00f6rgy arra akarja haszn\u00e1lni a p\u00e9nz\u00e9t, hogy k\u00fcl\u00f6nb\u00f6z\u0151 szervezeteken kereszt\u00fcl (&#8230;) befoly\u00e1solja az eur\u00f3pai politik\u00e1t, r\u00e1ad\u00e1sul \u00fagy, hogy az a magyaroknak rossz legyen. Ez egy k\u00e1rt\u00e9kony ember&#8221; &#8211; mondta.<br \/>\n    Az alapt\u00f6rv\u00e9ny-m\u00f3dos\u00edt\u00e1s az otthon v\u00e9delm\u00e9t is tartalmazza majd &#8211; folytatta -, azt akarj\u00e1k kimondani a mag\u00e1n\u00e9let v\u00e9delme c\u00e9lj\u00e1b\u00f3l, hogy &#8222;nem lehet otthon zargatni az embereket&#8221;. Egy rendes orsz\u00e1gban a v\u00e9lem\u00e9nynyilv\u00e1n\u00edt\u00e1snak megvan a helye, az azonban nem tartozik hozz\u00e1 a szabads\u00e1ghoz, hogy ne lehessen otthon nyugodtan tart\u00f3zkodni &#8211; fogalmazott.<br \/>\n    A j\u00f6v\u0151 \u00e9vi k\u00f6lts\u00e9gvet\u00e9si tervez\u00e9sr\u0151l a minisztereln\u00f6k azt mondta: cs\u00f6kken a munkan\u00e9lk\u00fclis\u00e9g, a k\u00f6lts\u00e9gvet\u00e9si hi\u00e1ny \u00e9s az \u00e1llamad\u00f3ss\u00e1g, emelkednek viszont a b\u00e9rek, n\u0151 a foglalkoztat\u00e1s \u00e9s a gazdas\u00e1g teljes\u00edtm\u00e9nye is.<br \/>\n    A r\u00e9szletekr\u0151l hozz\u00e1tette: 2019-ben 2 sz\u00e1zal\u00e9kponttal cs\u00f6kkennek a munkab\u00e9reket terhel\u0151 ad\u00f3k, tov\u00e1bb\u00e1 n\u0151 a k\u00e9tgyermekes csal\u00e1dok ad\u00f3kedvezm\u00e9nye, \u00edgy k\u00e9t gyermek ut\u00e1n m\u00e1r havi 40 ezer forint ad\u00f3kedvezm\u00e9nyt vehet majd ig\u00e9nybe egy csal\u00e1d.<br \/>\n    Emellett a j\u00f6v\u0151re v\u00e1rhat\u00f3 4 sz\u00e1zal\u00e9k f\u00f6l\u00f6tti gazdas\u00e1gi n\u00f6veked\u00e9s lehet\u0151v\u00e9 teszi a nyugd\u00edjemel\u00e9sen k\u00edv\u00fcli nyugd\u00edjpr\u00e9miumot is &#8211; emelte ki.<br \/>\n    Arr\u00f3l is besz\u00e9lt, hogy b\u00f6lcs\u0151de- \u00e9s \u00f3voda\u00e9p\u00edt\u00e9si programot folytatnak majd, egyre t\u00f6bb ugyanis az olyan n\u0151, aki nem puszt\u00e1n gazdas\u00e1gi k\u00e9nyszerb\u0151l, hanem szem\u00e9lyes amb\u00edci\u00f3 ok\u00e1n is szeretne dolgozni, \u00e9s \u0151ket ilyen int\u00e9zm\u00e9nyek m\u0171k\u00f6dtet\u00e9s\u00e9vel lehet seg\u00edteni.<br \/>\n    Orb\u00e1n Viktor k\u00f6z\u00f6lte tov\u00e1bb\u00e1, hogy a korm\u00e1ny csal\u00e1dpolitikai akci\u00f3tervet fog meghirdetni, amelyet megel\u0151z majd egy nemzeti konzult\u00e1ci\u00f3 a gyermekv\u00e1llal\u00e1sr\u00f3l \u00e9s a gyermeknevel\u00e9sr\u0151l. &#8222;Nem akarjuk a f\u00e9rfiakat sem kiz\u00e1rni ebb\u0151l&#8221;, de alapvet\u0151en a n\u0151k v\u00e9lem\u00e9ny\u00e9re lesznek k\u00edv\u00e1ncsiak &#8211; tette hozz\u00e1.<br \/>\n    A demogr\u00e1fia k\u00e9rd\u00e9se arr\u00f3l sz\u00f3l, mennyi gyermeket sz\u00fclnek a magyar asszonyok, &#8222;mennyit nevel\u00fcnk fel k\u00f6z\u00f6sen&#8221;, lesz-e magyar j\u00f6v\u0151, \u00e9s mit kell tenni a n\u00e9pesed\u00e9si hanyatl\u00e1s megv\u00e1ltoztat\u00e1s\u00e1\u00e9rt. C\u00e9lul t\u0171zte, hogy 2030-ig Magyarorsz\u00e1g k\u00e9pes legyen fenntartani saj\u00e1t mag\u00e1t, vagyis legal\u00e1bb annyi gyermek sz\u00fclessen, mint amennyien elt\u00e1voznak.<br \/>\n    Azzal kapcsolatban, hogy 2030-ig sz\u00f3l\u00f3 tervez\u00e9st tart helyesnek, kifejtette: b\u00e1r a v\u00e1laszt\u00f3kt\u00f3l kapott mand\u00e1tum 2022-ig tart, de egy 2030-ig sz\u00f3l\u00f3 nagyobb tervbe kell beleilleszteni a k\u00f6vetkez\u0151 n\u00e9gy \u00e9v munk\u00e1j\u00e1t. &#8222;Ezt persze sokan \u00fagy \u00e9rtelmezt\u00e9k, hogy 2030-ig szeretn\u00e9k minisztereln\u00f6k maradni, ami nem egy rossz \u00f6tlet, csak az a helyzet, hogy Magyarorsz\u00e1gon demokr\u00e1cia van \u00e9s n\u00e9gy\u00e9vente v\u00e1laszt\u00e1sok&#8221; &#8211; fogalmazott.<br \/>\n    A kereszt\u00e9nydemokr\u00e1cia \u00e9p\u00edt\u00e9s\u00e9re vonatkoz\u00f3 terveir\u0151l Orb\u00e1n Viktor azt mondta: a liber\u00e1lis demokr\u00e1cia ki\u00fcresedett, nem ad v\u00e1laszt a kih\u00edv\u00e1sokra, \u00edgy p\u00e9ld\u00e1ul a migr\u00e1ci\u00f3ra &#8211; ha pedig m\u00e9gis, akkor helyesnek veszi -, tov\u00e1bb\u00e1 nem v\u00e9di meg a hat\u00e1rokat, nem er\u0151s\u00edti a csal\u00e1dokat, nem ismeri el kiemeltk\u00e9nt a kereszt\u00e9ny kult\u00far\u00e1t.<br \/>\n    Ez\u00e9rt szerinte a kereszt\u00e9nydemokr\u00e1ci\u00e1t kell &#8222;el\u0151venni, leporolni, kicsit moderniz\u00e1lni&#8221;, ez ugyanis megv\u00e9d a migr\u00e1ci\u00f3val szemben, megv\u00e9di a hat\u00e1rokat, t\u00e1mogatja a hagyom\u00e1nyos, egy f\u00e9rfira \u00e9s egy n\u0151re \u00e9p\u00fcl\u0151 csal\u00e1dmodellt, a kereszt\u00e9ny kult\u00fara megv\u00e9d\u00e9s\u00e9t pedig term\u00e9szetesnek tekinti.<br \/>\n    A parlamenti v\u00e1laszt\u00e1s ut\u00e1ni &#8222;k\u00f6sz\u00f6n\u0151kamp\u00e1ny\u00e1r\u00f3l&#8221; a minisztereln\u00f6k azt mondta: fontos, hogy az emberek ne \u00e9rezz\u00e9k \u00fagy, hogy a kamp\u00e1ny ut\u00e1n a kapcsolat n\u00e9gy \u00e9vre z\u00e1r\u00f3jelbe ker\u00fclt, hanem &#8222;legyen egy \u00e9l\u0151 kapcsolat&#8221;. Ez\u00e9rt tal\u00e1lkozott nyugd\u00edjasokkal, \u00f3vod\u00e1sokkal, munk\u00e1sokkal, k\u00f6zmunk\u00e1sokkal &#8211; sorolta.<br \/>\n    A Kom\u00e1rom-Esztergom megyei Dadon, egy \u00f3vod\u00e1ban tett l\u00e1togat\u00e1sa is sz\u00f3ba ker\u00fclt. Azt mondta, az\u00e9rt l\u00e1togatott oda, hogy egy &#8222;szab\u00e1lyos \u00e9s t\u00f6rv\u00e9nyes&#8221; fot\u00f3t tudjon k\u00e9sz\u00edteni a gyermekekkel. Ezzel arra utalt, hogy a v\u00e1laszt\u00e1s el\u0151tt is j\u00e1rt az int\u00e9zm\u00e9nyben, ami\u00e9rt megb\u00fcntette a v\u00e1laszt\u00e1si bizotts\u00e1g. Ezt most \u00fagy komment\u00e1lta: a kamp\u00e1nyban volt egy vita, &#8222;megb\u00edrs\u00e1goltak, ennyit a magyar demokr\u00e1cia \u00e1llapot\u00e1r\u00f3l, kev\u00e9s orsz\u00e1gban fordulhat el\u0151 ilyesmi&#8221;.(MTI)<\/p>\n","protected":false},"excerpt":{"rendered":"<p>Az illeg\u00e1lis migr\u00e1ci\u00f3 szervez\u00e9se nemzetbiztons\u00e1gi \u00e9rdekeket s\u00e9rt\u0151 b\u0171ncselekm\u00e9nynek sz\u00e1m\u00edt, ez\u00e9rt a magyar \u00e1llamnak k\u00f6teless\u00e9ge fell\u00e9pni ezzel szemben, meg kell tiltani, szankcion\u00e1lni kell ezt a tev\u00e9kenys\u00e9get &#8211; mondta Orb\u00e1n Viktor minisztereln\u00f6k p\u00e9nteken a Kossuth r\u00e1di\u00f3 180 perc c\u00edm\u0171 m\u0171sor\u00e1ban a &#8222;Stop Soros&#8221; t\u00f6rv\u00e9nycsomagr\u00f3l sz\u00f3lva.<\/p>\n","protected":false},"author":1,"featured_media":0,"comment_status":"closed","ping_status":"open","sticky":false,"template":"","format":"standard","meta":[],"categories":[4],"tags":[],"_links":{"self":[{"href":"https:\/\/gazdasagportal.hu\/index.php\/wp-json\/wp\/v2\/posts\/105637"}],"collection":[{"href":"https:\/\/gazdasagportal.hu\/index.php\/wp-json\/wp\/v2\/posts"}],"about":[{"href":"https:\/\/gazdasagportal.hu\/index.php\/wp-json\/wp\/v2\/types\/post"}],"author":[{"embeddable":true,"href":"https:\/\/gazdasagportal.hu\/index.php\/wp-json\/wp\/v2\/users\/1"}],"replies":[{"embeddable":true,"href":"https:\/\/gazdasagportal.hu\/index.php\/wp-json\/wp\/v2\/comments?post=105637"}],"version-history":[{"count":1,"href":"https:\/\/gazdasagportal.hu\/index.php\/wp-json\/wp\/v2\/posts\/105637\/revisions"}],"predecessor-version":[{"id":105638,"href":"https:\/\/gazdasagportal.hu\/index.php\/wp-json\/wp\/v2\/posts\/105637\/revisions\/105638"}],"wp:attachment":[{"href":"https:\/\/gazdasagportal.hu\/index.php\/wp-json\/wp\/v2\/media?parent=105637"}],"wp:term":[{"taxonomy":"category","embeddable":true,"href":"https:\/\/gazdasagportal.hu\/index.php\/wp-json\/wp\/v2\/categories?post=105637"},{"taxonomy":"post_tag","embeddable":true,"href":"https:\/\/gazdasagportal.hu\/index.php\/wp-json\/wp\/v2\/tags?post=105637"}],"curies":[{"name":"wp","href":"https:\/\/api.w.org\/{rel}","templated":true}]}}