{"id":105619,"date":"2018-05-24T19:17:16","date_gmt":"2018-05-24T17:17:16","guid":{"rendered":"http:\/\/gazdasagportal.hu\/?p=105619"},"modified":"2018-05-24T19:17:16","modified_gmt":"2018-05-24T17:17:16","slug":"panik-helyett-kockazatfelmeres-es-valtozaskovetes","status":"publish","type":"post","link":"https:\/\/gazdasagportal.hu\/index.php\/panik-helyett-kockazatfelmeres-es-valtozaskovetes\/","title":{"rendered":"P\u00e1nik helyett kock\u00e1zatfelm\u00e9r\u00e9s \u00e9s v\u00e1ltoz\u00e1sk\u00f6vet\u00e9s"},"content":{"rendered":"<p><strong>Holnap \u00e9letbe l\u00e9p az egys\u00e9ges adatv\u00e9delmi jogszab\u00e1ly, a GDPR. K\u00f6ztudottan a hazai c\u00e9gek nagy r\u00e9sze nincs felk\u00e9sz\u00fclve ennek alkalmaz\u00e1s\u00e1ra, a folyamatos ellen\u0151rz\u00e9sre, \u00e9s \u00edgy a s\u00falyos b\u00edrs\u00e1gok elker\u00fcl\u00e9s\u00e9re. Az inform\u00e1ci\u00f3biztons\u00e1ghoz szorosan kapcsol\u00f3d\u00f3 t\u00e9m\u00e1ban szakmai ir\u00e1nyad\u00f3 K\u00dcRT \u00fagy tapasztalta, hogy m\u00e9g a legfelk\u00e9sz\u00fcltebb nagyv\u00e1llalatokn\u00e1l is fel kell t\u00e9rk\u00e9pezni k\u00fcls\u0151 szemmel a kezelt szem\u00e9lyes adatok k\u00f6r\u00e9t, a kapcsol\u00f3d\u00f3 \u00fczleti folyamatokat \u00e9s az informatikai h\u00e1tteret, kezdve az adatv\u00e9delmi kock\u00e1zatok felm\u00e9r\u00e9s\u00e9t\u0151l, azok folyamatos karbantart\u00e1s\u00e1ig.<br \/>\n<\/strong><!--more--><\/p>\n<div class=\"ads-in-post1\"><div id=\"gazdasagportal.hu_fullbanner_wideboard\"><\/div>\r\n<\/div>\n<p>B\u00e1r m\u00e1r most t\u00f6bb milli\u00e1rd forintot elk\u00f6lt\u00f6ttek a c\u00e9gek GDPR-ra, sokan m\u00e9gsem foglalkoznak vele komolys\u00e1g\u00e1hoz \u00e9s szankci\u00f3ihoz m\u00e9rten. Jelenleg a megfelel\u00e9shez h\u00e1rom f\u0151 v\u00e1laszt\u00e1si lehet\u0151s\u00e9g \u00e1ll rendelkez\u00e9sre: az internetr\u0151l k\u00f6nnyen beszerezhet\u0151 f\u00e9lk\u00e9sz szab\u00e1lyzatgy\u0171jtem\u00e9nyek (ezek n\u00e9lk\u00fcl\u00f6zik a konkr\u00e9t szervezetre szabott int\u00e9zked\u00e9seket); a saj\u00e1t bels\u0151 vagy k\u00fcls\u0151s szakemberek \u00e1ltal v\u00e9grehajtott felk\u00e9sz\u00fcl\u00e9si projektek; \u00e9s a m\u00e1r folyamatos megfelel\u00e9st is t\u00e1mogat\u00f3 \u00e9s arra koncentr\u00e1l\u00f3 szoftverek, amelyekkel \u00e1tl\u00e1that\u00f3bb\u00e1 teszik az adatkezel\u00e9st \u00e9s jelent\u0151s id\u0151r\u00e1ford\u00edt\u00e1st\u00f3l k\u00edm\u00e9lik meg a szervezeteket. Ez ut\u00f3bbi megold\u00e1st javasolj\u00e1k a K\u00dcRT inform\u00e1ci\u00f3biztons\u00e1gi szak\u00e9rt\u0151i, akik, a megfelel\u00e9shez sz\u00fcks\u00e9ges, nehezen megbecs\u00fclhet\u0151 er\u0151forr\u00e1sig\u00e9nyek, valamint \u00e1tl\u00e1thatatlan k\u00f6vetelm\u00e9nyek probl\u00e9m\u00e1j\u00e1ra is \u2013 tervezhet\u0151 \u00e9s deleg\u00e1lhat\u00f3 keretek k\u00f6z\u00e9 foglalt \u2013 alternat\u00edv\u00e1t ny\u00fajtanak. Mindez a GDPR megfelel\u00e9s adminisztrat\u00edv terheinek kezel\u00e9s\u00e9re, az adatv\u00e9delmi tev\u00e9kenys\u00e9gek k\u00e9zbentart\u00e1s\u00e1ra is alkalmas.<\/p>\n<div class=\"ads-in-post2\"><script async src=\"https:\/\/pagead2.googlesyndication.com\/pagead\/js\/adsbygoogle.js\"><\/script>\r\n<ins class=\"adsbygoogle\"\r\n     style=\"display:block\"\r\n     data-ad-format=\"fluid\"\r\n     data-ad-layout-key=\"-6t+ed+2i-1n-4w\"\r\n     data-ad-client=\"ca-pub-1959107119989764\"\r\n     data-ad-slot=\"4008251320\"><\/ins>\r\n<script>\r\n     (adsbygoogle = window.adsbygoogle || []).push({});\r\n<\/script><\/div>\nA k\u00e9t \u00e9vtizede szinte v\u00e1ltozatlan adatv\u00e9delmi joghoz k\u00e9pest szigor\u00fabb \u00faj rendeletnek val\u00f3 megfelel\u00e9s speci\u00e1lis szak\u00e9rtelmet ig\u00e9nyel. Az inform\u00e1ci\u00f3biztons\u00e1g elismert szakemberei egy unik\u00e1lis megold\u00e1sban \u00f6sszegezt\u00e9k az IT-, a jog \u00e9s \u00fczleti folyamatokszerint rendszerezett k\u00f6vetelm\u00e9nyek teljes jegyz\u00e9k\u00e9t, kialak\u00edtott\u00e1k az adatv\u00e9delmi tev\u00e9kenys\u00e9gekre (adatkezel\u00e9sre, szem\u00e9lyes adatvagyonra, it-rendszerekre \u00e9s ezek kapcsol\u00f3d\u00e1s\u00e1ra) vonatkoz\u00f3 nyilv\u00e1ntart\u00e1sokat, de haszn\u00e1lat\u00e1val elk\u00e9sz\u00edthet\u0151k az adatv\u00e9delmi hat\u00e1selemz\u00e9sek \u00e9s jelent\u00e9sek, tov\u00e1bb\u00e1 az incidensek nyilv\u00e1ntart\u00e1sa is. Mindezt a K\u00dcRT SeCube GDPR modulj\u00e1ba csoportos\u00edtotta.<br \/>\n<strong><em>Folyamatos \u00e9s mindenre kiterjed\u0151 figyelem kell!<\/em><\/strong>A piacon l\u00e9teznek k\u00fcl\u00f6nf\u00e9le GDPR-megfelel\u00e9sre fejlesztett megold\u00e1sok, \u00e1m azok els\u0151sorban szakter\u00fcleti (informatikai, jogi) szempontokra koncentr\u00e1lnak. A SeCube (egy jellemz\u0151en inform\u00e1ci\u00f3biztons\u00e1gi \u00e9s \u00fan. compliance folyamatokat t\u00e1mogat\u00f3 rendszer) GDPR modulja komplexen kezeli mindezt; utat mutat a GDPR-el\u0151\u00edr\u00e1sok megfelel\u00e9s\u00e9ben, t\u00e1mogatja a sz\u00fcks\u00e9ges feladatokat, \u00edgy naprak\u00e9szen tartja a helyes adatkezel\u00e9st \u00e9s ak\u00e1r azonnal \u00fajra\u00e9rt\u00e9kelhet\u0151k a kock\u00e1zatok. A nagyv\u00e1llalatokn\u00e1l mindez az\u00e9rt fontos, mert igen neh\u00e9z k\u00fcl\u00f6nv\u00e1lasztani az IT-infrastrukt\u00far\u00e1t. A nagyv\u00e1llalat hum\u00e1n oldal\u00e1nak is, \u00e9s minden programnak, eszk\u00f6znek t\u00e1mogatnia kell a megfelel\u00e9st. Legyen az egy adatb\u00e1zis, levelez\u00e9s, nyilv\u00e1ntart\u00e1s, vagy archiv\u00e1l\u00e1s, stb. Mindezek jellemz\u0151en adminisztrat\u00edv feladatok, melyeket \u00e9rdemes szoftverben vezetni (pl. az adatv\u00e9delemben szerepet j\u00e1tsz\u00f3 koll\u00e9g\u00e1k be- \u00e9s kil\u00e9p\u00e9se, IT-rendszerek fejleszt\u00e9se, be- \u00e9s kivezet\u00e9se, kontrol- vagy adatb\u00e1zis-k\u00f6rnyezet v\u00e1ltoz\u00e1s, adatkezel\u00e9sek fejl\u0151d\u00e9se-v\u00e1ltoz\u00e1sa). Nem el\u00e9g az egyszeri kock\u00e1zatelemz\u00e9s, valamint a tev\u00e9kenys\u00e9glista ut\u00e1ni megfelel\u00e9s, egyidej\u0171leg sz\u00fcks\u00e9gesek az \u00fajabb \u00e9s \u00fajabb adatv\u00e9delmi hat\u00e1selemz\u00e9sek, a kock\u00e1zatkezel\u00e9sek \u00e9s a megfelel\u00e9s-k\u00f6vet\u00e9s.<\/p>\n<p><em>\u201eNoha az Infot\u00f6rv\u00e9ny a k\u00f6zelj\u00f6v\u0151ben v\u00e1ltozik, ezzel v\u00e1rhat\u00f3an az \u00e9rdekk\u00e9pviseletek v\u00e9lem\u00e9nye be\u00e9p\u00fcl majd a hazai adatv\u00e9delmi szab\u00e1lyoz\u00e1sba, ugyanakkor a GDPR megfelel\u00e9s elker\u00fclhetetlen.<\/em><em> A buktat\u00f3k, neh\u00e9zs\u00e9gek \u00e9s a m\u00e9g megv\u00e1laszolatlan k\u00e9rd\u00e9sek mellett mindennek el\u0151nye is van: az adatv\u00e9delem egys\u00e9ges, nemzetk\u00f6zi keretek k\u00f6z\u00e9<\/em><em>ker\u00fcl\u00e9s\u00e9vel szeml\u00e9letv\u00e1lt\u00e1st hoz az adatok biztons\u00e1gos \u00e9s j\u00f3l k\u00f6vethet\u0151 kezel\u00e9s\u00e9ben, els\u0151sorban a gondos \u00e9s tudatos, \u00fczleti \u00e9rdekeket szem el\u0151tt tart\u00f3, a piaci versenyt komolyan t\u00e1mogat\u00f3 v\u00e1llalatok k\u00f6r\u00e9ben. Nekik aj\u00e1nljuk szoftver\u00fcnket, mely v\u00e9gig k\u00eds\u00e9ri \u0151ket a megold\u00e1shoz vezet\u0151 \u00faton \u00e9s folyamatosan rajta tartja a szem\u00e9t a megfelel\u00e9s\u00fck\u00f6n\u201d<\/em> \u2013 mondta H\u00e1mor Endre, az Adatv\u00e9delmi Kompetencia K\u00f6zpont vezet\u0151je. Majd hozz\u00e1tette: minden v\u00e1llalat bels\u0151 rendszere m\u00e1s, ez\u00e9rt ipar\u00e1gat, tev\u00e9kenys\u00e9get, a v\u00e1llalat \u00f6sszet\u00e9tel\u00e9t \u00e9s sz\u00e1mos tov\u00e1bbi szempontot is figyelembe kell venni\u00fck ahhoz, hogy kider\u00fclj\u00f6n, milyenek a c\u00e9g ig\u00e9nyei, kock\u00e1zatai. A K\u00dcRT GDPR know-how teh\u00e1t nem egy \u00e1ltal\u00e1nos sablonrendszer, ami mindenkin\u00e9l futhat valahogy, hanem szem\u00e9lyre szabottan m\u0171k\u00f6dik.<\/p><div id=\"gazda-4242654072\" class=\"gazda-tartalomban gazda-entity-placement\"><script async src=\"https:\/\/pagead2.googlesyndication.com\/pagead\/js\/adsbygoogle.js\"><\/script>\r\n<ins class=\"adsbygoogle\"\r\n     style=\"display:block\"\r\n     data-ad-format=\"fluid\"\r\n     data-ad-layout-key=\"-6t+ed+2i-1n-4w\"\r\n     data-ad-client=\"ca-pub-1959107119989764\"\r\n     data-ad-slot=\"4008251320\"><\/ins>\r\n<script>\r\n     (adsbygoogle = window.adsbygoogle || []).push({});\r\n<\/script><\/div>\n<p>A K\u00dcRT k\u00f6zel 30 \u00e9v tapasztalata alapj\u00e1n fejlesztett megold\u00e1s\u00e1nak, a k\u00fcl\u00f6nb\u00f6z\u0151 speci\u00e1lis moduloknak k\u00f6sz\u00f6nhet\u0151en a SeCube t\u00f6bbfunkci\u00f3s, \u00edgy integr\u00e1ltan kezelhet\u0151 a GDPR-on t\u00fal m\u00e1s, pl. a jelenleg is \u00e9rv\u00e9nyben l\u00e9v\u0151 IBTV vagy az ISO27001 el\u0151\u00edr\u00e1sainak val\u00f3 megfelel\u00e9s is.<\/p>\n<p>&nbsp;<\/p>\n<p><strong>K\u00dcRT Zrt:<\/strong><\/p>\n<p>A <strong>K\u00dcRT Zrt.<\/strong> Magyarorsz\u00e1g piacvezet\u0151 adatment\u0151, \u00e9s az IT minden ter\u00fclet\u00e9t lefed\u0151 biztons\u00e1gi megold\u00e1sair\u00f3l h\u00edres szervezet. Az 1989-ben alakult c\u00e9g magyar tulajdonban l\u00e9v\u0151 v\u00e1llalkoz\u00e1sb\u00f3l n\u0151tte ki mag\u00e1t nemzetk\u00f6zi v\u00e1llalatcsoportt\u00e1, amely napjainkban m\u00e1r 30 orsz\u00e1gban van jelen. A K\u00dcRT innovat\u00edv szeml\u00e9let\u00e9t jellemzi, hogy az inform\u00e1ci\u00f3biztons\u00e1g ter\u00fclet\u00e9n v\u00e9gzett k\u00f6zel 30 \u00e9vnyi fejleszt\u00e9si tev\u00e9kenys\u00e9g\u00e9t \u2013 t\u00f6bb szakmai d\u00edj mellett \u2013 2008-ban, 2009-ben \u00e9s 2010-ben Business Superbrands, 2010-t\u0151l 2017-ig minden \u00e9vben MagyarBrands elismer\u00e9ssel d\u00edjazta a piac. 2014-ben a K\u00dcRT Adatment\u00e9s Hungarikum lett.<\/p>\n","protected":false},"excerpt":{"rendered":"<p>Holnap \u00e9letbe l\u00e9p az egys\u00e9ges adatv\u00e9delmi jogszab\u00e1ly, a GDPR. K\u00f6ztudottan a hazai c\u00e9gek nagy r\u00e9sze nincs felk\u00e9sz\u00fclve ennek alkalmaz\u00e1s\u00e1ra, a folyamatos ellen\u0151rz\u00e9sre, \u00e9s \u00edgy a s\u00falyos b\u00edrs\u00e1gok elker\u00fcl\u00e9s\u00e9re. Az inform\u00e1ci\u00f3biztons\u00e1ghoz szorosan kapcsol\u00f3d\u00f3 t\u00e9m\u00e1ban szakmai ir\u00e1nyad\u00f3 K\u00dcRT \u00fagy tapasztalta, hogy m\u00e9g a legfelk\u00e9sz\u00fcltebb nagyv\u00e1llalatokn\u00e1l is fel kell t\u00e9rk\u00e9pezni k\u00fcls\u0151 szemmel a kezelt szem\u00e9lyes adatok k\u00f6r\u00e9t, a &#8230;<\/p>\n","protected":false},"author":1,"featured_media":0,"comment_status":"closed","ping_status":"open","sticky":false,"template":"","format":"standard","meta":[],"categories":[4,19],"tags":[],"_links":{"self":[{"href":"https:\/\/gazdasagportal.hu\/index.php\/wp-json\/wp\/v2\/posts\/105619"}],"collection":[{"href":"https:\/\/gazdasagportal.hu\/index.php\/wp-json\/wp\/v2\/posts"}],"about":[{"href":"https:\/\/gazdasagportal.hu\/index.php\/wp-json\/wp\/v2\/types\/post"}],"author":[{"embeddable":true,"href":"https:\/\/gazdasagportal.hu\/index.php\/wp-json\/wp\/v2\/users\/1"}],"replies":[{"embeddable":true,"href":"https:\/\/gazdasagportal.hu\/index.php\/wp-json\/wp\/v2\/comments?post=105619"}],"version-history":[{"count":1,"href":"https:\/\/gazdasagportal.hu\/index.php\/wp-json\/wp\/v2\/posts\/105619\/revisions"}],"predecessor-version":[{"id":105620,"href":"https:\/\/gazdasagportal.hu\/index.php\/wp-json\/wp\/v2\/posts\/105619\/revisions\/105620"}],"wp:attachment":[{"href":"https:\/\/gazdasagportal.hu\/index.php\/wp-json\/wp\/v2\/media?parent=105619"}],"wp:term":[{"taxonomy":"category","embeddable":true,"href":"https:\/\/gazdasagportal.hu\/index.php\/wp-json\/wp\/v2\/categories?post=105619"},{"taxonomy":"post_tag","embeddable":true,"href":"https:\/\/gazdasagportal.hu\/index.php\/wp-json\/wp\/v2\/tags?post=105619"}],"curies":[{"name":"wp","href":"https:\/\/api.w.org\/{rel}","templated":true}]}}