{"id":105613,"date":"2018-05-24T17:03:54","date_gmt":"2018-05-24T15:03:54","guid":{"rendered":"http:\/\/gazdasagportal.hu\/?p=105613"},"modified":"2018-05-24T16:04:42","modified_gmt":"2018-05-24T14:04:42","slug":"gulyas-junius-13-an-kerulhet-az-orszaggyules-ele-a-2019-es-koltsegvetes","status":"publish","type":"post","link":"https:\/\/gazdasagportal.hu\/index.php\/gulyas-junius-13-an-kerulhet-az-orszaggyules-ele-a-2019-es-koltsegvetes\/","title":{"rendered":"Guly\u00e1s: j\u00fanius 13-\u00e1n ker\u00fclhet az Orsz\u00e1ggy\u0171l\u00e9s el\u00e9 a 2019-es k\u00f6lts\u00e9gvet\u00e9s"},"content":{"rendered":"<p><strong>A tervek szerint a korm\u00e1ny j\u00fanius 13-\u00e1n ny\u00fajtja be a 2019-es k\u00f6lts\u00e9gvet\u00e9st az Orsz\u00e1ggy\u0171l\u00e9snek, amely j\u00falius m\u00e1sodik fel\u00e9ben fogadhatja el &#8211; k\u00f6z\u00f6lte a Minisztereln\u00f6ks\u00e9get vezet\u0151 miniszter cs\u00fct\u00f6rt\u00f6k\u00f6n Budapesten sajt\u00f3t\u00e1j\u00e9koztat\u00f3n. Guly\u00e1s Gergely k\u00f6z\u00f6lte azt is, a korm\u00e1ny tervei szerint csak figyelmeztethetn\u00e9 a hat\u00f3s\u00e1g a kis- \u00e9s k\u00f6zepes v\u00e1llalkoz\u00e1sokat, ha megs\u00e9rtik az Eur\u00f3pai Uni\u00f3 most hat\u00e1lyba l\u00e9p\u0151 \u00e1ltal\u00e1nos adatv\u00e9delmi rendelet\u00e9t (GDPR).<\/strong><!--more--><\/p>\n<div class=\"ads-in-post1\"><div id=\"gazdasagportal.hu_fullbanner_wideboard\"><\/div>\r\n<\/div>\n<p>    A miniszter a j\u00f6v\u0151 \u00e9vi b\u00fcdzs\u00e9r\u0151l sz\u00f3lva elmondta, folytat\u00f3dnak az ad\u00f3cs\u00f6kkent\u00e9sek, a szoci\u00e1lis hozz\u00e1j\u00e1rul\u00e1si ad\u00f3 a kor\u00e1bbi meg\u00e1llapod\u00e1snak megfelel\u0151en k\u00e9t sz\u00e1zal\u00e9kkal cs\u00f6kken, \u00e9s kedvez\u0151bb lesz a k\u00e9tgyermekes csal\u00e1dok \u00e1ltal ig\u00e9nybe vehet\u0151 csal\u00e1di ad\u00f3kedvezm\u00e9ny m\u00e9rt\u00e9ke is.<br \/>\n    Hozz\u00e1tette: az a c\u00e9lja a j\u00f6v\u0151 \u00e9vi k\u00f6lts\u00e9gvet\u00e9snek, hogy a hi\u00e1ny k\u00e9t sz\u00e1zal\u00e9k alatt maradjon, a n\u00f6veked\u00e9s pedig meghaladja a n\u00e9gy sz\u00e1zal\u00e9kot.<br \/>\n    A miniszter c\u00e9lk\u00e9nt jel\u00f6lte meg azt is, hogy megval\u00f3suljon a teljes foglalkoztatotts\u00e1g, valamint &#8222;a k\u00f6lts\u00e9gvet\u00e9s m\u0171k\u00f6d\u00e9si oldala null\u00e1s legyen&#8221;, azaz ha kivenn\u00e9k a fejleszt\u00e9si forr\u00e1sokat a k\u00f6lts\u00e9gvet\u00e9sb\u0151l, akkor nem lenne hi\u00e1ny.<br \/>\n    Gazdas\u00e1gi adatokat sorolva Guly\u00e1s Gergely \u00fagy \u00e9rt\u00e9kelte, hogy az a gazdas\u00e1gpolitika, amelyet Magyarorsz\u00e1g 2010 \u00f3ta folytat, sikeres volt.<br \/>\n<div class=\"ads-in-post2\"><script async src=\"https:\/\/pagead2.googlesyndication.com\/pagead\/js\/adsbygoogle.js\"><\/script>\r\n<ins class=\"adsbygoogle\"\r\n     style=\"display:block\"\r\n     data-ad-format=\"fluid\"\r\n     data-ad-layout-key=\"-6t+ed+2i-1n-4w\"\r\n     data-ad-client=\"ca-pub-1959107119989764\"\r\n     data-ad-slot=\"4008251320\"><\/ins>\r\n<script>\r\n     (adsbygoogle = window.adsbygoogle || []).push({});\r\n<\/script><\/div>\n    Ismertet\u00e9se szerint 2018-ra az akt\u00edv kor\u00fa foglalkoztatottak sz\u00e1ma 67 ezer f\u0151vel 4,4 milli\u00f3ra n\u0151tt, ez a n\u00f6veked\u00e9s teljes eg\u00e9sz\u00e9ben az els\u0151dleges munkaer\u0151piacon t\u00f6rt\u00e9nt. Hozz\u00e1tette: az\u00e9rt cs\u00f6kkent 42 ezerrel a k\u00f6zfoglalkoztatottak sz\u00e1ma 2017 janu\u00e1r-m\u00e1rcius\u00e1hoz k\u00e9pest 2018 hasonl\u00f3 id\u0151szak\u00e1ban, mert k\u00f6z\u00fcl\u00fck nagyon sokan a piacon tal\u00e1ltak munk\u00e1t.<br \/>\n    Guly\u00e1s Gergely azt mondta, 2018. janu\u00e1r-m\u00e1rcius k\u00f6z\u00f6tt a munkan\u00e9lk\u00fcliek sz\u00e1ma a 15-64 \u00e9ves koroszt\u00e1lyban 29 ezer f\u0151vel, 14 sz\u00e1zal\u00e9kkal cs\u00f6kkent, ezzel 178 ezer f\u0151re m\u00e9rs\u00e9kl\u0151d\u00f6tt. A munkan\u00e9lk\u00fclis\u00e9g r\u00e1ta 3,9 sz\u00e1zal\u00e9kra cs\u00f6kkent &#8211; ismertette. Megjegyezte, ez az egyik valaha m\u00e9rt legalacsonyabb adat.<br \/>\n    A miniszter sz\u00f3lt arr\u00f3l is, hogy a legal\u00e1bb egy \u00e9ve munkan\u00e9lk\u00fcliek ar\u00e1nya 45,1 sz\u00e1zal\u00e9kr\u00f3l 39,8 sz\u00e1zal\u00e9kra m\u00e9rs\u00e9kl\u0151d\u00f6tt, a munkakeres\u00e9s \u00e1tlagos id\u0151tartama 17,5 h\u00f3napr\u00f3l 16,4 h\u00f3napra cs\u00f6kkent.<br \/>\n    Besz\u00e1molt arr\u00f3l is, hogy tavaly 4,4 sz\u00e1zal\u00e9kkal emelkedett a GDP, ehhez a n\u00f6veked\u00e9shez a piaci alap\u00fa szolg\u00e1ltat\u00e1sok n\u00f6veked\u00e9se j\u00e1rult hozz\u00e1. Magyarorsz\u00e1g ezzel a gazdas\u00e1gi n\u00f6veked\u00e9ssel harmadik volt az EU-ban &#8211; k\u00f6z\u00f6lte.<br \/>\n    Az \u00e1tlagkeresetekr\u0151l elmondta, 2018 m\u00e1rcius\u00e1ban a teljes munkaid\u0151ben alkalmaz\u00e1sban \u00e1ll\u00f3k brutt\u00f3 \u00e1tlagkeresete 331 500 forint volt. Ez 11,3 sz\u00e1zal\u00e9kos n\u00f6veked\u00e9st jelent egy \u00e9v alatt &#8211; magyar\u00e1zta. Hozz\u00e1tette: a csal\u00e1di ad\u00f3kedvezm\u00e9nyt figyelembe v\u00e9ve a nett\u00f3 \u00e1tlagkereset 229 ezer forint volt.<br \/>\n    A k\u00f6zfoglalkoztatottak n\u00e9lk\u00fcl sz\u00e1m\u00edtott brutt\u00f3 \u00e9s nett\u00f3 \u00e1tlagkereset az el\u0151z\u0151 \u00e9v azonos id\u0151szak\u00e1hoz k\u00e9pest 11,4 sz\u00e1zal\u00e9kkal emelkedett, a fogyaszt\u00f3i \u00e1rak 2 sz\u00e1zal\u00e9kos n\u00f6veked\u00e9se mellett a re\u00e1lkeresetek 10,2 sz\u00e1zal\u00e9kkal emelkedtek &#8211; ismertette.<br \/>\n    Sz\u00f3lt arr\u00f3l is, hogy 2019-es k\u00f6lts\u00e9gvet\u00e9s beny\u00fajt\u00e1sa el\u0151tt a K\u00f6lts\u00e9gvet\u00e9si Tan\u00e1csnak t\u00edz napja lesz v\u00e9lem\u00e9ny\u00e9t mondania a t\u00f6rv\u00e9nytervezetr\u0151l.<br \/>\n    K\u00e9rd\u00e9sre, miszerint figyelembe veszik-e az Eur\u00f3pai Bizotts\u00e1g (EB) aj\u00e1nl\u00e1sait, amelyeket az\u00e9rt fogalmazott meg Magyarorsz\u00e1gnak, mert az megs\u00e9rti a k\u00f6z\u00e9pt\u00e1v\u00fa k\u00f6lts\u00e9gvet\u00e9si hi\u00e1nyc\u00e9lt. A miniszter k\u00f6z\u00f6lte, ha 2010 ut\u00e1n figyelembe vett\u00e9k volna az EB aj\u00e1nl\u00e1sait, akkor az orsz\u00e1g nem tartana itt. K\u00f6sz\u00f6nj\u00fck, mi is \u00e9szrev\u00e9telezt\u00fck &#8211; mondta a hi\u00e1ny n\u00e9h\u00e1ny sz\u00e1zal\u00e9kpontos emelked\u00e9s\u00e9vel kapcsolatban. Hozz\u00e1tette: elolvass\u00e1k a tanulm\u00e1nyokat \u00e9s megk\u00f6sz\u00f6nik a j\u00f3 tan\u00e1csokat.<br \/>\n    Guly\u00e1s Gergely az uni\u00f3s \u00e1ltal\u00e1nos adatv\u00e9delmi rendeletr\u0151l k\u00f6z\u00f6lte, a korm\u00e1ny mindent megtesz annak \u00e9rdek\u00e9ben, hogy a rendelet a kis- \u00e9s k\u00f6z\u00e9pv\u00e1llalkoz\u00f3i szektor m\u0171k\u00f6d\u00e9s\u00e9t ne nehez\u00edtse meg, sz\u00e1mukra jelent\u0151s t\u00f6bbletk\u00f6lts\u00e9get ne eredm\u00e9nyezzen.<br \/>\n    Jelezte, az osztr\u00e1k p\u00e9ld\u00e1t szeretn\u00e9k \u00e1tvenni a magyar jogba t\u00f6rt\u00e9n\u0151 \u00e1t\u00fcltet\u00e9skor, ez pedig azt jelenti, a kis- \u00e9s k\u00f6zepes v\u00e1llalkoz\u00e1sokn\u00e1l a Nemzeti Adatv\u00e9delmi \u00e9s Inform\u00e1ci\u00f3szabads\u00e1g Hat\u00f3s\u00e1g (NAIH) kiz\u00e1r\u00f3lag csak figyelmeztethet, m\u00e1s szankci\u00f3t nem alkalmazhat.<br \/>\n    A politikus a rendelet c\u00e9lj\u00e1t helyesnek nevezte \u00e9s azt is j\u00f3nak tartotta, ha a nagy adatkezel\u0151kn\u00e9l &#8211; p\u00e9ld\u00e1ul a Facebookn\u00e1l &#8211; szigor\u00fabb adatkezel\u00e9st vezetnek be.<br \/>\n    K\u00e9rd\u00e9sre elmondta, a gazdas\u00e1gi kamar\u00e1val egy\u00fcttm\u0171k\u00f6dve dolgozz\u00e1k majd ki, mit \u00e9rtenek kis- \u00e9s k\u00f6zepes v\u00e1llalkoz\u00e1sokon.<br \/>\n    Guly\u00e1s Gergely arra k\u00e9rte P\u00e9terfalvi Attil\u00e1t, a NAIH vezet\u0151j\u00e9t, hogy biztos\u00edts\u00e1k a lehet\u0151 legteljesebb t\u00e1j\u00e9koztat\u00e1st ezeknek a v\u00e1llalkoz\u00e1soknak.<br \/>\n    K\u00e9rd\u00e9sekre v\u00e1laszolva Guly\u00e1s Gergely azt mondta, a m\u0171faj megtart\u00e1s\u00e1val \u00e9rt\u00e9kelik, hogy a politik\u00e1ba neh\u00e9z m\u0171fajt teremteni \u00e9s L\u00e1z\u00e1r J\u00e1nos kor\u00e1bbi Minisztereln\u00f6ks\u00e9get vezet\u0151 miniszternek a korm\u00e1nyinf\u00f3val ezt siker\u00fclt el\u00e9rnie. &#8222;E m\u0171fajban \u0151 is tov\u00e1bb \u00e9l itt vel\u00fcnk a Minisztereln\u00f6ks\u00e9gen&#8221; &#8211; fogalmazott.<br \/>\n    Volt k\u00e9rd\u00e9s egy szerdai budapesti konferenci\u00e1r\u00f3l is, amelyen felsz\u00f3lalt Steve Bannon, Donald Trumpnak, az Egyes\u00fclt \u00c1llamok eln\u00f6k\u00e9nek kor\u00e1bbi tan\u00e1csad\u00f3ja is. Guly\u00e1s Gergely a t\u00f6bbi k\u00f6z\u00f6tt arra h\u00edvta fel a figyelmet, hogy a tan\u00e1csad\u00f3val a politika nem azonos ter\u00fclet\u00e9n dolgoznak, ez\u00e9rt nem hiszi, hogy az \u00fatjaik a j\u00f6v\u0151ben ism\u00e9t keresztezn\u00e9k egym\u00e1st. \u00dagy folytatta, Trump eln\u00f6ks\u00e9g\u00e9nek a meg\u00edt\u00e9l\u00e9se korai, de azt a komoly \u00e9rdemet senki nem veheti el t\u0151le, hogy neki k\u00f6sz\u00f6nhet\u0151, Hillary Clinton nem lett az Egyes\u00fclt \u00c1llamok eln\u00f6ke. Ha csak ennyit tett, akkor m\u00e1r sokat tett &#8211; vont m\u00e9rleget, kiemelve Steve Bannon ebben val\u00f3 r\u00e9szv\u00e9tel\u00e9t.<br \/>\n    Arra a felvet\u00e9sre, hogy a Jobbik eln\u00f6ks\u00e9ge szerint a Fidesznek az a c\u00e9lja, hogy a Jobbik sz\u00e9tszakadjon Guly\u00e1s Gergely azt mondta, &#8222;r\u00e9g\u00f3ta nem tartunk kapcsolatot Simicska Lajossal&#8221;.(MTI)<\/p>\n","protected":false},"excerpt":{"rendered":"<p>A tervek szerint a korm\u00e1ny j\u00fanius 13-\u00e1n ny\u00fajtja be a 2019-es k\u00f6lts\u00e9gvet\u00e9st az Orsz\u00e1ggy\u0171l\u00e9snek, amely j\u00falius m\u00e1sodik fel\u00e9ben fogadhatja el &#8211; k\u00f6z\u00f6lte a Minisztereln\u00f6ks\u00e9get vezet\u0151 miniszter cs\u00fct\u00f6rt\u00f6k\u00f6n Budapesten sajt\u00f3t\u00e1j\u00e9koztat\u00f3n. Guly\u00e1s Gergely k\u00f6z\u00f6lte azt is, a korm\u00e1ny tervei szerint csak figyelmeztethetn\u00e9 a hat\u00f3s\u00e1g a kis- \u00e9s k\u00f6zepes v\u00e1llalkoz\u00e1sokat, ha megs\u00e9rtik az Eur\u00f3pai Uni\u00f3 most hat\u00e1lyba l\u00e9p\u0151 &#8230;<\/p>\n","protected":false},"author":1,"featured_media":0,"comment_status":"closed","ping_status":"open","sticky":false,"template":"","format":"standard","meta":[],"categories":[4,19],"tags":[],"_links":{"self":[{"href":"https:\/\/gazdasagportal.hu\/index.php\/wp-json\/wp\/v2\/posts\/105613"}],"collection":[{"href":"https:\/\/gazdasagportal.hu\/index.php\/wp-json\/wp\/v2\/posts"}],"about":[{"href":"https:\/\/gazdasagportal.hu\/index.php\/wp-json\/wp\/v2\/types\/post"}],"author":[{"embeddable":true,"href":"https:\/\/gazdasagportal.hu\/index.php\/wp-json\/wp\/v2\/users\/1"}],"replies":[{"embeddable":true,"href":"https:\/\/gazdasagportal.hu\/index.php\/wp-json\/wp\/v2\/comments?post=105613"}],"version-history":[{"count":1,"href":"https:\/\/gazdasagportal.hu\/index.php\/wp-json\/wp\/v2\/posts\/105613\/revisions"}],"predecessor-version":[{"id":105614,"href":"https:\/\/gazdasagportal.hu\/index.php\/wp-json\/wp\/v2\/posts\/105613\/revisions\/105614"}],"wp:attachment":[{"href":"https:\/\/gazdasagportal.hu\/index.php\/wp-json\/wp\/v2\/media?parent=105613"}],"wp:term":[{"taxonomy":"category","embeddable":true,"href":"https:\/\/gazdasagportal.hu\/index.php\/wp-json\/wp\/v2\/categories?post=105613"},{"taxonomy":"post_tag","embeddable":true,"href":"https:\/\/gazdasagportal.hu\/index.php\/wp-json\/wp\/v2\/tags?post=105613"}],"curies":[{"name":"wp","href":"https:\/\/api.w.org\/{rel}","templated":true}]}}