{"id":105577,"date":"2018-05-24T07:04:52","date_gmt":"2018-05-24T05:04:52","guid":{"rendered":"http:\/\/gazdasagportal.hu\/?p=105577"},"modified":"2018-05-24T07:04:52","modified_gmt":"2018-05-24T05:04:52","slug":"europa-jovoje-gulyas-komoly-veszelyben-van-a-szabadsag","status":"publish","type":"post","link":"https:\/\/gazdasagportal.hu\/index.php\/europa-jovoje-gulyas-komoly-veszelyben-van-a-szabadsag\/","title":{"rendered":"Eur\u00f3pa j\u00f6v\u0151je &#8211; Guly\u00e1s: komoly vesz\u00e9lyben van a szabads\u00e1g"},"content":{"rendered":"<p><strong>A szabads\u00e1g napjainkban komoly vesz\u00e9lyben van: a globaliz\u00e1ci\u00f3 \u00e9s az azt mozgat\u00f3 \u00fczleti \u00e9rdek hadat \u00fczent a k\u00f6z\u00f6ss\u00e9gnek, ami mindenekel\u0151tt &#8222;k\u0151kem\u00e9ny kult\u00farharcot&#8221; jelent &#8211; hangoztatta a Minisztereln\u00f6ks\u00e9get vezet\u0151 miniszter Budapesten szerd\u00e1n.<\/strong><!--more--><\/p>\n<div class=\"ads-in-post1\"><div id=\"gazdasagportal.hu_fullbanner_wideboard\"><\/div>\r\n<\/div>\n<p>    Guly\u00e1s Gergely a K\u00f6z\u00e9p- \u00e9s Kelet-eur\u00f3pai T\u00f6rt\u00e9nelem \u00e9s T\u00e1rsadalom Kutat\u00e1s\u00e1\u00e9rt K\u00f6zalap\u00edtv\u00e1ny, valamint a Sz\u00e1zadv\u00e9g Alap\u00edtv\u00e1ny szervezte Eur\u00f3pa j\u00f6v\u0151je c\u00edm\u0171 k\u00e9tnapos nemzetk\u00f6zi konferencia els\u0151 napj\u00e1n mondott besz\u00e9det. Az esem\u00e9nyt a visegr\u00e1di egy\u00fcttm\u0171k\u00f6d\u00e9s 2017-2018-as magyar eln\u00f6ks\u00e9ge keret\u00e9ben, a K\u00fclgazdas\u00e1gi \u00e9s K\u00fcl\u00fcgyminiszt\u00e9rium t\u00e1mogat\u00e1s\u00e1val rendezt\u00e9k.<br \/>\n    A politikus \u00fagy v\u00e9lekedett, hogy a harc nem hagyom\u00e1nyos form\u00e1ban zajlik, nem k\u00e9t kult\u00fara csap \u00f6ssze, hanem a szabad vil\u00e1g \u00e9rt\u00e9kei \u00e1llnak szemben a &#8222;dekonstrukci\u00f3val&#8221;.<br \/>\n    Van-e es\u00e9lye a lok\u00e1lisnak a glob\u00e1lissal szemben? &#8211; tette fel a k\u00e9rd\u00e9st, majd k\u00f6z\u00f6lte: ez att\u00f3l is f\u00fcgg, mi t\u00f6rt\u00e9nik majd Amerik\u00e1ban, amely egy politikai forradalom ut\u00e1n van.<br \/>\n    Donald Trump eln\u00f6k gy\u0151zelme mindenki sz\u00e1m\u00e1ra v\u00e1ratlan siker volt &#8211; mondta Guly\u00e1s Gergely, megjegyezve: az ut\u00f3bbi id\u0151ben a sz\u00f3l\u00e1sszabads\u00e1got a politikailag korrekt besz\u00e9dm\u00f3ddal igyekeztek kiszor\u00edtani.<br \/>\n    Holott a nyilv\u00e1noss\u00e1got nem lehet \u00e9s nem is \u00e9rdemes monopoliz\u00e1lni &#8211; jelentette ki.<br \/>\n    Felid\u00e9zte, hogy az amerikai eln\u00f6kv\u00e1laszt\u00e1skor &#8222;csak az \u00fagynevezett f\u00fcggetlen \u00fajs\u00e1g\u00edr\u00e1s etalonjak\u00e9nt sz\u00e1mon tartott CNN&#8221; nem volt hajland\u00f3 szembes\u00fclni az eredm\u00e9nnyel.<br \/>\n    Hillary Clinton el\u0151bb ismerte be a veres\u00e9g\u00e9t, mint ahogy a h\u00edrcsatorna tudom\u00e1sul vette az emberek d\u00f6nt\u00e9s\u00e9t &#8211; k\u00f6z\u00f6lte.<br \/>\n<div class=\"ads-in-post2\"><script async src=\"https:\/\/pagead2.googlesyndication.com\/pagead\/js\/adsbygoogle.js\"><\/script>\r\n<ins class=\"adsbygoogle\"\r\n     style=\"display:block\"\r\n     data-ad-format=\"fluid\"\r\n     data-ad-layout-key=\"-6t+ed+2i-1n-4w\"\r\n     data-ad-client=\"ca-pub-1959107119989764\"\r\n     data-ad-slot=\"4008251320\"><\/ins>\r\n<script>\r\n     (adsbygoogle = window.adsbygoogle || []).push({});\r\n<\/script><\/div>\n    B\u00e1r Donald Trump eln\u00f6ks\u00e9g\u00e9r\u0151l korai \u00edt\u00e9letet mondani, nyilv\u00e1nval\u00f3an az \u0151 t\u00f6rt\u00e9nelmi teljes\u00edtm\u00e9nye, hogy Hillary Clinton nem lett az Egyes\u00fclt \u00c1llamok vezet\u0151je &#8211; v\u00e9lekedett Guly\u00e1s Gergely.<br \/>\n    Nem a demokrat\u00e1k alkott\u00e1k a val\u00f3di ellenz\u00e9ki p\u00e1rtot, hanem a m\u00e9dia, amely azonban elhib\u00e1zott politik\u00e1t vitt &#8211; jelentette ki. Hozz\u00e1tette, hogy Magyarorsz\u00e1gon ugyanezt lehetett tapasztalni alig k\u00e9t h\u00f3napja: a baloldali m\u00e9dia v\u00e1lt a leghangosabb ellenz\u00e9ki er\u0151v\u00e9, t\u00e9ves strat\u00e9gi\u00e1ja azonban nem a korm\u00e1ny, hanem az ellenz\u00e9k lev\u00e1lt\u00e1s\u00e1hoz vezetett.<br \/>\n    A miniszter azt mondta, \u00e9rdekl\u0151dve tekintenek arra, amit Donald Trump el\u00e9rt.<br \/>\n    Gy\u0151zelme \u00f6r\u00f6kre a politikat\u00f6rt\u00e9net r\u00e9sze marad &#8211; jegyezte meg.<br \/>\n    A folyamat arr\u00f3l sz\u00f3l, mik\u00e9nt lehet visszaadni az embereknek a d\u00f6nt\u00e9s jog\u00e1t, egyidej\u0171leg pedig el\u0151t\u00e9rbe helyezni a nemzeti \u00e9rdeket &#8211; v\u00e9lekedett.<br \/>\n    Szavai szerint a m\u00f6g\u00f6ttes elk\u00e9pzel\u00e9s v\u00e9gtelen\u00fcl egyszer\u0171: le kell porolni \u00e9s fel kell szabad\u00edtani a politikai korrekts\u00e9g b\u00e9kly\u00f3j\u00e1ba ker\u00fclt demokratikus int\u00e9zm\u00e9nyrendszert.<br \/>\n    Guly\u00e1s Gergely hangs\u00falyozta: Magyarorsz\u00e1g az\u00e9rt l\u00e9pett be a NATO-ba, mert a szabad vil\u00e1g r\u00e9szes\u00e9v\u00e9 akart v\u00e1lni, ahol egyszerre \u00e9rv\u00e9nyes\u00fclnek az egy\u00e9ni \u00e9s a k\u00f6z\u00f6ss\u00e9gi jogok.<br \/>\n    \u00cdgy volt ez az Eur\u00f3pai Uni\u00f3val is, amely egyszerre k\u00edn\u00e1lta a gazdas\u00e1gi felemelked\u00e9s \u00e9s a nemzetek k\u00f6z\u00f6tti egyenrang\u00fa egy\u00fcttm\u0171k\u00f6d\u00e9s lehet\u0151s\u00e9g\u00e9t &#8211; f\u0171zte hozz\u00e1.<br \/>\n    Kiemelte: hisznek abban, hogy a szabad nemzetek igenis dolgozhatnak egy\u00fctt, sz\u00f6vets\u00e9gben.<br \/>\n    Megb\u00edzhat\u00f3s\u00e1gra \u00e9s kisz\u00e1m\u00edthat\u00f3s\u00e1gra van sz\u00fcks\u00e9g, amihez az is hozz\u00e1tartozik, hogy az ember felismeri a saj\u00e1t \u00e9rdekeit, \u00e9s tekintettel van m\u00e1sok \u00e9rz\u00e9kenys\u00e9g\u00e9re &#8211; id\u00e9zte Helmut Kohl n\u00e9hai n\u00e9met kancell\u00e1rt.<br \/>\n    &#8222;A szabads\u00e1g k\u00f6z\u00f6ss\u00e9gi m\u0171faj&#8221;, szabads\u00e1g csak ott lehet, ahol egy\u00e9n \u00e9s k\u00f6z\u00f6ss\u00e9g viszonya k\u00f6lcs\u00f6n\u00f6s &#8211; jelentette ki Guly\u00e1s Gergely. Azt mondta, l\u00e1tj\u00e1k az \u00e9l\u0151 amerikai k\u00f6z\u00f6ss\u00e9gek mutatta p\u00e9ld\u00e1t, amelyben fontos a csal\u00e1d, a kereszt, a templom \u00e9s a z\u00e1szl\u00f3.<br \/>\n    \u00dagy \u00e9rzik, vannak olyan k\u00f6z\u00f6s pontok, amelyek seg\u00edthetik a k\u00f6lcs\u00f6n\u00f6s meg\u00e9rt\u00e9st az Egyes\u00fclt \u00c1llamok \u00e9s Eur\u00f3pa k\u00f6z\u00f6tti vit\u00e1kban. A miniszter idesorolta a hagyom\u00e1ny tisztelet\u00e9t, a biztons\u00e1g, az identit\u00e1s megv\u00e9d\u00e9s\u00e9t, valamint a nemzet, az igazs\u00e1g ir\u00e1nti elk\u00f6telezetts\u00e9get is.<br \/>\n    Stephen K. Bannon, Donald Trump amerikai eln\u00f6k kor\u00e1bbi kamp\u00e1nyf\u0151n\u00f6ke \u00e9s vezet\u0151 strat\u00e9g\u00e1ja Trump &#8222;Amerika az els\u0151&#8221; politik\u00e1ja \u00e9s hat\u00e1sa K\u00f6z\u00e9p-Eur\u00f3p\u00e1ra c\u00edm\u0171 angol nyelv\u0171 el\u0151ad\u00e1s\u00e1ban kiemelte: korunk alapvet\u0151 k\u00e9rd\u00e9se, hogy van-e b\u00e1tors\u00e1gunk megv\u00e9deni a civiliz\u00e1ci\u00f3nkat azokt\u00f3l, akik elpuszt\u00edtan\u00e1k.<br \/>\n    A magyar n\u00e9p erre v\u00e1laszt adott, amikor a v\u00e1laszt\u00e1son els\u00f6pr\u0151 t\u00f6bbs\u00e9ggel \u00fajra hivatalba juttatta Orb\u00e1n Viktor minisztereln\u00f6k\u00f6t &#8211; mondta.<br \/>\n    \u00dagy v\u00e9lekedett: manaps\u00e1g nem is politikai ellenz\u00e9k m\u0171k\u00f6dik, hanem a m\u00e9diaellenz\u00e9k.<br \/>\n    Egyesek a liber\u00e1lis demokr\u00e1ci\u00e1t csak addig tartott\u00e1k j\u00f3nak, am\u00edg \u0151k nyert\u00e9k a v\u00e1laszt\u00e1sokat. Amikor elkezdtek kikapni, autoriter, &#8222;minidikt\u00e1tor&#8221; lett rajtuk k\u00edv\u00fcl mindenki &#8211; hangoztatta Stephen K. Bannon.<br \/>\n    B\u00e1r az emberek szerett\u00e9k Barack Obama eln\u00f6k\u00f6t, nem gondolt\u00e1k, hogy el tudja hozni azt a v\u00e1ltoz\u00e1st, amelyre az orsz\u00e1gnak sz\u00fcks\u00e9ge van. Az amerikaiak h\u00e1romnegyede \u00fagy gondolta, hogy az Egyes\u00fclt \u00c1llamok hanyatlik, a dolgoz\u00f3k nem t\u00e1mogatt\u00e1k a demokrat\u00e1kat, csak az elit &#8211; mondta.<br \/>\n    Az als\u00f3 k\u00f6z\u00e9poszt\u00e1lybeliek egy olyan vezet\u0151 m\u00f6g\u00e9 akartak be\u00e1llni, aki visszahozza Amerika r\u00e9gi f\u00e9ny\u00e9t, \u00fajra naggy\u00e1 teszi az orsz\u00e1got. Erre \u00e9p\u00edtett Donald Trump a kor\u00e1bbi kamp\u00e1nyf\u0151n\u00f6ke tan\u00e1cs\u00e1ra.<br \/>\n    A p\u00e9nz\u00fcgyi v\u00e1ls\u00e1g terheit a munk\u00e1sok viselt\u00e9k, az \u0151 ad\u00f3jukb\u00f3l seg\u00edtett\u00e9k ki a bankokat &#8211; mondta Stephen K. Bannon.<br \/>\n    \u00dagy fogalmazott, hogy az elit a lehet\u0151 legkapzsibb csoport, amely gy\u0171l\u00f6li, semmirekell\u0151nek tartja a dolgoz\u00f3kat.<br \/>\n    Donald Trumpb\u00f3l m\u00e9g mindig cs\u00fafot \u0171znek, nem ismert\u00e9k be a veres\u00e9g\u00fcket. Kital\u00e1lt\u00e1k, hogy Oroszorsz\u00e1g \u00e1ll az eredm\u00e9ny m\u00f6g\u00f6tt, pedig ez m\u00e9g viccnek is t\u00falz\u00e1s &#8211; mondta a kor\u00e1bbi kamp\u00e1nyf\u0151n\u00f6k.<br \/>\n    Stephen K. Bannon arr\u00f3l is besz\u00e9lt, hogy Orb\u00e1n Viktor ugyanazt ind\u00edtja be az emberekben, mint Donald Trump, \u00e9s lehet\u0151s\u00e9get kapott arra, hogy bizony\u00edtson.<br \/>\n    Az &#8222;Amerika az els\u0151&#8221; politik\u00e1ja nem akarja lerontani a m\u00e1r el\u00e9rt eredm\u00e9nyeket, de m\u00e1s priorit\u00e1sokat szeretne k\u00f6vetni.(MTI)<\/p>\n","protected":false},"excerpt":{"rendered":"<p>A szabads\u00e1g napjainkban komoly vesz\u00e9lyben van: a globaliz\u00e1ci\u00f3 \u00e9s az azt mozgat\u00f3 \u00fczleti \u00e9rdek hadat \u00fczent a k\u00f6z\u00f6ss\u00e9gnek, ami mindenekel\u0151tt &#8222;k\u0151kem\u00e9ny kult\u00farharcot&#8221; jelent &#8211; hangoztatta a Minisztereln\u00f6ks\u00e9get vezet\u0151 miniszter Budapesten szerd\u00e1n.<\/p>\n","protected":false},"author":1,"featured_media":105578,"comment_status":"closed","ping_status":"open","sticky":false,"template":"","format":"standard","meta":[],"categories":[146,4,19],"tags":[],"_links":{"self":[{"href":"https:\/\/gazdasagportal.hu\/index.php\/wp-json\/wp\/v2\/posts\/105577"}],"collection":[{"href":"https:\/\/gazdasagportal.hu\/index.php\/wp-json\/wp\/v2\/posts"}],"about":[{"href":"https:\/\/gazdasagportal.hu\/index.php\/wp-json\/wp\/v2\/types\/post"}],"author":[{"embeddable":true,"href":"https:\/\/gazdasagportal.hu\/index.php\/wp-json\/wp\/v2\/users\/1"}],"replies":[{"embeddable":true,"href":"https:\/\/gazdasagportal.hu\/index.php\/wp-json\/wp\/v2\/comments?post=105577"}],"version-history":[{"count":1,"href":"https:\/\/gazdasagportal.hu\/index.php\/wp-json\/wp\/v2\/posts\/105577\/revisions"}],"predecessor-version":[{"id":105579,"href":"https:\/\/gazdasagportal.hu\/index.php\/wp-json\/wp\/v2\/posts\/105577\/revisions\/105579"}],"wp:featuredmedia":[{"embeddable":true,"href":"https:\/\/gazdasagportal.hu\/index.php\/wp-json\/wp\/v2\/media\/105578"}],"wp:attachment":[{"href":"https:\/\/gazdasagportal.hu\/index.php\/wp-json\/wp\/v2\/media?parent=105577"}],"wp:term":[{"taxonomy":"category","embeddable":true,"href":"https:\/\/gazdasagportal.hu\/index.php\/wp-json\/wp\/v2\/categories?post=105577"},{"taxonomy":"post_tag","embeddable":true,"href":"https:\/\/gazdasagportal.hu\/index.php\/wp-json\/wp\/v2\/tags?post=105577"}],"curies":[{"name":"wp","href":"https:\/\/api.w.org\/{rel}","templated":true}]}}