{"id":105559,"date":"2018-05-23T12:20:57","date_gmt":"2018-05-23T10:20:57","guid":{"rendered":"http:\/\/gazdasagportal.hu\/?p=105559"},"modified":"2018-05-23T12:20:57","modified_gmt":"2018-05-23T10:20:57","slug":"nagyot-zuhant-a-torok-lira-arfolyama","status":"publish","type":"post","link":"https:\/\/gazdasagportal.hu\/index.php\/nagyot-zuhant-a-torok-lira-arfolyama\/","title":{"rendered":"Nagyot zuhant a t\u00f6r\u00f6k l\u00edra \u00e1rfolyama"},"content":{"rendered":"<p><strong>Szerd\u00e1n h\u00e1rom, egy h\u00e9t alatt pedig kilenc sz\u00e1zal\u00e9kkal gyeng\u00fclt a t\u00f6r\u00f6k l\u00edra a doll\u00e1rral \u00e9s az eur\u00f3val szemben.<\/strong><!--more--><\/p>\n<div class=\"ads-in-post1\"><div id=\"gazdasagportal.hu_fullbanner_wideboard\"><\/div>\r\n<\/div>\n<p>    A l\u00edra gyeng\u00fcl\u00e9se a j\u00f6v\u0151 havi el\u0151rehozott eln\u00f6k- \u00e9s parlamenti v\u00e1laszt\u00e1sok miatti aggodalmakkal hozhat\u00f3 \u00f6sszef\u00fcgg\u00e9sbe. K\u00f6zv\u00e9lem\u00e9ny kutat\u00e1sok szerint ugyanis az eln\u00f6kv\u00e1laszt\u00e1s k\u00e9tfordul\u00f3s is lehet, a parlamenti v\u00e1laszt\u00e1sokon pedig nem biztos, hogy a korm\u00e1nyz\u00f3 Igazs\u00e1g \u00e9s Fejl\u0151d\u00e9s P\u00e1rtja (AKP), Erdogan eln\u00f6k p\u00e1rtja meg tudja \u0151rizni t\u00f6bbs\u00e9g\u00e9t.<br \/>\n    A piacok gazdas\u00e1gi instabilit\u00e1st\u00f3l tartanak.<br \/>\n    Berat Albayrak energiaipari miniszter, Recep Tayyip Erdogan eln\u00f6k veje ugyanakkor a helyi m\u00e9di\u00e1ban szerd\u00e1n &#8222;T\u00f6r\u00f6korsz\u00e1g elleni \u00f6sszehangolt p\u00e9nzpiaci t\u00e1mad\u00e1sr\u00f3l&#8221; besz\u00e9lt.<br \/>\n<div class=\"ads-in-post2\"><script async src=\"https:\/\/pagead2.googlesyndication.com\/pagead\/js\/adsbygoogle.js\"><\/script>\r\n<ins class=\"adsbygoogle\"\r\n     style=\"display:block\"\r\n     data-ad-format=\"fluid\"\r\n     data-ad-layout-key=\"-6t+ed+2i-1n-4w\"\r\n     data-ad-client=\"ca-pub-1959107119989764\"\r\n     data-ad-slot=\"4008251320\"><\/ins>\r\n<script>\r\n     (adsbygoogle = window.adsbygoogle || []).push({});\r\n<\/script><\/div>\n    A t\u00f6r\u00f6k jegybank ugyanis vonakodik megemelni az ir\u00e1nyad\u00f3 kamatot. A kamatemel\u00e9s er\u0151s\u00edthetn\u00e9 ugyan a l\u00edra \u00e1rfolyam\u00e1t \u00e9s m\u00e9rs\u00e9kelhetn\u00e9 az infl\u00e1ci\u00f3t is, Erdogan eln\u00f6k azonban gazdas\u00e1g\u00f6szt\u00f6nz\u0151 c\u00e9llal a hitelkamatok alacsonyan tart\u00e1s\u00e1t szorgalmazza.<br \/>\n    A t\u00f6r\u00f6k jegybanki alapkamat 8,0 sz\u00e1zal\u00e9k, a 10 \u00e9ves \u00e1llampap\u00edr hozama 14,44 sz\u00e1zal\u00e9k, az infl\u00e1ci\u00f3 10,85 sz\u00e1zal\u00e9k.<br \/>\n    A doll\u00e1rt szerd\u00e1n 4,9295 l\u00edr\u00e1n is jegyezt\u00e9k, ami a t\u00f6r\u00f6k l\u00edra mindenkori leggyeng\u00e9bb \u00e1rfolyama az amerikai deviz\u00e1val szemben. Szerd\u00e1n d\u00e9lel\u0151tt 11-kor a doll\u00e1rt 4,8305 l\u00edr\u00e1n jegyezt\u00e9k, a l\u00edra 3,17 sz\u00e1zal\u00e9kos napi gyeng\u00fcl\u00e9s\u00e9vel.<br \/>\n    A l\u00edra a doll\u00e1rral szemben egy h\u00e9t alatt t\u00f6bb mint kilenc sz\u00e1zal\u00e9kot, egy h\u00f3nap alatt t\u00f6bb mint 17 sz\u00e1zal\u00e9kot gyeng\u00fclt \u00e9s 27 sz\u00e1zal\u00e9kkal \u00e1ll \u00e9v eleji \u00e1rfolyama alatt.<br \/>\n    Az eur\u00f3t 5,6494 l\u00edr\u00e1n jegyezt\u00e9k d\u00e9lel\u0151tt tizenegykor, a l\u00edra 2,67 sz\u00e1zal\u00e9kkal gyeng\u00fclt a napi kezd\u00e9shez k\u00e9pest. A legmagasabb eur\u00f3jegyz\u00e9s szerd\u00e1n 5,7734 l\u00edra volt, ami a t\u00f6r\u00f6k deviza legalacsonyabb \u00e1rfolyama eddig az eur\u00f3val szemben.<br \/>\n    A l\u00edra egy h\u00e9t alatt k\u00f6zel kilenc sz\u00e1zal\u00e9kot vesz\u00edtett \u00e1rfolyam\u00e1b\u00f3l az eur\u00f3val szemben, egy h\u00f3nap alatt pedig 13 sz\u00e1zal\u00e9kkal gyeng\u00fclt. \u00c9v eleji \u00e1rfolyam\u00e1n\u00e1l 24 sz\u00e1zal\u00e9kkal \u00e1ll gyeng\u00e9bben a l\u00edra jelenleg az eur\u00f3val szemben.<br \/>\n    Egy t\u00f6r\u00f6k l\u00edra 56,27 forint a nemzetk\u00f6zi devizapiacon, de szerd\u00e1n nap k\u00f6zben 55,67 forintos jegyz\u00e9sre is volt p\u00e9lda.<br \/>\n(MTI)<\/p>\n","protected":false},"excerpt":{"rendered":"<p>Szerd\u00e1n h\u00e1rom, egy h\u00e9t alatt pedig kilenc sz\u00e1zal\u00e9kkal gyeng\u00fclt a t\u00f6r\u00f6k l\u00edra a doll\u00e1rral \u00e9s az eur\u00f3val szemben.<\/p>\n","protected":false},"author":1,"featured_media":0,"comment_status":"closed","ping_status":"open","sticky":false,"template":"","format":"standard","meta":[],"categories":[10],"tags":[],"_links":{"self":[{"href":"https:\/\/gazdasagportal.hu\/index.php\/wp-json\/wp\/v2\/posts\/105559"}],"collection":[{"href":"https:\/\/gazdasagportal.hu\/index.php\/wp-json\/wp\/v2\/posts"}],"about":[{"href":"https:\/\/gazdasagportal.hu\/index.php\/wp-json\/wp\/v2\/types\/post"}],"author":[{"embeddable":true,"href":"https:\/\/gazdasagportal.hu\/index.php\/wp-json\/wp\/v2\/users\/1"}],"replies":[{"embeddable":true,"href":"https:\/\/gazdasagportal.hu\/index.php\/wp-json\/wp\/v2\/comments?post=105559"}],"version-history":[{"count":1,"href":"https:\/\/gazdasagportal.hu\/index.php\/wp-json\/wp\/v2\/posts\/105559\/revisions"}],"predecessor-version":[{"id":105560,"href":"https:\/\/gazdasagportal.hu\/index.php\/wp-json\/wp\/v2\/posts\/105559\/revisions\/105560"}],"wp:attachment":[{"href":"https:\/\/gazdasagportal.hu\/index.php\/wp-json\/wp\/v2\/media?parent=105559"}],"wp:term":[{"taxonomy":"category","embeddable":true,"href":"https:\/\/gazdasagportal.hu\/index.php\/wp-json\/wp\/v2\/categories?post=105559"},{"taxonomy":"post_tag","embeddable":true,"href":"https:\/\/gazdasagportal.hu\/index.php\/wp-json\/wp\/v2\/tags?post=105559"}],"curies":[{"name":"wp","href":"https:\/\/api.w.org\/{rel}","templated":true}]}}