{"id":105557,"date":"2018-05-23T12:00:24","date_gmt":"2018-05-23T10:00:24","guid":{"rendered":"http:\/\/gazdasagportal.hu\/?p=105557"},"modified":"2018-05-23T14:08:57","modified_gmt":"2018-05-23T12:08:57","slug":"negy-nyari-hetvegere-ismet-a-gyalogosoke-lesz-a-szabadsag-hid","status":"publish","type":"post","link":"https:\/\/gazdasagportal.hu\/index.php\/negy-nyari-hetvegere-ismet-a-gyalogosoke-lesz-a-szabadsag-hid\/","title":{"rendered":"N\u00e9gy ny\u00e1ri h\u00e9tv\u00e9g\u00e9re ism\u00e9t a gyalogosok\u00e9 lesz a Szabads\u00e1g h\u00edd"},"content":{"rendered":"<p><strong>Id\u00e9n is a gyalogosok\u00e9 lesz n\u00e9gy ny\u00e1ri h\u00e9tv\u00e9g\u00e9re a forgalomt\u00f3l elz\u00e1rt Szabads\u00e1g h\u00edd &#8211; mondta el Szalay-Bobrovniczky Alexandra szerd\u00e1n Budapesten. <\/strong><!--more--><\/p>\n<div class=\"ads-in-post1\"><div id=\"gazdasagportal.hu_fullbanner_wideboard\"><\/div>\r\n<\/div>\n    A f\u0151polg\u00e1rmester-helyettes a Dun\u00e1hoz kapcsol\u00f3d\u00f3 ny\u00e1ri f\u0151v\u00e1rosi rendezv\u00e9nyeket bemutat\u00f3 sajt\u00f3t\u00e1j\u00e9koztat\u00f3n felid\u00e9zte, hogy a Szabih\u00edd projekt alulr\u00f3l j\u00f6v\u0151 spont\u00e1n kezdem\u00e9nyez\u00e9sk\u00e9nt indult 2016-ban. Mint hozz\u00e1tette, id\u00e9n j\u00falius 14. \u00e9s augusztus 5. k\u00f6z\u00f6tt n\u00e9gy egym\u00e1st k\u00f6vet\u0151 h\u00e9tv\u00e9g\u00e9n vehetik birtokba a hidat a budapestiek \u00e9s az arra j\u00e1r\u00f3k.<br \/>\n    A v\u00e1rosvezet\u00e9s egy Dun\u00e1val egy\u00fctt \u00e9l\u0151 f\u0151v\u00e1rost szeretne, mindezt olyan infrastruktur\u00e1lis fejleszt\u00e9sekkel is t\u00e1mogatta az elm\u00falt \u00e9vekben, mint a Margitsziget teljes meg\u00faj\u00edt\u00e1sa, a Duna Ar\u00e9na fel\u00e9p\u00edt\u00e9se, a Palatinus f\u00fcrd\u0151 \u00e9s a kapuit hamarosan \u00fajra megnyit\u00f3 Dag\u00e1ly Strandf\u00fcrd\u0151 meg\u00faj\u00edt\u00e1sa, valamint az enged\u00e9lyeztet\u00e9si \u00e9s p\u00e1ly\u00e1zati f\u00e1zisban l\u00e9v\u0151 Rak-Park \u00e9s Duna-Buda projekt &#8211; f\u0171zte hozz\u00e1.<br \/>\n<div class=\"ads-in-post2\"><script async src=\"https:\/\/pagead2.googlesyndication.com\/pagead\/js\/adsbygoogle.js\"><\/script>\r\n<ins class=\"adsbygoogle\"\r\n     style=\"display:block\"\r\n     data-ad-format=\"fluid\"\r\n     data-ad-layout-key=\"-6t+ed+2i-1n-4w\"\r\n     data-ad-client=\"ca-pub-1959107119989764\"\r\n     data-ad-slot=\"4008251320\"><\/ins>\r\n<script>\r\n     (adsbygoogle = window.adsbygoogle || []).push({});\r\n<\/script><\/div>\n    B\u00e1n Teod\u00f3ra, a Szabad T\u00e9r Sz\u00ednh\u00e1z \u00fcgyvezet\u0151je hangs\u00falyozta: a Budapesti Ny\u00e1ri Fesztiv\u00e1l egyik legf\u0151bb helysz\u00edne, a minden eddigin\u00e9l t\u00f6bb ingyenes programot k\u00edn\u00e1l\u00f3 Margitszigeti Szabadt\u00e9ri Sz\u00ednpad id\u00e9n 80 \u00e9ves lesz. A sz\u00ednpad kik\u00f6t\u0151j\u00e9ben egy usz\u00e1lyt is l\u00e1togathatnak a budapestiek, amelyen a Bonny&#038;Clyde c\u00edm\u0171 musical kulisszatitkaiba pillanthatnak be.<br \/>\n    Augusztus 31. \u00e9s szeptember 2. k\u00f6z\u00f6tt harmadik alkalommal v\u00e1rja a k\u00f6z\u00f6ns\u00e9get a Dunapest \u00f6sszm\u0171v\u00e9szeti fesztiv\u00e1l, amelynek a foly\u00f3 teljes f\u0151v\u00e1rosi szakasz\u00e1t lefed\u0151 helysz\u00ednein t\u00f6bb mint 100 fell\u00e9p\u0151 mutatja be, mit jelent sz\u00e1m\u00e1ra a Duna. A kultur\u00e1lis, irodalmi \u00e9s gasztron\u00f3miai programok mellett urbanisztikai programok, \u00e9p\u00edt\u00e9szeti konferencia \u00e9s tematikus s\u00e9t\u00e1k is lesznek &#8211; mondta el S\u00e1pi Zs\u00f3fia projektmenedzser.<br \/>\n    M\u00e1sodik alkalommal rendezik meg szeptember 1-j\u00e9n a Duna-\u00e1t\u00fasz\u00e1st a Budapest Urban Games v\u00e1rosi sportok fesztiv\u00e1lja keret\u00e9ben. A nagy \u00e9rdekl\u0151d\u00e9sre tekintettel az \u00e1t\u00fasz\u00e1sra id\u00e9n m\u00e1r \u00f6tsz\u00e1zan jelentkezhetnek, emellett a Citadell\u00e1n fut\u00e1s, a Klauz\u00e1l t\u00e9ren pedig grundfocibajnoks\u00e1g \u00e9s streetball is v\u00e1rja a k\u00f6z\u00f6ns\u00e9get szeptember els\u0151 szombatj\u00e1n &#8211; emelte ki Sticzay P\u00e9ter szervez\u0151.(MTI)<\/p>\n","protected":false},"excerpt":{"rendered":"<p>Id\u00e9n is a gyalogosok\u00e9 lesz n\u00e9gy ny\u00e1ri h\u00e9tv\u00e9g\u00e9re a forgalomt\u00f3l elz\u00e1rt Szabads\u00e1g h\u00edd &#8211; mondta el Szalay-Bobrovniczky Alexandra szerd\u00e1n Budapesten.<\/p>\n","protected":false},"author":1,"featured_media":0,"comment_status":"closed","ping_status":"open","sticky":false,"template":"","format":"standard","meta":[],"categories":[4],"tags":[],"_links":{"self":[{"href":"https:\/\/gazdasagportal.hu\/index.php\/wp-json\/wp\/v2\/posts\/105557"}],"collection":[{"href":"https:\/\/gazdasagportal.hu\/index.php\/wp-json\/wp\/v2\/posts"}],"about":[{"href":"https:\/\/gazdasagportal.hu\/index.php\/wp-json\/wp\/v2\/types\/post"}],"author":[{"embeddable":true,"href":"https:\/\/gazdasagportal.hu\/index.php\/wp-json\/wp\/v2\/users\/1"}],"replies":[{"embeddable":true,"href":"https:\/\/gazdasagportal.hu\/index.php\/wp-json\/wp\/v2\/comments?post=105557"}],"version-history":[{"count":2,"href":"https:\/\/gazdasagportal.hu\/index.php\/wp-json\/wp\/v2\/posts\/105557\/revisions"}],"predecessor-version":[{"id":105566,"href":"https:\/\/gazdasagportal.hu\/index.php\/wp-json\/wp\/v2\/posts\/105557\/revisions\/105566"}],"wp:attachment":[{"href":"https:\/\/gazdasagportal.hu\/index.php\/wp-json\/wp\/v2\/media?parent=105557"}],"wp:term":[{"taxonomy":"category","embeddable":true,"href":"https:\/\/gazdasagportal.hu\/index.php\/wp-json\/wp\/v2\/categories?post=105557"},{"taxonomy":"post_tag","embeddable":true,"href":"https:\/\/gazdasagportal.hu\/index.php\/wp-json\/wp\/v2\/tags?post=105557"}],"curies":[{"name":"wp","href":"https:\/\/api.w.org\/{rel}","templated":true}]}}