{"id":105553,"date":"2018-05-23T10:29:26","date_gmt":"2018-05-23T08:29:26","guid":{"rendered":"http:\/\/gazdasagportal.hu\/?p=105553"},"modified":"2018-05-23T10:29:26","modified_gmt":"2018-05-23T08:29:26","slug":"felmeres-a-magyarok-leginkabb-a-bevandorlast-tartjak-fontosnak-az-ep-kampanyban","status":"publish","type":"post","link":"https:\/\/gazdasagportal.hu\/index.php\/felmeres-a-magyarok-leginkabb-a-bevandorlast-tartjak-fontosnak-az-ep-kampanyban\/","title":{"rendered":"Felm\u00e9r\u00e9s: a magyarok legink\u00e1bb a bev\u00e1ndorl\u00e1st tartj\u00e1k fontosnak az EP-kamp\u00e1nyban"},"content":{"rendered":"<p><strong>Egy uni\u00f3s felm\u00e9r\u00e9s szerint a magyarok els\u0151sorban a bev\u00e1ndorl\u00e1s t\u00e9m\u00e1j\u00e1t tartj\u00e1k fontosnak a j\u00f6v\u0151 \u00e9vi eur\u00f3pai parlamenti v\u00e1laszt\u00e1s kamp\u00e1ny\u00e1ban, a megk\u00e9rdezettek 60 sz\u00e1zal\u00e9ka nyilatkozott \u00edgy. <\/strong><!--more--><\/p>\n<div class=\"ads-in-post1\"><div id=\"gazdasagportal.hu_fullbanner_wideboard\"><\/div>\r\n<\/div>\n<p>    Az Eur\u00f3pai Parlament szerd\u00e1n k\u00f6zz\u00e9tett k\u00f6zv\u00e9lem\u00e9ny-kutat\u00e1s\u00e1ban arra a k\u00e9rd\u00e9sre, hogy mely t\u00e9m\u00e1k szerepeljenek kiemelten a kamp\u00e1nyban, a tagorsz\u00e1gok lakoss\u00e1g\u00e1nak 49 sz\u00e1zal\u00e9ka a terrorizmus elleni k\u00fczdelmet, 48 sz\u00e1zal\u00e9kuk a fiatalkor\u00faak munkan\u00e9lk\u00fclis\u00e9g\u00e9nek kezel\u00e9s\u00e9t, \u00e9s 45 sz\u00e1zal\u00e9kuk a bev\u00e1ndorl\u00e1st jel\u00f6lte meg legfontosabbk\u00e9nt.<br \/>\n    A magyar v\u00e1laszad\u00f3k t\u00f6bbs\u00e9ge szint\u00e9n e ter\u00fcleteket emelte ki, de m\u00e1s sorrendben: 60 sz\u00e1zal\u00e9kuk a bev\u00e1ndorl\u00e1st, 47 sz\u00e1zal\u00e9kuk a terrorizmust, 40 sz\u00e1zal\u00e9kuk a munkan\u00e9lk\u00fclis\u00e9get, valamint 43 sz\u00e1zal\u00e9kuk a k\u00fcls\u0151 hat\u00e1rok v\u00e9delm\u00e9t jel\u00f6lte meg kiemelt ter\u00fcletk\u00e9nt. Ez ut\u00f3bbi eur\u00f3pai szinten a v\u00e1laszad\u00f3k mind\u00f6ssze 26 sz\u00e1zal\u00e9ka szerint kiemelten fontos t\u00e9ma. Az uni\u00f3s \u00e1llampolg\u00e1rok sz\u00e1m\u00e1ra tov\u00e1bb\u00e1 kiugr\u00f3an fontos m\u00e9g a gazdas\u00e1gi n\u00f6veked\u00e9s k\u00e9rd\u00e9se is &#8211; k\u00f6z\u00f6lte az Eur\u00f3pai Parlament.<br \/>\n<div class=\"ads-in-post2\"><script async src=\"https:\/\/pagead2.googlesyndication.com\/pagead\/js\/adsbygoogle.js\"><\/script>\r\n<ins class=\"adsbygoogle\"\r\n     style=\"display:block\"\r\n     data-ad-format=\"fluid\"\r\n     data-ad-layout-key=\"-6t+ed+2i-1n-4w\"\r\n     data-ad-client=\"ca-pub-1959107119989764\"\r\n     data-ad-slot=\"4008251320\"><\/ins>\r\n<script>\r\n     (adsbygoogle = window.adsbygoogle || []).push({});\r\n<\/script><\/div>\n    A felm\u00e9r\u00e9sb\u0151l kider\u00fclt, hogy a magyarok t\u00f6bb mint hatvan sz\u00e1zal\u00e9ka szerint j\u00f3 dolog, hogy Magyarorsz\u00e1g az Eur\u00f3pai Uni\u00f3 tagja, \u00e9s 58 sz\u00e1zal\u00e9k azok ar\u00e1nya, akik el\u00e9gedettek az EU-n bel\u00fcli demokr\u00e1cia m\u0171k\u00f6d\u00e9s\u00e9vel. Az uni\u00f3s lakoss\u00e1g \u00e1tlaga e tekintetben 46 sz\u00e1zal\u00e9k, ami 2007 \u00f3ta a legmagasabb ar\u00e1ny.<br \/>\n    A megk\u00e9rdezettek 61 sz\u00e1zal\u00e9ka v\u00e9li \u00fagy, hogy j\u00f3 dolog az EU-tags\u00e1g Magyarorsz\u00e1g sz\u00e1m\u00e1ra. Ez 5 sz\u00e1zal\u00e9kpontos emelked\u00e9s a legut\u00f3bbi, 2017-es &#8211; akkor nyolc sz\u00e1zal\u00e9kpontos n\u00f6veked\u00e9st mutat\u00f3 &#8211; eredm\u00e9nyhez k\u00e9pest. A magyarok fele \u00e9rzi \u00fagy, hogy sz\u00e1m\u00edt a v\u00e9lem\u00e9nye az EU-ban &#8211; ez kimagasl\u00f3, 11 sz\u00e1zal\u00e9kpontos n\u00f6veked\u00e9s.<br \/>\n    A kutat\u00e1s szerint uni\u00f3s \u00e1tlagban a tag\u00e1llamok lakoss\u00e1g\u00e1nak t\u00f6bb mint k\u00e9tharmada, 67 sz\u00e1zal\u00e9k \u00fagy gondolja, orsz\u00e1g\u00e1nak kifejezetten hasznos az uni\u00f3s tags\u00e1g, ami az 1983 \u00f3ta m\u00e9rt legmagasabb adat. A megk\u00e9rdezettek majdnem fele, 48 sz\u00e1zal\u00e9kuk \u00fagy l\u00e1tja, sz\u00e1m\u00edt a szava az uni\u00f3ban, ami az eddigi legjobb eredm\u00e9ny a 2009-es eur\u00f3pai v\u00e1laszt\u00e1sok \u00f3ta.<br \/>\n    A 2019-es eur\u00f3pai v\u00e1laszt\u00e1sokat pontosan egy \u00e9vvel megel\u0151z\u0151 Eurobarom\u00e9ter-felm\u00e9r\u00e9s eredm\u00e9nye azt mutatja, hogy az eur\u00f3paiak egyre pozit\u00edvabban viszonyulnak az EU-hoz, a tendencia 2016 \u00f3ta t\u00f6retlen. A megk\u00e9rdezettek t\u00f6bb mint egyharmada tiszt\u00e1ban van a k\u00f6vetkez\u0151 eur\u00f3pai v\u00e1laszt\u00e1sok id\u0151pontj\u00e1val, \u00e9s hasonl\u00f3 m\u00e9rt\u00e9k\u0171 \u00e9rdekl\u0151d\u00e9s mutatkozik a r\u00e9szv\u00e9tel ir\u00e1nt is. A megk\u00e9rdezettek k\u00f6zel fele, 49 sz\u00e1zal\u00e9kuk \u00fagy gondolja, fontos szavazni az eur\u00f3pai parlamenti v\u00e1laszt\u00e1sokon. Ez az ar\u00e1ny Magyarorsz\u00e1gon 51 sz\u00e1zal\u00e9k, vagyis meghaladja az uni\u00f3s \u00e1tlagot &#8211; k\u00f6z\u00f6lte az Eur\u00f3pai Parlament.(MTI)<\/p>\n","protected":false},"excerpt":{"rendered":"<p>Egy uni\u00f3s felm\u00e9r\u00e9s szerint a magyarok els\u0151sorban a bev\u00e1ndorl\u00e1s t\u00e9m\u00e1j\u00e1t tartj\u00e1k fontosnak a j\u00f6v\u0151 \u00e9vi eur\u00f3pai parlamenti v\u00e1laszt\u00e1s kamp\u00e1ny\u00e1ban, a megk\u00e9rdezettek 60 sz\u00e1zal\u00e9ka nyilatkozott \u00edgy.<\/p>\n","protected":false},"author":1,"featured_media":0,"comment_status":"closed","ping_status":"open","sticky":false,"template":"","format":"standard","meta":[],"categories":[4,12],"tags":[],"_links":{"self":[{"href":"https:\/\/gazdasagportal.hu\/index.php\/wp-json\/wp\/v2\/posts\/105553"}],"collection":[{"href":"https:\/\/gazdasagportal.hu\/index.php\/wp-json\/wp\/v2\/posts"}],"about":[{"href":"https:\/\/gazdasagportal.hu\/index.php\/wp-json\/wp\/v2\/types\/post"}],"author":[{"embeddable":true,"href":"https:\/\/gazdasagportal.hu\/index.php\/wp-json\/wp\/v2\/users\/1"}],"replies":[{"embeddable":true,"href":"https:\/\/gazdasagportal.hu\/index.php\/wp-json\/wp\/v2\/comments?post=105553"}],"version-history":[{"count":1,"href":"https:\/\/gazdasagportal.hu\/index.php\/wp-json\/wp\/v2\/posts\/105553\/revisions"}],"predecessor-version":[{"id":105554,"href":"https:\/\/gazdasagportal.hu\/index.php\/wp-json\/wp\/v2\/posts\/105553\/revisions\/105554"}],"wp:attachment":[{"href":"https:\/\/gazdasagportal.hu\/index.php\/wp-json\/wp\/v2\/media?parent=105553"}],"wp:term":[{"taxonomy":"category","embeddable":true,"href":"https:\/\/gazdasagportal.hu\/index.php\/wp-json\/wp\/v2\/categories?post=105553"},{"taxonomy":"post_tag","embeddable":true,"href":"https:\/\/gazdasagportal.hu\/index.php\/wp-json\/wp\/v2\/tags?post=105553"}],"curies":[{"name":"wp","href":"https:\/\/api.w.org\/{rel}","templated":true}]}}