{"id":105540,"date":"2018-05-22T20:43:30","date_gmt":"2018-05-22T18:43:30","guid":{"rendered":"http:\/\/gazdasagportal.hu\/?p=105540"},"modified":"2018-05-22T20:43:30","modified_gmt":"2018-05-22T18:43:30","slug":"donald-trump-elhalaszthatjak-az-eszak-koreaval-tervezett-csucstalalkozot","status":"publish","type":"post","link":"https:\/\/gazdasagportal.hu\/index.php\/donald-trump-elhalaszthatjak-az-eszak-koreaval-tervezett-csucstalalkozot\/","title":{"rendered":"Donald Trump: elhalaszthatj\u00e1k az \u00c9szak-Kore\u00e1val tervezett cs\u00facstal\u00e1lkoz\u00f3t"},"content":{"rendered":"<p><strong>Donald Trump amerikai eln\u00f6k szerint elhalaszthatj\u00e1k az \u00c9szak-Kore\u00e1val tervezett cs\u00facstal\u00e1lkoz\u00f3t.<\/strong><!--more--><\/p>\n<div class=\"ads-in-post1\"><div id=\"gazdasagportal.hu_fullbanner_wideboard\"><\/div>\r\n<\/div>\n<p>    Az eln\u00f6k a Mun Dzse In d\u00e9l-koreai \u00e1llamf\u0151vel tartand\u00f3 tal\u00e1lkoz\u00f3ja el\u0151tt, a Feh\u00e9r H\u00e1z Ov\u00e1lis irod\u00e1j\u00e1ban besz\u00e9lt err\u0151l \u00fajs\u00e1g\u00edr\u00f3knak kedden.<br \/>\n    &#8222;Ha nem t\u00f6rt\u00e9nik meg, akkor tal\u00e1n k\u00e9s\u0151bb ker\u00fcl r\u00e1 sor, lehet, hogy j\u00fanius 12-\u00e9n nem siker\u00fcl megtartani&#8221; &#8211; utalt Donald Trump a j\u00fanius 12-re, Szingap\u00farba tervezett tal\u00e1lkoz\u00f3ra. Majd \u00fajs\u00e1g\u00edr\u00f3i k\u00e9rd\u00e9sekre v\u00e1laszolva k\u00e9tszer is megism\u00e9telte kor\u00e1bban hangoztatott \u00e1ll\u00e1spontj\u00e1t: \u00c9szak-Korea atomfegyver-mentes\u00edt\u00e9s\u00e9vel Kim Dzsong Un \u00e9szak-koreai vezet\u0151 nagyobb biztons\u00e1gban, orsz\u00e1ga pedig nagyobb j\u00f3l\u00e9tben lenne.<br \/>\n<div class=\"ads-in-post2\"><script async src=\"https:\/\/pagead2.googlesyndication.com\/pagead\/js\/adsbygoogle.js\"><\/script>\r\n<ins class=\"adsbygoogle\"\r\n     style=\"display:block\"\r\n     data-ad-format=\"fluid\"\r\n     data-ad-layout-key=\"-6t+ed+2i-1n-4w\"\r\n     data-ad-client=\"ca-pub-1959107119989764\"\r\n     data-ad-slot=\"4008251320\"><\/ins>\r\n<script>\r\n     (adsbygoogle = window.adsbygoogle || []).push({});\r\n<\/script><\/div>\n    Phenjan p\u00e1r nappal ezel\u0151tt jelezte: amennyiben a cs\u00facstal\u00e1lkoz\u00f3n csup\u00e1n &#8222;egyoldal\u00fa atomfegyver-mentes\u00edt\u00e9sr\u0151l&#8221; lenne sz\u00f3, a tal\u00e1lkoz\u00f3t ak\u00e1r le is mondhatj\u00e1k. Trump erre \u00edgy reag\u00e1lt az \u00fajs\u00e1g\u00edr\u00f3knak: senkit nem hib\u00e1ztat, de &#8222;nem boldog&#8221; az \u00e9szak-koreai \u00e1ll\u00e1spont megv\u00e1ltoz\u00e1s\u00e1t\u00f3l. Meg\u00e1llap\u00edtotta, hogy ez a v\u00e1ltoz\u00e1s Kim Dzsong Un \u00e9s Hszi Csin-ping k\u00ednai eln\u00f6k m\u00e1sodik tal\u00e1lkoz\u00f3ja ut\u00e1n t\u00f6rt\u00e9nt. Az amerikai eln\u00f6k &#8222;vil\u00e1gsz\u00ednvonal\u00fa p\u00f3kerj\u00e1t\u00e9kosnak&#8221; nevezte a k\u00ednai eln\u00f6k\u00f6t.<br \/>\n    A sajt\u00f3val tartott tal\u00e1lkoz\u00f3n jelen volt Mun Dzse In d\u00e9l-koreai eln\u00f6k is, aki kedden reggel megbesz\u00e9l\u00e9st folytatott Mike Pompeo k\u00fcl\u00fcgyminiszterrel \u00e9s John Bolton nemzetbiztons\u00e1gi tan\u00e1csad\u00f3val. Mun eln\u00f6k az \u00fajs\u00e1g\u00edr\u00f3knak rem\u00e9ny\u00e9t fejezte ki, hogy a tal\u00e1lkoz\u00f3 &#8211; amelyet &#8222;t\u00f6rt\u00e9nelminek&#8221; nevezett &#8211; megtarthat\u00f3. &#8222;Az\u00e9rt, mert voltak a m\u00faltban kudarcaink, nem kell pesszimist\u00e1knak lenn\u00fcnk a j\u00f6v\u0151t illet\u0151en&#8221; &#8211; fogalmazott, dics\u00e9rve egy\u00fattal az amerikai eln\u00f6k er\u0151fesz\u00edt\u00e9seit. Amint mondta: Donald Trumpnak &#8222;dr\u00e1maian pozit\u00edv&#8221; v\u00e1ltoz\u00e1sokat siker\u00fclt el\u00e9rnie \u00c9szak-Kore\u00e1val.<br \/>\n    &#8222;Tal\u00e1n egy napon l\u00e1togat\u00e1st tehetek majd egy egys\u00e9ges Kore\u00e1ban&#8221; &#8211; tette hozz\u00e1 Trump. Ugyanakkor lesz\u00f6gezte: pillanatnyilag &#8222;k\u00e9t sikeres Kore\u00e1ban&#8221; gondolkodik, \u00c9szak- \u00e9s D\u00e9l-Korea szerinte k\u00e9t orsz\u00e1g marad, \u00e9s egy napon majd Phenjan \u00e9s Sz\u00f6ul d\u00f6nti el, hogy t\u00e1rgyaljon-e a k\u00e9t orsz\u00e1g egyes\u00edt\u00e9s\u00e9r\u0151l. (MTI)<\/p>\n","protected":false},"excerpt":{"rendered":"<p>Donald Trump amerikai eln\u00f6k szerint elhalaszthatj\u00e1k az \u00c9szak-Kore\u00e1val tervezett cs\u00facstal\u00e1lkoz\u00f3t.<\/p>\n","protected":false},"author":1,"featured_media":86779,"comment_status":"closed","ping_status":"open","sticky":false,"template":"","format":"standard","meta":[],"categories":[146,13,14],"tags":[],"_links":{"self":[{"href":"https:\/\/gazdasagportal.hu\/index.php\/wp-json\/wp\/v2\/posts\/105540"}],"collection":[{"href":"https:\/\/gazdasagportal.hu\/index.php\/wp-json\/wp\/v2\/posts"}],"about":[{"href":"https:\/\/gazdasagportal.hu\/index.php\/wp-json\/wp\/v2\/types\/post"}],"author":[{"embeddable":true,"href":"https:\/\/gazdasagportal.hu\/index.php\/wp-json\/wp\/v2\/users\/1"}],"replies":[{"embeddable":true,"href":"https:\/\/gazdasagportal.hu\/index.php\/wp-json\/wp\/v2\/comments?post=105540"}],"version-history":[{"count":1,"href":"https:\/\/gazdasagportal.hu\/index.php\/wp-json\/wp\/v2\/posts\/105540\/revisions"}],"predecessor-version":[{"id":105541,"href":"https:\/\/gazdasagportal.hu\/index.php\/wp-json\/wp\/v2\/posts\/105540\/revisions\/105541"}],"wp:featuredmedia":[{"embeddable":true,"href":"https:\/\/gazdasagportal.hu\/index.php\/wp-json\/wp\/v2\/media\/86779"}],"wp:attachment":[{"href":"https:\/\/gazdasagportal.hu\/index.php\/wp-json\/wp\/v2\/media?parent=105540"}],"wp:term":[{"taxonomy":"category","embeddable":true,"href":"https:\/\/gazdasagportal.hu\/index.php\/wp-json\/wp\/v2\/categories?post=105540"},{"taxonomy":"post_tag","embeddable":true,"href":"https:\/\/gazdasagportal.hu\/index.php\/wp-json\/wp\/v2\/tags?post=105540"}],"curies":[{"name":"wp","href":"https:\/\/api.w.org\/{rel}","templated":true}]}}