{"id":105532,"date":"2018-05-22T14:51:42","date_gmt":"2018-05-22T12:51:42","guid":{"rendered":"http:\/\/gazdasagportal.hu\/?p=105532"},"modified":"2018-05-22T14:51:42","modified_gmt":"2018-05-22T12:51:42","slug":"tobb-postan-is-meghosszabbitott-nyitvatartas-lesz-az-szja-bevallas-kedd-ejfeli-leadasi-hatarideje-miatt","status":"publish","type":"post","link":"https:\/\/gazdasagportal.hu\/index.php\/tobb-postan-is-meghosszabbitott-nyitvatartas-lesz-az-szja-bevallas-kedd-ejfeli-leadasi-hatarideje-miatt\/","title":{"rendered":"T\u00f6bb post\u00e1n is meghosszabb\u00edtott nyitvatart\u00e1s lesz az szja-bevall\u00e1s kedd \u00e9jf\u00e9li lead\u00e1si hat\u00e1rideje miatt"},"content":{"rendered":"<p><strong>T\u00f6bb post\u00e1n is meghosszabb\u00edtott nyitvatart\u00e1ssal v\u00e1rj\u00e1k azokat, akik post\u00e1n  k\u00fcldik el a 2017. \u00e9vi szem\u00e9lyij\u00f6vedelemad\u00f3-bevall\u00e1sukat a Nemzeti Ad\u00f3- \u00e9s V\u00e1mhivatalnak (NAV) a m\u00e1jus 22-iki hat\u00e1rid\u0151 napj\u00e1n &#8211; k\u00f6z\u00f6lte a Magyar Posta az MTI \u00e9rdekl\u0151d\u00e9s\u00e9re kedden.<\/strong><!--more--><\/p>\n<div class=\"ads-in-post1\"><div id=\"gazdasagportal.hu_fullbanner_wideboard\"><\/div>\r\n<\/div>\n<p>    A  t\u00e1j\u00e9koztat\u00e1s szerint a megyesz\u00e9khelyeken a f\u0151post\u00e1k 19 \u00f3r\u00e1ig lesznek nyitva, Budapesten \u00e9jf\u00e9lig m\u0171k\u00f6dik a Nyugati t\u00e9ri 62-es posta, a Mammut bev\u00e1s\u00e1rl\u00f3k\u00f6zpontban a 114-es posta 21 \u00f3r\u00e1ig, a Keleti p\u00e1lyaudvar mellett l\u00e9v\u0151 72-es posta pedig, mint mindig 0-24 \u00f3r\u00e1ban el\u00e9rhet\u0151.<br \/>\n    A szem\u00e9lyij\u00f6vedelemad\u00f3-bevall\u00e1s megv\u00e1ltozott rendje &#8211; a NAV \u00e1ltal elk\u00e9sz\u00edtett elektronikus bevall\u00e1sok &#8211; miatt a kor\u00e1bbi \u00e9vekhez k\u00e9pest 2017-ben is j\u00f3val kevesebben adt\u00e1k fel post\u00e1n a bevall\u00e1sukat, az id\u00e9n is cs\u00f6kken\u0151 tendenci\u00e1ra sz\u00e1m\u00edt a Magyar Posta.<br \/>\n    A t\u00e1rsas\u00e1g adatai szerint 2017 tavasz\u00e1n m\u00e1jus 22-ig mintegy 350 ezer, m\u00edg az elektronikus bevall\u00e1s bevezet\u00e9se el\u0151tti \u00e9vben, 2016-ban csaknem 2 milli\u00f3 szem\u00e9lyij\u00f6vedelemad\u00f3-bevall\u00e1st adtak fel post\u00e1n az \u00fcgyfelek.<br \/>\n<div class=\"ads-in-post2\"><script async src=\"https:\/\/pagead2.googlesyndication.com\/pagead\/js\/adsbygoogle.js\"><\/script>\r\n<ins class=\"adsbygoogle\"\r\n     style=\"display:block\"\r\n     data-ad-format=\"fluid\"\r\n     data-ad-layout-key=\"-6t+ed+2i-1n-4w\"\r\n     data-ad-client=\"ca-pub-1959107119989764\"\r\n     data-ad-slot=\"4008251320\"><\/ins>\r\n<script>\r\n     (adsbygoogle = window.adsbygoogle || []).push({});\r\n<\/script><\/div>\n    A NAV \u00e1ltal k\u00e9sz\u00edtett, elektronikus bevall\u00e1s-tervezetet is kedden \u00e9jf\u00e9lig lehet \u00e1tn\u00e9zni, elfogadni, kieg\u00e9sz\u00edteni. Azoknak a mag\u00e1nszem\u00e9lyeknek, akik nem m\u00f3dos\u00edtanak a dokumentumon, automatikusan bevall\u00e1ss\u00e1 v\u00e1lik a tervezet, akkor is, ha nem hagyj\u00e1k j\u00f3v\u00e1. Az \u0151stermel\u0151knek \u00e9s az \u00e1f\u00e1s mag\u00e1nszem\u00e9lyeknek azonban ki kell eg\u00e9sz\u00edteni\u00fck \u00e9s j\u00f3v\u00e1 kell hagyniuk a NAV aj\u00e1nlat\u00e1t, az nem v\u00e1lik automatikusan bevall\u00e1ss\u00e1.(MTI)<\/p>\n","protected":false},"excerpt":{"rendered":"<p>T\u00f6bb post\u00e1n is meghosszabb\u00edtott nyitvatart\u00e1ssal v\u00e1rj\u00e1k azokat, akik post\u00e1n k\u00fcldik el a 2017. \u00e9vi szem\u00e9lyij\u00f6vedelemad\u00f3-bevall\u00e1sukat a Nemzeti Ad\u00f3- \u00e9s V\u00e1mhivatalnak (NAV) a m\u00e1jus 22-iki hat\u00e1rid\u0151 napj\u00e1n &#8211; k\u00f6z\u00f6lte a Magyar Posta az MTI \u00e9rdekl\u0151d\u00e9s\u00e9re kedden.<\/p>\n","protected":false},"author":1,"featured_media":0,"comment_status":"closed","ping_status":"open","sticky":false,"template":"","format":"standard","meta":[],"categories":[20,4,19],"tags":[],"_links":{"self":[{"href":"https:\/\/gazdasagportal.hu\/index.php\/wp-json\/wp\/v2\/posts\/105532"}],"collection":[{"href":"https:\/\/gazdasagportal.hu\/index.php\/wp-json\/wp\/v2\/posts"}],"about":[{"href":"https:\/\/gazdasagportal.hu\/index.php\/wp-json\/wp\/v2\/types\/post"}],"author":[{"embeddable":true,"href":"https:\/\/gazdasagportal.hu\/index.php\/wp-json\/wp\/v2\/users\/1"}],"replies":[{"embeddable":true,"href":"https:\/\/gazdasagportal.hu\/index.php\/wp-json\/wp\/v2\/comments?post=105532"}],"version-history":[{"count":1,"href":"https:\/\/gazdasagportal.hu\/index.php\/wp-json\/wp\/v2\/posts\/105532\/revisions"}],"predecessor-version":[{"id":105533,"href":"https:\/\/gazdasagportal.hu\/index.php\/wp-json\/wp\/v2\/posts\/105532\/revisions\/105533"}],"wp:attachment":[{"href":"https:\/\/gazdasagportal.hu\/index.php\/wp-json\/wp\/v2\/media?parent=105532"}],"wp:term":[{"taxonomy":"category","embeddable":true,"href":"https:\/\/gazdasagportal.hu\/index.php\/wp-json\/wp\/v2\/categories?post=105532"},{"taxonomy":"post_tag","embeddable":true,"href":"https:\/\/gazdasagportal.hu\/index.php\/wp-json\/wp\/v2\/tags?post=105532"}],"curies":[{"name":"wp","href":"https:\/\/api.w.org\/{rel}","templated":true}]}}