{"id":105528,"date":"2018-05-22T14:09:09","date_gmt":"2018-05-22T12:09:09","guid":{"rendered":"http:\/\/gazdasagportal.hu\/?p=105528"},"modified":"2018-05-22T14:09:09","modified_gmt":"2018-05-22T12:09:09","slug":"autobusz-borult-arokba-a-62-es-uton-borgondpusztanal-sok-a-serult","status":"publish","type":"post","link":"https:\/\/gazdasagportal.hu\/index.php\/autobusz-borult-arokba-a-62-es-uton-borgondpusztanal-sok-a-serult\/","title":{"rendered":"Aut\u00f3busz borult \u00e1rokba a 62-es \u00faton B\u00f6rg\u00f6ndpuszt\u00e1n\u00e1l, sok a s\u00e9r\u00fclt"},"content":{"rendered":"<p><strong>\u00c1rokba borult egy menetrend szerint k\u00f6zleked\u0151 t\u00e1vols\u00e1gi aut\u00f3busz a 62-es \u00faton, Sz\u00e9kesfeh\u00e9rv\u00e1r k\u00f6zel\u00e9ben, B\u00f6rg\u00f6ndpuszt\u00e1n\u00e1l &#8211; k\u00f6z\u00f6lte a Fej\u00e9r Megyei Katasztr\u00f3fav\u00e9delmi Igazgat\u00f3s\u00e1g sz\u00f3viv\u0151je kedden az MTI-vel. Az Orsz\u00e1gos Ment\u0151szolg\u00e1lat t\u00e1j\u00e9koztat\u00e1sa szerint 25-en s\u00e9r\u00fcltek meg.<\/strong><!--more--><\/p>\n<div class=\"ads-in-post1\"><div id=\"gazdasagportal.hu_fullbanner_wideboard\"><\/div>\r\n<\/div>\n<p>    Szab\u00f3-Bisztricz Anett katasztr\u00f3fav\u00e9delmi sz\u00f3viv\u0151 elmondta, hogy a Szeged-Gy\u0151r k\u00f6z\u00f6tti j\u00e1rat egy m\u00e1sf\u00e9l m\u00e9ter m\u00e9ly v\u00edzelvezet\u0151 \u00e1rokba borult. A j\u00e1rm\u0171v\u00f6n az eddigi adatok szerint 39-en utaztak, az utasok \u00f6ner\u0151b\u0151l hagyt\u00e1k el a buszt.<br \/>\n    Jelezte, hogy a helysz\u00ednre \u00e9rkezett egy ment\u0151helikopter is. A ment\u00e9sben r\u00e9sztvev\u0151 sz\u00e9kesfeh\u00e9rv\u00e1ri t\u0171zolt\u00f3k vizet, pl\u00e9deket osztanak az utasoknak.<br \/>\n<div class=\"ads-in-post2\"><script async src=\"https:\/\/pagead2.googlesyndication.com\/pagead\/js\/adsbygoogle.js\"><\/script>\r\n<ins class=\"adsbygoogle\"\r\n     style=\"display:block\"\r\n     data-ad-format=\"fluid\"\r\n     data-ad-layout-key=\"-6t+ed+2i-1n-4w\"\r\n     data-ad-client=\"ca-pub-1959107119989764\"\r\n     data-ad-slot=\"4008251320\"><\/ins>\r\n<script>\r\n     (adsbygoogle = window.adsbygoogle || []).push({});\r\n<\/script><\/div>\n    Sipos M\u00f3nika a Fej\u00e9r Megyei Rend\u0151r-f\u0151kapit\u00e1nys\u00e1g sz\u00f3viv\u0151je k\u00e9s\u0151bb azt mondta, hogy a busz \u00e1tt\u00e9rt a szemk\u00f6zti s\u00e1vba \u00e9s az ottani \u00e1rokba csap\u00f3dott. K\u00f6r\u00fclbel\u00fcl h\u00faszan s\u00e9r\u00fcltek meg az utasok k\u00f6z\u00fcl.<br \/>\n    K\u00f6z\u00f6lte, hogy a ment\u0151helikopter \u00e9s a ment\u0151aut\u00f3k t\u00f6bbs\u00e9ge m\u00e1r t\u00e1vozott a helysz\u00ednr\u0151l, a s\u00e9r\u00fclteket k\u00f3rh\u00e1zba vitt\u00e9k.<br \/>\n    A helysz\u00edni szemle \u00e9s a m\u0171szaki ment\u00e9s idej\u00e9re az utat lez\u00e1rt\u00e1k, a forgalmat Dinny\u00e9s fel\u00e9 terelik.<br \/>\n    Az Orsz\u00e1gos Ment\u0151szolg\u00e1lat a k\u00f6z\u00f6ss\u00e9gi oldal\u00e1n azt \u00edrta, hogy az els\u0151 inform\u00e1ci\u00f3ik szerint az utasok k\u00f6z\u00fcl 25-en s\u00e9r\u00fcltek meg, n\u00e9h\u00e1nyukn\u00e1l felmer\u00fclt a csontt\u00f6r\u00e9s, bels\u0151 s\u00e9r\u00fcl\u00e9s lehet\u0151s\u00e9ge, de k\u00f6zvetlen \u00e9letvesz\u00e9lyben senki sincs.<br \/>\n    A helysz\u00ednre kilenc ment\u0151aut\u00f3 \u00e9s ment\u0151helikopter is \u00e9rkezett, a s\u00e9r\u00fclteket Sz\u00e9kesfeh\u00e9rv\u00e1r, Duna\u00fajv\u00e1ros, Veszpr\u00e9m, \u00e9s Si\u00f3fok k\u00f3rh\u00e1zaiba sz\u00e1ll\u00edtott\u00e1k.(MTI)<\/p>\n","protected":false},"excerpt":{"rendered":"<p>\u00c1rokba borult egy menetrend szerint k\u00f6zleked\u0151 t\u00e1vols\u00e1gi aut\u00f3busz a 62-es \u00faton, Sz\u00e9kesfeh\u00e9rv\u00e1r k\u00f6zel\u00e9ben, B\u00f6rg\u00f6ndpuszt\u00e1n\u00e1l &#8211; k\u00f6z\u00f6lte a Fej\u00e9r Megyei Katasztr\u00f3fav\u00e9delmi Igazgat\u00f3s\u00e1g sz\u00f3viv\u0151je kedden az MTI-vel. Az Orsz\u00e1gos Ment\u0151szolg\u00e1lat t\u00e1j\u00e9koztat\u00e1sa szerint 25-en s\u00e9r\u00fcltek meg.<\/p>\n","protected":false},"author":1,"featured_media":0,"comment_status":"closed","ping_status":"open","sticky":false,"template":"","format":"standard","meta":[],"categories":[4],"tags":[],"_links":{"self":[{"href":"https:\/\/gazdasagportal.hu\/index.php\/wp-json\/wp\/v2\/posts\/105528"}],"collection":[{"href":"https:\/\/gazdasagportal.hu\/index.php\/wp-json\/wp\/v2\/posts"}],"about":[{"href":"https:\/\/gazdasagportal.hu\/index.php\/wp-json\/wp\/v2\/types\/post"}],"author":[{"embeddable":true,"href":"https:\/\/gazdasagportal.hu\/index.php\/wp-json\/wp\/v2\/users\/1"}],"replies":[{"embeddable":true,"href":"https:\/\/gazdasagportal.hu\/index.php\/wp-json\/wp\/v2\/comments?post=105528"}],"version-history":[{"count":1,"href":"https:\/\/gazdasagportal.hu\/index.php\/wp-json\/wp\/v2\/posts\/105528\/revisions"}],"predecessor-version":[{"id":105529,"href":"https:\/\/gazdasagportal.hu\/index.php\/wp-json\/wp\/v2\/posts\/105528\/revisions\/105529"}],"wp:attachment":[{"href":"https:\/\/gazdasagportal.hu\/index.php\/wp-json\/wp\/v2\/media?parent=105528"}],"wp:term":[{"taxonomy":"category","embeddable":true,"href":"https:\/\/gazdasagportal.hu\/index.php\/wp-json\/wp\/v2\/categories?post=105528"},{"taxonomy":"post_tag","embeddable":true,"href":"https:\/\/gazdasagportal.hu\/index.php\/wp-json\/wp\/v2\/tags?post=105528"}],"curies":[{"name":"wp","href":"https:\/\/api.w.org\/{rel}","templated":true}]}}