{"id":105524,"date":"2018-05-22T12:48:46","date_gmt":"2018-05-22T10:48:46","guid":{"rendered":"http:\/\/gazdasagportal.hu\/?p=105524"},"modified":"2018-05-22T12:48:46","modified_gmt":"2018-05-22T10:48:46","slug":"az-eu-jovahagyta-az-ausztral-es-uj-zelandi-szabadkereskedelmi-targyalasok-megkezdeset","status":"publish","type":"post","link":"https:\/\/gazdasagportal.hu\/index.php\/az-eu-jovahagyta-az-ausztral-es-uj-zelandi-szabadkereskedelmi-targyalasok-megkezdeset\/","title":{"rendered":"Az EU j\u00f3v\u00e1hagyta az ausztr\u00e1l \u00e9s \u00faj-z\u00e9landi szabadkereskedelmi t\u00e1rgyal\u00e1sok megkezd\u00e9s\u00e9t"},"content":{"rendered":"<p><strong>J\u00f3v\u00e1hagyta az Eur\u00f3pai Uni\u00f3, illetve Ausztr\u00e1lia \u00e9s \u00daj-Z\u00e9land k\u00f6z\u00f6tti szabadkereskedelmi t\u00e1rgyal\u00e1sok megkezd\u00e9s\u00e9t kedden az uni\u00f3s tag\u00e1llamok korm\u00e1nyait t\u00f6m\u00f6r\u00edt\u0151 tan\u00e1cs.<\/strong><!--more--><\/p>\n<div class=\"ads-in-post1\"><div id=\"gazdasagportal.hu_fullbanner_wideboard\"><\/div>\r\n<\/div>\n<p>    &#8222;A d\u00f6nt\u00e9s fontos jelz\u00e9s mindk\u00e9t orsz\u00e1g sz\u00e1m\u00e1ra, hogy nagyra \u00e9rt\u00e9kelj\u00fck a vel\u00fck kialak\u00edtott partners\u00e9g\u00fcnket, \u00e9s szorosabbra k\u00edv\u00e1njuk f\u0171zni eddigi kapcsolatainkat. Ugyanakkor eml\u00e9keztet\u0151 ez a vil\u00e1g sz\u00e1m\u00e1ra is, hogy az EU elk\u00f6telezett a nyitotts\u00e1g, a szabad kereskedelem \u00e9s a glob\u00e1lis egy\u00fcttm\u0171k\u00f6d\u00e9s ir\u00e1nt&#8221; &#8211; mondta Emil Karanikolov, az uni\u00f3 soros eln\u00f6ks\u00e9g\u00e9t bet\u00f6lt\u0151 Bulg\u00e1ria gazdas\u00e1gi minisztere.<br \/>\n    A tan\u00e1csi k\u00f6zlem\u00e9ny szerint a tervezett meg\u00e1llapod\u00e1s legnagyobb nyertese a szolg\u00e1ltat\u00e1si szektor, valamint a motoros berendez\u00e9sek, a g\u00e9pek, a vegyipari term\u00e9kek \u00e9s a feldolgozott \u00e9lelmiszerek \u00e1gazata lesz. Mint \u00edrt\u00e1k, a t\u00e1rgyal\u00e1si megb\u00edz\u00e1s k\u00fcl\u00f6n\u00f6s figyelmet ford\u00edt a s\u00e9r\u00fcl\u00e9kenyebb \u00e1gazatok, k\u00f6zt\u00fck a mez\u0151gazdas\u00e1g oly m\u00f3don val\u00f3 v\u00e9delm\u00e9re, hogy a piac megnyit\u00e1sa &#8211; de nem teljes liberaliz\u00e1ci\u00f3ja &#8211; maxim\u00e1lis el\u0151ny\u00f6kkel j\u00e1rjon an\u00e9lk\u00fcl, hogy a helyi termel\u0151k h\u00e1tr\u00e1nyba ker\u00fcln\u00e9nek.<br \/>\n<div class=\"ads-in-post2\"><script async src=\"https:\/\/pagead2.googlesyndication.com\/pagead\/js\/adsbygoogle.js\"><\/script>\r\n<ins class=\"adsbygoogle\"\r\n     style=\"display:block\"\r\n     data-ad-format=\"fluid\"\r\n     data-ad-layout-key=\"-6t+ed+2i-1n-4w\"\r\n     data-ad-client=\"ca-pub-1959107119989764\"\r\n     data-ad-slot=\"4008251320\"><\/ins>\r\n<script>\r\n     (adsbygoogle = window.adsbygoogle || []).push({});\r\n<\/script><\/div>\n    R\u00e1mutattak: a mand\u00e1tum olyan \u00e1tfog\u00f3 \u00e9s modern keretet ir\u00e1nyoz el\u0151, amelynek alapj\u00e1t a legmagasabb szint\u0171 munka\u00fcgyi, biztons\u00e1gi, k\u00f6rnyezetv\u00e9delmi, kl\u00edmapolitikai \u00e9s fogyaszt\u00f3v\u00e9delmi el\u0151\u00edr\u00e1sok k\u00e9pezik.<br \/>\n    Jean-Claude Juncker, a br\u00fcsszeli test\u00fclet eln\u00f6ke kor\u00e1bban azt k\u00f6z\u00f6lte, hogy az egyeztet\u00e9seket m\u00e9g a bizotts\u00e1g mand\u00e1tum\u00e1nak v\u00e9g\u00e9ig, 2019-ig le szeretn\u00e9k z\u00e1rni.<br \/>\n    Az EU Ausztr\u00e1lia harmadik legnagyobb kereskedelmi partnere. Az \u00e9ves k\u00e9toldal\u00fa kereskedelmi forgalom \u00e9rt\u00e9ke tavaly 48 milli\u00e1rd eur\u00f3 volt, az EU sz\u00e1m\u00e1ra t\u00f6bb mint 21 milli\u00e1rd eur\u00f3s pozit\u00edv m\u00e9rleggel. \u00daj-Z\u00e9landnak 9 milli\u00e1rd eur\u00f3val az EU volt a m\u00e1sodik legfontosabb kereskedelmi partnere Ausztr\u00e1lia ut\u00e1n. Az uni\u00f3s k\u00fclkereskedelmi akt\u00edvum \u00e9rt\u00e9ke 1,9 milli\u00e1rd eur\u00f3 volt.<br \/>\n    A tan\u00e1cs emellett \u00faj megk\u00f6zel\u00edt\u00e9st fogadott el az uni\u00f3s kereskedelmi egyezm\u00e9nyek megt\u00e1rgyal\u00e1s\u00e1r\u00f3l \u00e9s megk\u00f6t\u00e9s\u00e9r\u0151l. Ez az Eur\u00f3pai B\u00edr\u00f3s\u00e1g azon \u00edt\u00e9let\u00e9n alapszik, amely szerint ezen szerz\u0151d\u00e9sek rendelkez\u00e9seinek t\u00falnyom\u00f3 t\u00f6bbs\u00e9ge az EU kiz\u00e1r\u00f3lagos hat\u00e1sk\u00f6r\u00e9be tartozik, ezekhez el\u00e9g a tag\u00e1llamok korm\u00e1nyait t\u00f6m\u00f6r\u00edt\u0151 tan\u00e1cs \u00e9s az Eur\u00f3pai Parlament j\u00f3v\u00e1hagy\u00e1sa. A nemzeti \u00e9s region\u00e1lis parlamentek ratifik\u00e1l\u00e1sa csak azokn\u00e1l a pontokn\u00e1l sz\u00fcks\u00e9ges, amelyek a k\u00fclf\u00f6ldi beruh\u00e1z\u00e1sokra, illetve a befektet\u0151k \u00e9s az \u00e1llamok k\u00f6zti vitarendez\u00e9sre vonatkoznak, ezeket pedig az \u00faj modell \u00e9rtelm\u00e9ben k\u00fcl\u00f6n fogadn\u00e1k el. A c\u00e9l annak a megakad\u00e1lyoz\u00e1sa, hogy megism\u00e9tl\u0151dj\u00f6n az EU-Kanada szabadkereskedelmi meg\u00e1llapod\u00e1s 2016-os ratifik\u00e1l\u00e1sakor fell\u00e9p\u0151 helyzet, amikor a folyamat majdnem meghi\u00fasult a belgiumi Vall\u00f3nia tartom\u00e1ny ellen\u00e1ll\u00e1sa miatt.(MTI)<\/p>\n","protected":false},"excerpt":{"rendered":"<p>J\u00f3v\u00e1hagyta az Eur\u00f3pai Uni\u00f3, illetve Ausztr\u00e1lia \u00e9s \u00daj-Z\u00e9land k\u00f6z\u00f6tti szabadkereskedelmi t\u00e1rgyal\u00e1sok megkezd\u00e9s\u00e9t kedden az uni\u00f3s tag\u00e1llamok korm\u00e1nyait t\u00f6m\u00f6r\u00edt\u0151 tan\u00e1cs.<\/p>\n","protected":false},"author":1,"featured_media":0,"comment_status":"closed","ping_status":"open","sticky":false,"template":"","format":"standard","meta":[],"categories":[12,246],"tags":[],"_links":{"self":[{"href":"https:\/\/gazdasagportal.hu\/index.php\/wp-json\/wp\/v2\/posts\/105524"}],"collection":[{"href":"https:\/\/gazdasagportal.hu\/index.php\/wp-json\/wp\/v2\/posts"}],"about":[{"href":"https:\/\/gazdasagportal.hu\/index.php\/wp-json\/wp\/v2\/types\/post"}],"author":[{"embeddable":true,"href":"https:\/\/gazdasagportal.hu\/index.php\/wp-json\/wp\/v2\/users\/1"}],"replies":[{"embeddable":true,"href":"https:\/\/gazdasagportal.hu\/index.php\/wp-json\/wp\/v2\/comments?post=105524"}],"version-history":[{"count":1,"href":"https:\/\/gazdasagportal.hu\/index.php\/wp-json\/wp\/v2\/posts\/105524\/revisions"}],"predecessor-version":[{"id":105525,"href":"https:\/\/gazdasagportal.hu\/index.php\/wp-json\/wp\/v2\/posts\/105524\/revisions\/105525"}],"wp:attachment":[{"href":"https:\/\/gazdasagportal.hu\/index.php\/wp-json\/wp\/v2\/media?parent=105524"}],"wp:term":[{"taxonomy":"category","embeddable":true,"href":"https:\/\/gazdasagportal.hu\/index.php\/wp-json\/wp\/v2\/categories?post=105524"},{"taxonomy":"post_tag","embeddable":true,"href":"https:\/\/gazdasagportal.hu\/index.php\/wp-json\/wp\/v2\/tags?post=105524"}],"curies":[{"name":"wp","href":"https:\/\/api.w.org\/{rel}","templated":true}]}}