{"id":105516,"date":"2018-05-22T10:23:08","date_gmt":"2018-05-22T08:23:08","guid":{"rendered":"http:\/\/gazdasagportal.hu\/?p=105516"},"modified":"2018-05-22T10:23:08","modified_gmt":"2018-05-22T08:23:08","slug":"ma-ejfelkor-jar-le-az-szja-bevallas-jovahagyasi-hatarideje","status":"publish","type":"post","link":"https:\/\/gazdasagportal.hu\/index.php\/ma-ejfelkor-jar-le-az-szja-bevallas-jovahagyasi-hatarideje\/","title":{"rendered":"Ma \u00e9jf\u00e9lkor j\u00e1r le az szja-bevall\u00e1s j\u00f3v\u00e1hagy\u00e1si hat\u00e1rideje"},"content":{"rendered":"<p><strong>Kedd \u00e9jf\u00e9lig lehet \u00e1tn\u00e9zni, elfogadni, kieg\u00e9sz\u00edteni a Nemzeti Ad\u00f3- \u00e9s V\u00e1mhivatal (NAV) \u00e1ltal k\u00e9sz\u00edtett szem\u00e9lyi j\u00f6vedelemad\u00f3 (szja) bevall\u00e1si tervezetet, amit legegyszer\u0171bben az \u00fcgyf\u00e9lkapuval rendelkez\u0151k tehetnek meg a NAV honlapj\u00e1r\u00f3l el\u00e9rhet\u0151 fel\u00fcleten &#8211; h\u00edvta fel a figyelmet Kis P\u00e9ter Andr\u00e1s, a NAV ad\u00f3szakmai sz\u00f3viv\u0151je kedden az MTI-hez eljuttatott k\u00f6zlem\u00e9nyben.<\/strong><!--more--><\/p>\n<div class=\"ads-in-post1\"><div id=\"gazdasagportal.hu_fullbanner_wideboard\"><\/div>\r\n<\/div>\n<p>    A t\u00e1j\u00e9koztat\u00e1s szerint aki nem v\u00e9gleges\u00edti a tervezetet, nem is n\u00e9zi \u00e1t, annak &#8211; az \u0151stermel\u0151ket \u00e9s \u00e1f\u00e1s mag\u00e1nszem\u00e9lyeket kiv\u00e9ve &#8211; automatikusan bevall\u00e1ss\u00e1 v\u00e1lik a tervezete m\u00e1jus 22. ut\u00e1n.<br \/>\n    A k\u00f6zlem\u00e9nyben a sz\u00f3viv\u0151 kiemelte, az \u0151stermel\u0151k \u00e9s az \u00e1fa fizet\u00e9s\u00e9re k\u00f6telezett mag\u00e1nszem\u00e9lyek r\u00e9sz\u00e9re k\u00e9sz\u00edtett bevall\u00e1si tervezet csup\u00e1n egy &#8222;aj\u00e1nlat&#8221;, ami nem v\u00e1lik automatikusan bevall\u00e1ss\u00e1. Ezeket a tervezeteket ki kell eg\u00e9sz\u00edteni az \u00f6n\u00e1ll\u00f3 tev\u00e9kenys\u00e9g, illetve az \u0151stermel\u0151i tev\u00e9kenys\u00e9g j\u00f6vedelm\u00e9vel, \u00e9s az ahhoz kapcsol\u00f3d\u00f3 fizet\u00e9si k\u00f6telezetts\u00e9gekkel.<br \/>\n<div class=\"ads-in-post2\"><script async src=\"https:\/\/pagead2.googlesyndication.com\/pagead\/js\/adsbygoogle.js\"><\/script>\r\n<ins class=\"adsbygoogle\"\r\n     style=\"display:block\"\r\n     data-ad-format=\"fluid\"\r\n     data-ad-layout-key=\"-6t+ed+2i-1n-4w\"\r\n     data-ad-client=\"ca-pub-1959107119989764\"\r\n     data-ad-slot=\"4008251320\"><\/ins>\r\n<script>\r\n     (adsbygoogle = window.adsbygoogle || []).push({});\r\n<\/script><\/div>\n    Ebben a k\u00f6rben, ha nem eg\u00e9sz\u00edtik ki, nem m\u00f3dos\u00edtj\u00e1k az ad\u00f3bevall\u00e1si tervezetet, az nem v\u00e1lik m\u00e1jus 22-\u00e9n hivatalos szem\u00e9lyij\u00f6vedelemad\u00f3-bevall\u00e1ss\u00e1. Ha nem m\u00f3dos\u00edtja a bevall\u00e1si tervezet\u00e9t vagy saj\u00e1t maga nem k\u00e9sz\u00edt, \u00e9s nem ny\u00fajt be szja-bevall\u00e1st, a NAV tizen\u00f6t napos hat\u00e1rid\u0151vel t\u00e1j\u00e9koztatja, hogy p\u00f3tolja a hi\u00e1nyt. Ha ez elmarad, akkor a NAV \u00f6tvenezer forint mulaszt\u00e1si b\u00edrs\u00e1ggal b\u00fcntetheti a mulaszt\u00f3 \u0151stermel\u0151t, illetve \u00e1fa-fizet\u00e9sre k\u00f6telezett mag\u00e1nszem\u00e9lyt &#8211; \u00edrja k\u00f6zlem\u00e9ny\u00e9ben a NAV sz\u00f3viv\u0151.<br \/>\n    Az egyh\u00e1zaknak \u00e9s a civil szervezeteknek felaj\u00e1nlhat\u00f3 1+1 sz\u00e1zal\u00e9kokr\u00f3l sz\u00f3l\u00f3 rendelkez\u0151 nyilatkozat pap\u00edron vagy szem\u00e9lyesen is beny\u00fajthat\u00f3 a NAV-hoz a k\u00f6zponti \u00fcgyf\u00e9lszolg\u00e1latokon ak\u00e1r este 8 \u00f3r\u00e1ig, elektronikusan pedig \u00e9jf\u00e9lig &#8211; t\u00e1j\u00e9koztatott az ad\u00f3szakmai sz\u00f3viv\u0151.<br \/>\n(MTI)<\/p>\n","protected":false},"excerpt":{"rendered":"<p>Kedd \u00e9jf\u00e9lig lehet \u00e1tn\u00e9zni, elfogadni, kieg\u00e9sz\u00edteni a Nemzeti Ad\u00f3- \u00e9s V\u00e1mhivatal (NAV) \u00e1ltal k\u00e9sz\u00edtett szem\u00e9lyi j\u00f6vedelemad\u00f3 (szja) bevall\u00e1si tervezetet, amit legegyszer\u0171bben az \u00fcgyf\u00e9lkapuval rendelkez\u0151k tehetnek meg a NAV honlapj\u00e1r\u00f3l el\u00e9rhet\u0151 fel\u00fcleten &#8211; h\u00edvta fel a figyelmet Kis P\u00e9ter Andr\u00e1s, a NAV ad\u00f3szakmai sz\u00f3viv\u0151je kedden az MTI-hez eljuttatott k\u00f6zlem\u00e9nyben.<\/p>\n","protected":false},"author":1,"featured_media":0,"comment_status":"closed","ping_status":"open","sticky":false,"template":"","format":"standard","meta":[],"categories":[20,4,19],"tags":[],"_links":{"self":[{"href":"https:\/\/gazdasagportal.hu\/index.php\/wp-json\/wp\/v2\/posts\/105516"}],"collection":[{"href":"https:\/\/gazdasagportal.hu\/index.php\/wp-json\/wp\/v2\/posts"}],"about":[{"href":"https:\/\/gazdasagportal.hu\/index.php\/wp-json\/wp\/v2\/types\/post"}],"author":[{"embeddable":true,"href":"https:\/\/gazdasagportal.hu\/index.php\/wp-json\/wp\/v2\/users\/1"}],"replies":[{"embeddable":true,"href":"https:\/\/gazdasagportal.hu\/index.php\/wp-json\/wp\/v2\/comments?post=105516"}],"version-history":[{"count":1,"href":"https:\/\/gazdasagportal.hu\/index.php\/wp-json\/wp\/v2\/posts\/105516\/revisions"}],"predecessor-version":[{"id":105517,"href":"https:\/\/gazdasagportal.hu\/index.php\/wp-json\/wp\/v2\/posts\/105516\/revisions\/105517"}],"wp:attachment":[{"href":"https:\/\/gazdasagportal.hu\/index.php\/wp-json\/wp\/v2\/media?parent=105516"}],"wp:term":[{"taxonomy":"category","embeddable":true,"href":"https:\/\/gazdasagportal.hu\/index.php\/wp-json\/wp\/v2\/categories?post=105516"},{"taxonomy":"post_tag","embeddable":true,"href":"https:\/\/gazdasagportal.hu\/index.php\/wp-json\/wp\/v2\/tags?post=105516"}],"curies":[{"name":"wp","href":"https:\/\/api.w.org\/{rel}","templated":true}]}}