{"id":105506,"date":"2018-05-22T07:06:20","date_gmt":"2018-05-22T05:06:20","guid":{"rendered":"http:\/\/gazdasagportal.hu\/?p=105506"},"modified":"2018-05-22T07:06:20","modified_gmt":"2018-05-22T05:06:20","slug":"majusban-minimalisan-romlott-a-gki-konjunkturaindexe","status":"publish","type":"post","link":"https:\/\/gazdasagportal.hu\/index.php\/majusban-minimalisan-romlott-a-gki-konjunkturaindexe\/","title":{"rendered":"M\u00e1jusban minim\u00e1lisan romlott a GKI konjunkt\u00faraindexe"},"content":{"rendered":"<p><strong>M\u00e1jusban minim\u00e1lisan romlott a GKI konjunkt\u00faraindexe, miut\u00e1n a fogyaszt\u00f3i v\u00e1rakoz\u00e1sok pesszimist\u00e1bb\u00e1 v\u00e1ltak, az \u00fczleti v\u00e1rakoz\u00e1sok pedig csak szer\u00e9nyen javultak &#8211; k\u00f6z\u00f6lte a GKI Gazdas\u00e1gkutat\u00f3 Zrt. az MTI-vel, hozz\u00e1t\u00e9ve: az index nem sokkal marad el a febru\u00e1ri t\u00f6rt\u00e9nelmi cs\u00facs\u00e1t\u00f3l.<\/strong><!--more--><\/p>\n<div class=\"ads-in-post1\"><div id=\"gazdasagportal.hu_fullbanner_wideboard\"><\/div>\r\n<\/div>\n<p>    A GKI &#8211; az EU m\u00f3dszertan\u00e1nak megfelel\u0151en &#8211; konjunkt\u00fara-index\u00e9nek kisz\u00e1m\u00edt\u00e1sakor az \u00fczleti szf\u00e9r\u00e1n bel\u00fcl az ipar, a kereskedelem, az \u00e9p\u00edt\u0151ipar \u00e9s a szolg\u00e1ltat\u00f3 szektor, illetve a lakoss\u00e1g v\u00e1rakoz\u00e1sait veszi figyelembe. A GKI konjunkt\u00faraindex a lakoss\u00e1gi bizalmi index \u00e9s az \u00fczleti bizalmi index s\u00falyozott \u00e1tlaga.<br \/>\n    A GKI konjunkt\u00faraindexe 2018 m\u00e1jusban 8,3 pont volt, ami 0,5 ponttal alacsonyabb az el\u0151z\u0151 havin\u00e1l. (A febru\u00e1ri t\u00f6rt\u00e9nelmi cs\u00facs 9,5 pont volt.) Az \u00fczleti bizalmi index m\u00e1jusban 13,8 pontra javult az el\u0151z\u0151 havi 13,3 pontr\u00f3l, a fogyaszt\u00f3i bizalmi index m\u00ednusz 7,5 pontra romlott az \u00e1prilisi m\u00ednusz 3,9 pontr\u00f3l.<br \/>\n    A GKI EU-t\u00e1mogat\u00e1ssal v\u00e9gzett felm\u00e9r\u00e9se szerint az \u00fczleti szf\u00e9r\u00e1n bel\u00fcl m\u00e1jusban \u00faj t\u00f6rt\u00e9nelmi cs\u00facs\u00e1ra emelkedett az ipari \u00e9s \u00e9p\u00edt\u0151ipari bizalmi index, ugyanakkor \u00e1prilisi, historikus cs\u00facs\u00e1r\u00f3l egy \u00e9vvel ezel\u0151tti szintj\u00e9re zuhant a szolg\u00e1ltat\u00f3 c\u00e9gek optimizmusa, \u00e9s harmadik h\u00f3napja folyamatosan romlik a kereskedelmi c\u00e9gek v\u00e1rakoz\u00e1sa is. Az ipari bizalmi index m\u00e1jusban ledolgozta el\u0151z\u0151 k\u00e9thavi visszaes\u00e9s\u00e9t, s\u0151t meg is haladta febru\u00e1ri rekordj\u00e1t. Egyar\u00e1nt kedvez\u0151bb lett az elm\u00falt \u00e9s k\u00f6vetkez\u0151 id\u0151szaki termel\u00e9s, a rendel\u00e9s\u00e1llom\u00e1ny &#8211; ezen bel\u00fcl az exportrendel\u00e9sek\u00e9 is &#8211; valamint a k\u00e9szletek meg\u00edt\u00e9l\u00e9se.<br \/>\n<div class=\"ads-in-post2\"><script async src=\"https:\/\/pagead2.googlesyndication.com\/pagead\/js\/adsbygoogle.js\"><\/script>\r\n<ins class=\"adsbygoogle\"\r\n     style=\"display:block\"\r\n     data-ad-format=\"fluid\"\r\n     data-ad-layout-key=\"-6t+ed+2i-1n-4w\"\r\n     data-ad-client=\"ca-pub-1959107119989764\"\r\n     data-ad-slot=\"4008251320\"><\/ins>\r\n<script>\r\n     (adsbygoogle = window.adsbygoogle || []).push({});\r\n<\/script><\/div>\n    Az \u00e9p\u00edt\u0151ipari bizalmi index m\u00e1jusban sz\u00e1mottev\u0151en emelkedett, ezzel \u00faj t\u00f6rt\u00e9nelmi cs\u00facs\u00e1ra jutott. Ez a magas\u00e9p\u00edt\u0151 c\u00e9gek javul\u00f3 kil\u00e1t\u00e1sainak k\u00f6sz\u00f6nhet\u0151, a m\u00e9ly\u00e9p\u00edt\u0151k\u00e9 ugyanis l\u00e9nyeg\u00e9ben nem v\u00e1ltozott. \u00c9rezhet\u0151en kedvez\u0151bb lett az el\u0151z\u0151 h\u00e1romhavi termel\u00e9ssel \u00e9s a rendel\u00e9s\u00e1llom\u00e1nnyal kapcsolatos el\u00e9gedetts\u00e9g. A kereskedelmi bizalmi index febru\u00e1ri t\u00f6rt\u00e9nelmi cs\u00facsa ut\u00e1n imm\u00e1r harmadik h\u00f3napja folyamatosan cs\u00f6kken, de ezzel is bennmaradt az elm\u00falt n\u00e9gy \u00e9vet jellemz\u0151, viszonylag keskeny s\u00e1vban. Az elad\u00e1si poz\u00edci\u00f3 \u00e9s a rendel\u00e9s\u00e1llom\u00e1ny meg\u00edt\u00e9l\u00e9se romlott, a k\u00e9szletek\u00e9 viszont javult. A szolg\u00e1ltat\u00f3i bizalmi index m\u00e1jusi zuhan\u00e1s\u00e1ban az elm\u00falt \u00e9s k\u00f6vetkez\u0151 id\u0151szak forgalm\u00e1nak roml\u00f3 meg\u00edt\u00e9l\u00e9se egyar\u00e1nt szerepet j\u00e1tszott.<br \/>\n    A foglalkozat\u00e1si hajland\u00f3s\u00e1g az iparban \u00e9s az \u00e9p\u00edt\u0151iparban er\u0151s\u00f6d\u00f6tt, a kereskedelemben ugyanakkor jelent\u0151sen, a szolg\u00e1ltat\u00f3 szf\u00e9r\u00e1ban kiss\u00e9 cs\u00f6kkent.<br \/>\n    Emelkedett a lakoss\u00e1g munkan\u00e9lk\u00fclis\u00e9gt\u0151l val\u00f3 f\u00e9lelme.<br \/>\n    Az \u00e1remel\u00e9si sz\u00e1nd\u00e9k az ipari \u00e9s a szolg\u00e1ltat\u00f3 c\u00e9gek k\u00f6r\u00e9ben kiss\u00e9 mark\u00e1nsabb lett, az \u00e9p\u00edt\u0151iparban nem v\u00e1ltozott. A kereskedelemben tov\u00e1bb cs\u00f6kkent az \u00e1remel\u00e9st tervez\u0151k ar\u00e1nya, mik\u00f6zben t\u00f6bb mint h\u00e1romnegyed\u00fck nem tervez \u00e1rv\u00e1ltoz\u00e1st. A fogyaszt\u00f3k infl\u00e1ci\u00f3s v\u00e1rakoz\u00e1sa viszont hat\u00e1rozottan er\u0151s\u00f6d\u00f6tt. A magyar gazdas\u00e1g perspekt\u00edv\u00e1j\u00e1nak meg\u00edt\u00e9l\u00e9se az iparban ugr\u00e1sszer\u0171en, az \u00e9p\u00edt\u0151iparban kiss\u00e9 jobb lett, a kereskedelemben \u00e9s a fogyaszt\u00f3k k\u00f6r\u00e9ben jelent\u0151sen, a szolg\u00e1ltat\u00f3 \u00e1gazatban n\u00e9mileg romlott.<br \/>\n    A GKI fogyaszt\u00f3i bizalmi index m\u00e1jusban h\u00e1rom h\u00f3napos javul\u00e1s, \u00e9s febru\u00e1ri t\u00f6rt\u00e9nelmi cs\u00facsa ut\u00e1n cs\u00f6kkent. A lakoss\u00e1g saj\u00e1t p\u00e9nz\u00fcgyi helyzet\u00e9t \u00e9s j\u00f6v\u0151beli megtakar\u00edt\u00e1si k\u00e9pess\u00e9g\u00e9t egyar\u00e1nt roml\u00f3nak \u00e9rezte, igaz, nagyfok\u00fa optimizmus\u00e1hoz k\u00e9pest. Pesszimist\u00e1bban l\u00e1tt\u00e1k az emberek a nagy \u00e9rt\u00e9k\u0171 tart\u00f3s fogyaszt\u00e1si cikkek v\u00e1s\u00e1rl\u00e1si lehet\u0151s\u00e9g\u00e9t is.(MTI)<\/p>\n","protected":false},"excerpt":{"rendered":"<p>M\u00e1jusban minim\u00e1lisan romlott a GKI konjunkt\u00faraindexe, miut\u00e1n a fogyaszt\u00f3i v\u00e1rakoz\u00e1sok pesszimist\u00e1bb\u00e1 v\u00e1ltak, az \u00fczleti v\u00e1rakoz\u00e1sok pedig csak szer\u00e9nyen javultak &#8211; k\u00f6z\u00f6lte a GKI Gazdas\u00e1gkutat\u00f3 Zrt. az MTI-vel, hozz\u00e1t\u00e9ve: az index nem sokkal marad el a febru\u00e1ri t\u00f6rt\u00e9nelmi cs\u00facs\u00e1t\u00f3l.<\/p>\n","protected":false},"author":1,"featured_media":0,"comment_status":"closed","ping_status":"open","sticky":false,"template":"","format":"standard","meta":[],"categories":[19],"tags":[],"_links":{"self":[{"href":"https:\/\/gazdasagportal.hu\/index.php\/wp-json\/wp\/v2\/posts\/105506"}],"collection":[{"href":"https:\/\/gazdasagportal.hu\/index.php\/wp-json\/wp\/v2\/posts"}],"about":[{"href":"https:\/\/gazdasagportal.hu\/index.php\/wp-json\/wp\/v2\/types\/post"}],"author":[{"embeddable":true,"href":"https:\/\/gazdasagportal.hu\/index.php\/wp-json\/wp\/v2\/users\/1"}],"replies":[{"embeddable":true,"href":"https:\/\/gazdasagportal.hu\/index.php\/wp-json\/wp\/v2\/comments?post=105506"}],"version-history":[{"count":1,"href":"https:\/\/gazdasagportal.hu\/index.php\/wp-json\/wp\/v2\/posts\/105506\/revisions"}],"predecessor-version":[{"id":105507,"href":"https:\/\/gazdasagportal.hu\/index.php\/wp-json\/wp\/v2\/posts\/105506\/revisions\/105507"}],"wp:attachment":[{"href":"https:\/\/gazdasagportal.hu\/index.php\/wp-json\/wp\/v2\/media?parent=105506"}],"wp:term":[{"taxonomy":"category","embeddable":true,"href":"https:\/\/gazdasagportal.hu\/index.php\/wp-json\/wp\/v2\/categories?post=105506"},{"taxonomy":"post_tag","embeddable":true,"href":"https:\/\/gazdasagportal.hu\/index.php\/wp-json\/wp\/v2\/tags?post=105506"}],"curies":[{"name":"wp","href":"https:\/\/api.w.org\/{rel}","templated":true}]}}