{"id":105488,"date":"2018-05-20T14:57:40","date_gmt":"2018-05-20T12:57:40","guid":{"rendered":"http:\/\/gazdasagportal.hu\/?p=105488"},"modified":"2018-05-20T14:57:40","modified_gmt":"2018-05-20T12:57:40","slug":"a-jovo-heten-is-folytatodik-a-valtozekony-ido","status":"publish","type":"post","link":"https:\/\/gazdasagportal.hu\/index.php\/a-jovo-heten-is-folytatodik-a-valtozekony-ido\/","title":{"rendered":"A j\u00f6v\u0151 h\u00e9ten is folytat\u00f3dik a v\u00e1ltoz\u00e9kony id\u0151"},"content":{"rendered":"<p><strong>A j\u00f6v\u0151 h\u00e9ten is folytat\u00f3dik a v\u00e1ltoz\u00e9kony id\u0151: a naps\u00fct\u00e9s mellett t\u00f6bbsz\u00f6r v\u00e1rhat\u00f3 z\u00e1por, zivatar. Ezzel egy\u00fctt kiss\u00e9 melegszik a leveg\u0151, t\u00f6bbfel\u00e9 25 Celsius-fok felett alakulnak a maximumok &#8211; der\u00fcl ki az Orsz\u00e1gos Meteorol\u00f3giai Szolg\u00e1lat orsz\u00e1gos, k\u00f6z\u00e9pt\u00e1v\u00fa el\u0151rejelz\u00e9s\u00e9b\u0151l, melyet vas\u00e1rnap juttattak el az MTI-nek.<\/strong><!--more--><\/p>\n<div class=\"ads-in-post1\"><div id=\"gazdasagportal.hu_fullbanner_wideboard\"><\/div>\r\n<\/div>\n<p>    P\u00fcnk\u00f6sdh\u00e9tf\u0151n t\u00falnyom\u00f3an napos id\u0151 v\u00e1rhat\u00f3, els\u0151sorban az Alf\u00f6ld\u00f6n, az \u00c9szaki-k\u00f6z\u00e9phegys\u00e9g t\u00e9rs\u00e9g\u00e9ben v\u00e1rhat\u00f3 z\u00e1por, zivatar. D\u00e9lkeleten lok\u00e1lisan t\u00f6bb csapad\u00e9k is lehullhat. \u00c9szakkeleten meger\u0151s\u00f6dik, zivatarban vihaross\u00e1 is fokoz\u00f3dhat a sz\u00e9l. A leghidegebb \u00f3r\u00e1kban 7-14 fok lehet. Napk\u00f6zben 23-27 fokig melegszik a leveg\u0151.<br \/>\n    Kedden \u00e9s szerd\u00e1n a t\u00f6bb-kevesebb naps\u00fct\u00e9s mellett t\u00f6bbfel\u00e9 kialakulhat z\u00e1por, zivatar. A sz\u00e9l meg\u00e9l\u00e9nk\u00fcl, helyenk\u00e9nt meger\u0151s\u00f6dik, zivatarok k\u00f6rnyezet\u00e9ben \u00e1tmenetileg vihaross\u00e1 fokoz\u00f3dik. Kedden a legalacsonyabb h\u0151m\u00e9rs\u00e9klet 9-16, szerd\u00e1n 11-1 fok k\u00f6z\u00f6tt alakul. A legmagasabb h\u0151m\u00e9rs\u00e9klet kedden 21-26, szerd\u00e1n 23-28 fok k\u00f6z\u00f6tt val\u00f3sz\u00edn\u0171.<br \/>\n    Cs\u00fct\u00f6rt\u00f6k\u00f6n is t\u00f6bb \u00f3r\u00e1ra kis\u00fct a nap, de tov\u00e1bbra is t\u00f6bbfel\u00e9 alakul ki z\u00e1por, zivatar. A l\u00e9gmozg\u00e1s helyenk\u00e9nt meg\u00e9l\u00e9nk\u00fcl, de zivatarok k\u00f6rnyezet\u00e9ben \u00e1tmenetileg er\u0151s, viharos sz\u00e9ll\u00f6k\u00e9sek is lehetnek. A minimumh\u0151m\u00e9rs\u00e9klet 12-17, a maximumh\u0151m\u00e9rs\u00e9klet 23-39 fok k\u00f6z\u00f6tt alakul.<br \/>\n<div class=\"ads-in-post2\"><script async src=\"https:\/\/pagead2.googlesyndication.com\/pagead\/js\/adsbygoogle.js\"><\/script>\r\n<ins class=\"adsbygoogle\"\r\n     style=\"display:block\"\r\n     data-ad-format=\"fluid\"\r\n     data-ad-layout-key=\"-6t+ed+2i-1n-4w\"\r\n     data-ad-client=\"ca-pub-1959107119989764\"\r\n     data-ad-slot=\"4008251320\"><\/ins>\r\n<script>\r\n     (adsbygoogle = window.adsbygoogle || []).push({});\r\n<\/script><\/div>\n    P\u00e9nteken gomolyfelh\u0151s napos id\u0151re lehet sz\u00e1m\u00edtani, de helyenk\u00e9nt z\u00e1por, zivatar is kialakulhat. A sz\u00e9l meg\u00e9l\u00e9nk\u00fcl, n\u00e9hol meg is er\u0151s\u00f6dik, de zivatarok k\u00f6rnyezet\u00e9ben \u00e1tmenetileg vihaross\u00e1 is fokoz\u00f3dik. A leghidegebb \u00f3r\u00e1kban 12-17 fok lehet. Napk\u00f6zben 24-29 fokig melegszik a leveg\u0151.<br \/>\n    Szombaton napos id\u0151 v\u00e1rhat\u00f3, n\u00e9hol alakulhat ki z\u00e1por. A legalacsonyabb h\u0151m\u00e9rs\u00e9klet 11-16, a legmagasabb h\u0151m\u00e9rs\u00e9klet 24-29 fok k\u00f6z\u00f6tt alakul.<br \/>\n    Vas\u00e1rnap is t\u00f6bbnyire napos id\u0151re lehet sz\u00e1m\u00edtani, de n\u00e9hol kialakulhat z\u00e1por. Helyenk\u00e9nt er\u0151s\u00f6dhet meg a sz\u00e9l. A minimumh\u0151m\u00e9rs\u00e9klet 11-16, a maximumh\u0151m\u00e9rs\u00e9klet 23 \u00e9s 28 fok k\u00f6z\u00f6tt val\u00f3sz\u00edn\u0171 &#8211; olvashat\u00f3 az el\u0151rejelz\u00e9sben.(MTI)<\/p>\n","protected":false},"excerpt":{"rendered":"<p>A j\u00f6v\u0151 h\u00e9ten is folytat\u00f3dik a v\u00e1ltoz\u00e9kony id\u0151: a naps\u00fct\u00e9s mellett t\u00f6bbsz\u00f6r v\u00e1rhat\u00f3 z\u00e1por, zivatar. Ezzel egy\u00fctt kiss\u00e9 melegszik a leveg\u0151, t\u00f6bbfel\u00e9 25 Celsius-fok felett alakulnak a maximumok &#8211; der\u00fcl ki az Orsz\u00e1gos Meteorol\u00f3giai Szolg\u00e1lat orsz\u00e1gos, k\u00f6z\u00e9pt\u00e1v\u00fa el\u0151rejelz\u00e9s\u00e9b\u0151l, melyet vas\u00e1rnap juttattak el az MTI-nek.<\/p>\n","protected":false},"author":1,"featured_media":0,"comment_status":"closed","ping_status":"open","sticky":false,"template":"","format":"standard","meta":[],"categories":[4],"tags":[],"_links":{"self":[{"href":"https:\/\/gazdasagportal.hu\/index.php\/wp-json\/wp\/v2\/posts\/105488"}],"collection":[{"href":"https:\/\/gazdasagportal.hu\/index.php\/wp-json\/wp\/v2\/posts"}],"about":[{"href":"https:\/\/gazdasagportal.hu\/index.php\/wp-json\/wp\/v2\/types\/post"}],"author":[{"embeddable":true,"href":"https:\/\/gazdasagportal.hu\/index.php\/wp-json\/wp\/v2\/users\/1"}],"replies":[{"embeddable":true,"href":"https:\/\/gazdasagportal.hu\/index.php\/wp-json\/wp\/v2\/comments?post=105488"}],"version-history":[{"count":1,"href":"https:\/\/gazdasagportal.hu\/index.php\/wp-json\/wp\/v2\/posts\/105488\/revisions"}],"predecessor-version":[{"id":105489,"href":"https:\/\/gazdasagportal.hu\/index.php\/wp-json\/wp\/v2\/posts\/105488\/revisions\/105489"}],"wp:attachment":[{"href":"https:\/\/gazdasagportal.hu\/index.php\/wp-json\/wp\/v2\/media?parent=105488"}],"wp:term":[{"taxonomy":"category","embeddable":true,"href":"https:\/\/gazdasagportal.hu\/index.php\/wp-json\/wp\/v2\/categories?post=105488"},{"taxonomy":"post_tag","embeddable":true,"href":"https:\/\/gazdasagportal.hu\/index.php\/wp-json\/wp\/v2\/tags?post=105488"}],"curies":[{"name":"wp","href":"https:\/\/api.w.org\/{rel}","templated":true}]}}