{"id":105486,"date":"2018-05-20T15:54:55","date_gmt":"2018-05-20T13:54:55","guid":{"rendered":"http:\/\/gazdasagportal.hu\/?p=105486"},"modified":"2018-05-20T14:26:17","modified_gmt":"2018-05-20T12:26:17","slug":"porosenko-ukrajna-kilep-minden-fak-megallapodasbol-amely-ellentetes-az-erdekeivel","status":"publish","type":"post","link":"https:\/\/gazdasagportal.hu\/index.php\/porosenko-ukrajna-kilep-minden-fak-megallapodasbol-amely-ellentetes-az-erdekeivel\/","title":{"rendered":"Porosenko: Ukrajna kil\u00e9p minden F\u00c1K-meg\u00e1llapod\u00e1sb\u00f3l, amely ellent\u00e9tes az \u00e9rdekeivel"},"content":{"rendered":"<p><strong>Ukrajna \u00e1ttekinti az \u00f6sszes meg\u00e1llapod\u00e1st, amelyet a Szovjetuni\u00f3 felboml\u00e1sa nyom\u00e1n l\u00e9trej\u00f6tt F\u00fcggetlen \u00c1llamok K\u00f6z\u00f6ss\u00e9g\u00e9n (F\u00c1K) keretei bel\u00fcl k\u00f6t\u00f6tt, \u00e9s kil\u00e9p mindegyikb\u0151l, amelyik nem felel meg nemzeti \u00e9rdekeinek &#8211; sz\u00f6gezte le Petro Porosenko ukr\u00e1n eln\u00f6k vas\u00e1rnap Kijevben azon a rendezv\u00e9nyen, amelyet az 1937-1938-as szt\u00e1lini &#8222;nagy terror&#8221; \u00e1ldozatainak eml\u00e9knapj\u00e1n tartottak.<\/strong><!--more--><\/p>\n<div class=\"ads-in-post1\"><div id=\"gazdasagportal.hu_fullbanner_wideboard\"><\/div>\r\n<\/div>\n<p>    Az \u00e1llamf\u0151 szavai szerint Ukrajna ma magabiztosan t\u00e1volodik az orosz \u00e9rdekszf\u00e9r\u00e1b\u00f3l, Moszkva befoly\u00e1sa al\u00f3l.<br \/>\n    R\u00e1mutatott arra, hogy Ukrajna a F\u00c1K-ra 1991-es megalakul\u00e1sa \u00f3ta \u00fagy tekintett, mint az orosz birodalommal val\u00f3 szak\u00edt\u00e1s &#8222;civiliz\u00e1lt&#8221; m\u00f3dj\u00e1ra. &#8222;Ez azonban civiliz\u00e1ltan Oroszorsz\u00e1g hib\u00e1j\u00e1b\u00f3l nem siker\u00fclt. Moszkva mindv\u00e9gig arra t\u00f6rekedett, hogy a k\u00f6z\u00f6ss\u00e9gb\u0151l \u00faj birodalmat form\u00e1ljon, ahol mindenki a Kreml Szpaszkaja torny\u00e1hoz igaz\u00edtja az \u00f3r\u00e1j\u00e1t&#8221; &#8211; hangoztatta Porosenko.<br \/>\n    Az eln\u00f6k a nemzetbiztons\u00e1gi \u00e9s v\u00e9delmi tan\u00e1cs (RNBO) m\u00e1jus 2-i \u00fcl\u00e9s\u00e9n jelentette be, hogy Ukrajna v\u00e9get vet tev\u00e9kenys\u00e9g\u00e9nek \u00e9s visszah\u00edvja k\u00e9pvisel\u0151it a szovjet ut\u00f3d\u00e1llamok \u00e1ltal alap\u00edtott F\u00fcggetlen \u00c1llamok K\u00f6z\u00f6ss\u00e9ge (F\u00c1K) koordin\u00e1ci\u00f3s test\u00fcleteib\u0151l. Hangs\u00falyozta, hogy Ukrajna nem kil\u00e9p a F\u00c1K-b\u00f3l, hiszen annak sohasem volt hivatalosan a tagja. A Szovjetuni\u00f3 sz\u00e9tes\u00e9s\u00e9vel 1991 december\u00e9ben l\u00e9trej\u00f6tt, 12 tag\u00fa F\u00fcggetlen \u00c1llamok K\u00f6z\u00f6ss\u00e9g\u00e9nek alapokm\u00e1ny\u00e1t az ukr\u00e1n parlament ugyanis sosem ratifik\u00e1lta.<br \/>\n<div class=\"ads-in-post2\"><script async src=\"https:\/\/pagead2.googlesyndication.com\/pagead\/js\/adsbygoogle.js\"><\/script>\r\n<ins class=\"adsbygoogle\"\r\n     style=\"display:block\"\r\n     data-ad-format=\"fluid\"\r\n     data-ad-layout-key=\"-6t+ed+2i-1n-4w\"\r\n     data-ad-client=\"ca-pub-1959107119989764\"\r\n     data-ad-slot=\"4008251320\"><\/ins>\r\n<script>\r\n     (adsbygoogle = window.adsbygoogle || []).push({});\r\n<\/script><\/div>\n    Porosenko k\u00f6z\u00f6lte tov\u00e1bb\u00e1: k\u00e9ri a parlamentt\u0151l azon meg\u00e1llapod\u00e1sok \u00e9rv\u00e9nytelen\u00edt\u00e9s\u00e9t, amelyeknek &#8222;m\u00e1r nincs \u00e9rtelm\u00fck Ukrajna sz\u00e1m\u00e1ra&#8221;.<br \/>\n    Az \u00e9vfordul\u00f3 napj\u00e1n az ukr\u00e1n k\u00fcl\u00fcgyminiszt\u00e9rium k\u00f6vetelte az Oroszorsz\u00e1gban \u00e9s az \u00e1ltala \u00f6nk\u00e9nyesen megsz\u00e1llva tartott Kr\u00edm f\u00e9lszigeten t\u00f6rv\u00e9nytelen\u00fcl fogva tartott ukr\u00e1n politikai beb\u00f6rt\u00f6nz\u00f6tt szabadon bocs\u00e1t\u00e1s\u00e1t. Marjana Beca k\u00fcl\u00fcgyi sz\u00f3viv\u0151 a Twitteren k\u00f6zz\u00e9tett bejegyz\u00e9s\u00e9ben azt \u00edrta, hogy Kijev tudom\u00e1sa szerint legal\u00e1bb 24 ukr\u00e1n \u00e1llampolg\u00e1rs\u00e1g\u00fa politikai fogoly raboskodik oroszorsz\u00e1gi b\u00f6rt\u00f6n\u00f6kben \u00e9s t\u00f6bb mint 40 a Moszkva \u00e1ltal \u00f6nk\u00e9nyesen elcsatolt Kr\u00edmben. Ism\u00e9telten k\u00f6vetelj\u00fck az Oroszorsz\u00e1gi F\u00f6der\u00e1ci\u00f3t\u00f3l a foglyok szabadon bocs\u00e1t\u00e1s\u00e1t &#8211; hangs\u00falyozta.<br \/>\n    Az Ukrajinszka Pravda h\u00edrport\u00e1l hozz\u00e1f\u0171zte, hogy jogv\u00e9d\u0151k az Oroszorsz\u00e1gban \u00e9s a Kr\u00edmben politikai okokb\u00f3l beb\u00f6rt\u00f6nz\u00f6tt ukr\u00e1nok sz\u00e1m\u00e1t 70-75 k\u00f6z\u00f6ttire teszik. K\u00f6z\u00fcl\u00fck mintegy 30 ukr\u00e1nt tartanak fogva oroszorsz\u00e1gi b\u00f6rt\u00f6nben, 2018 m\u00e1jusi adatok szerint eddig 17-\u00fck \u00fcgy\u00e9ben sz\u00fcletett b\u00edr\u00f3s\u00e1gi \u00edt\u00e9letet.<br \/>\n    Id\u00e9n a 80-ik \u00e9vfordul\u00f3ja van nagy terrornak &#8211; eml\u00e9keztetett az UNIAN ukr\u00e1n h\u00edr\u00fcgyn\u00f6ks\u00e9g. 1938. m\u00e1jus 20-ra virrad\u00f3an Kijevben a szovjet Bel\u00fcgyi N\u00e9pbiztoss\u00e1g, az NKVD b\u00f6rt\u00f6neiben egyetlen \u00e9jszaka alatt \u00f6sszesen 563 foglyot l\u0151ttek agyon. T\u00f6rt\u00e9n\u00e9szek szerint az 1937-1938-as \u00e9vekre tehet\u0151 nagy terror alatt az Ukr\u00e1n Szovjet Szocialista K\u00f6zt\u00e1rsas\u00e1g (USZSZK) ter\u00fclet\u00e9n csaknem 199 ezer embert \u00edt\u00e9ltek el, mintegy k\u00e9tharmadukat goly\u00f3 \u00e1ltali hal\u00e1lra.(MTI)<\/p>\n","protected":false},"excerpt":{"rendered":"<p>Ukrajna \u00e1ttekinti az \u00f6sszes meg\u00e1llapod\u00e1st, amelyet a Szovjetuni\u00f3 felboml\u00e1sa nyom\u00e1n l\u00e9trej\u00f6tt F\u00fcggetlen \u00c1llamok K\u00f6z\u00f6ss\u00e9g\u00e9n (F\u00c1K) keretei bel\u00fcl k\u00f6t\u00f6tt, \u00e9s kil\u00e9p mindegyikb\u0151l, amelyik nem felel meg nemzeti \u00e9rdekeinek &#8211; sz\u00f6gezte le Petro Porosenko ukr\u00e1n eln\u00f6k vas\u00e1rnap Kijevben azon a rendezv\u00e9nyen, amelyet az 1937-1938-as szt\u00e1lini &#8222;nagy terror&#8221; \u00e1ldozatainak eml\u00e9knapj\u00e1n tartottak.<\/p>\n","protected":false},"author":1,"featured_media":0,"comment_status":"closed","ping_status":"open","sticky":false,"template":"","format":"standard","meta":[],"categories":[12],"tags":[],"_links":{"self":[{"href":"https:\/\/gazdasagportal.hu\/index.php\/wp-json\/wp\/v2\/posts\/105486"}],"collection":[{"href":"https:\/\/gazdasagportal.hu\/index.php\/wp-json\/wp\/v2\/posts"}],"about":[{"href":"https:\/\/gazdasagportal.hu\/index.php\/wp-json\/wp\/v2\/types\/post"}],"author":[{"embeddable":true,"href":"https:\/\/gazdasagportal.hu\/index.php\/wp-json\/wp\/v2\/users\/1"}],"replies":[{"embeddable":true,"href":"https:\/\/gazdasagportal.hu\/index.php\/wp-json\/wp\/v2\/comments?post=105486"}],"version-history":[{"count":1,"href":"https:\/\/gazdasagportal.hu\/index.php\/wp-json\/wp\/v2\/posts\/105486\/revisions"}],"predecessor-version":[{"id":105487,"href":"https:\/\/gazdasagportal.hu\/index.php\/wp-json\/wp\/v2\/posts\/105486\/revisions\/105487"}],"wp:attachment":[{"href":"https:\/\/gazdasagportal.hu\/index.php\/wp-json\/wp\/v2\/media?parent=105486"}],"wp:term":[{"taxonomy":"category","embeddable":true,"href":"https:\/\/gazdasagportal.hu\/index.php\/wp-json\/wp\/v2\/categories?post=105486"},{"taxonomy":"post_tag","embeddable":true,"href":"https:\/\/gazdasagportal.hu\/index.php\/wp-json\/wp\/v2\/tags?post=105486"}],"curies":[{"name":"wp","href":"https:\/\/api.w.org\/{rel}","templated":true}]}}