{"id":105474,"date":"2018-05-19T11:48:13","date_gmt":"2018-05-19T09:48:13","guid":{"rendered":"http:\/\/gazdasagportal.hu\/?p=105474"},"modified":"2018-05-19T16:11:03","modified_gmt":"2018-05-19T14:11:03","slug":"a-zalaegerszegi-jarmuipari-tesztpalyanak-csaknem-egyharmada-elkeszult","status":"publish","type":"post","link":"https:\/\/gazdasagportal.hu\/index.php\/a-zalaegerszegi-jarmuipari-tesztpalyanak-csaknem-egyharmada-elkeszult\/","title":{"rendered":"A zalaegerszegi j\u00e1rm\u0171ipari tesztp\u00e1ly\u00e1nak csaknem egyharmada elk\u00e9sz\u00fclt"},"content":{"rendered":"<p><strong>A tavalyi alapk\u0151let\u00e9tel ut\u00e1n egy \u00e9vvel 25-30 sz\u00e1zal\u00e9kban elk\u00e9sz\u00fclt a zalaegerszegi j\u00e1rm\u0171ipari tesztp\u00e1lya, ahol \u0151sszel egy n\u00e9met aut\u00f3gy\u00e1r lesz az els\u0151 \u00fcgyf\u00e9l &#8211; k\u00f6z\u00f6lte a l\u00e9tes\u00edtm\u00e9ny miniszteri biztosa szombaton a helysz\u00ednen.<\/strong><!--more--><\/p>\n<div class=\"ads-in-post1\"><div id=\"gazdasagportal.hu_fullbanner_wideboard\"><\/div>\r\n<\/div>\n<p>    Vigh L\u00e1szl\u00f3 fideszes orsz\u00e1ggy\u0171l\u00e9si k\u00e9pvisel\u0151 a p\u00e1lya els\u0151 ny\u00edlt napj\u00e1n felid\u00e9zte, hogy napra pontosan k\u00e9t \u00e9vvel ezel\u0151tt jelentette be Orb\u00e1n Viktor minisztereln\u00f6k a zalaegerszegi tesztp\u00e1lya \u00e9p\u00edt\u00e9s\u00e9nek sz\u00e1nd\u00e9k\u00e1t, \u00e9ppen egy \u00e9ve pedig letett\u00e9k az alapk\u00f6vet is.<br \/>\n    A t\u00f6bb elem\u00e9ben egyed\u00fcl\u00e1ll\u00f3 l\u00e9tes\u00edtm\u00e9ny mintegy 250 hekt\u00e1ros ter\u00fcleten \u00e9p\u00fcl, a p\u00e1ly\u00e1n \u00f6nvezet\u0151 j\u00e1rm\u0171veket is lehet majd tesztelni.<br \/>\n    A k\u00e9pvisel\u0151 \u00fagy fogalmazott: Zalaegerszeg j\u00f6v\u0151je ezzel az \u00e9p\u00edtkez\u00e9ssel hossz\u00fa id\u0151re eld\u0151lt. A tesztp\u00e1lya 2020-ra tervezett befejez\u00e9s\u00e9ig v\u00e1rhat\u00f3an t\u00f6bb tucatnyi c\u00e9g telep\u00fcl ide, de a p\u00e1lya val\u00f3j\u00e1ban &#8222;soha nem k\u00e9sz\u00fcl el&#8221;, mert folyamatos fejleszt\u00e9sekkel hozz\u00e1igaz\u00edtj\u00e1k az aut\u00f3ipari ig\u00e9nyekhez.<br \/>\n<div class=\"ads-in-post2\"><script async src=\"https:\/\/pagead2.googlesyndication.com\/pagead\/js\/adsbygoogle.js\"><\/script>\r\n<ins class=\"adsbygoogle\"\r\n     style=\"display:block\"\r\n     data-ad-format=\"fluid\"\r\n     data-ad-layout-key=\"-6t+ed+2i-1n-4w\"\r\n     data-ad-client=\"ca-pub-1959107119989764\"\r\n     data-ad-slot=\"4008251320\"><\/ins>\r\n<script>\r\n     (adsbygoogle = window.adsbygoogle || []).push({});\r\n<\/script><\/div>\n    H\u00e1ry Andr\u00e1s, az Aut\u00f3ipari Pr\u00f3bap\u00e1lya Zala Kft. \u00fcgyvezet\u0151je azt mondta: egyszerre ak\u00e1r 70 j\u00e1rm\u0171 tesztel\u00e9s\u00e9t is v\u00e9gezhetik a komplex p\u00e1ly\u00e1n. A speci\u00e1lis \u00fcgyf\u00e9lk\u00f6r miatt a v\u00e1ros \u00e9s a t\u00e9rs\u00e9g gazdas\u00e1g\u00e1t kedvez\u0151en alak\u00edtja majd \u00e1t a l\u00e9tes\u00edtm\u00e9ny m\u0171k\u00f6d\u00e9se.<br \/>\n    Hamar Zolt\u00e1n, a tesztp\u00e1lya m\u0171szaki vezet\u0151je az egyes elemeket bemutatva arr\u00f3l besz\u00e9lt, hogy Eur\u00f3p\u00e1ban N\u00e9metorsz\u00e1gban \u00e9s Spanyolorsz\u00e1gban van csak ehhez hasonl\u00f3 p\u00e1lya, de azok az \u00f6nvezet\u0151 j\u00e1rm\u0171vek vizsg\u00e1lat\u00e1ra m\u00e9g nincsenek felk\u00e9sz\u00edtve. A zalaegerszegi p\u00e1ly\u00e1n realisztikus v\u00e1rosi k\u00f6rnyezetet is kialak\u00edtanak, ilyesfajta tesztk\u00f6rnyezet jelenleg csak egy egyes\u00fclt \u00e1llamokbeli l\u00e9tes\u00edtm\u00e9nyben van.<br \/>\n    A zalaegerszegi tesztp\u00e1ly\u00e1n egy ak\u00e1r 250 kilom\u00e9teres folyamatos sebess\u00e9gre alkalmas ov\u00e1lis p\u00e1lya k\u00e9sz\u00fcl, de orsz\u00e1g\u00fati \u00e9s aut\u00f3p\u00e1lya-szakasz is \u00e9p\u00fcl, \u00f6sszesen mintegy \u00f6t kilom\u00e9teren. A j\u00e1rm\u0171vek kezelhet\u0151s\u00e9g\u00e9t kanyarg\u00f3s, v\u00e1ltozatos domborzat\u00fa szakaszon vizsg\u00e1lhatj\u00e1k, de t\u00f6bbf\u00e9le \u00fat\u00e1llapotot \u00e9s \u00fatviszonyt imit\u00e1l\u00f3 f\u00e9kp\u00e1lya is \u00e9p\u00fcl, illetve m\u00e1r elk\u00e9sz\u00fclt az Eur\u00f3p\u00e1ban legnagyobb, 300 m\u00e9ter \u00e1tm\u00e9r\u0151j\u0171, menetdinamikai vizsg\u00e1latokra alkalmas aszfaltfel\u00fclet.<br \/>\n    A teljes tesztp\u00e1ly\u00e1n olyan kommunik\u00e1ci\u00f3s h\u00e1l\u00f3zatot alak\u00edtanak ki, hogy a j\u00e1rm\u0171vek egym\u00e1s k\u00f6z\u00f6tti, illetve a t\u00e1bl\u00e1k, jelz\u00e9sek \u00e9s m\u00e1s eszk\u00f6z\u00f6k k\u00f6z\u00f6tti kommunik\u00e1ci\u00f3j\u00e1t is vizsg\u00e1lni lehet &#8211; mondta a m\u0171szaki vezet\u0151 a tesztp\u00e1lya els\u0151 lakoss\u00e1gi ny\u00edlt napj\u00e1n.(MTI)<\/p>\n","protected":false},"excerpt":{"rendered":"<p>A tavalyi alapk\u0151let\u00e9tel ut\u00e1n egy \u00e9vvel 25-30 sz\u00e1zal\u00e9kban elk\u00e9sz\u00fclt a zalaegerszegi j\u00e1rm\u0171ipari tesztp\u00e1lya, ahol \u0151sszel egy n\u00e9met aut\u00f3gy\u00e1r lesz az els\u0151 \u00fcgyf\u00e9l &#8211; k\u00f6z\u00f6lte a l\u00e9tes\u00edtm\u00e9ny miniszteri biztosa szombaton a helysz\u00ednen.<\/p>\n","protected":false},"author":1,"featured_media":0,"comment_status":"closed","ping_status":"open","sticky":false,"template":"","format":"standard","meta":[],"categories":[12,19],"tags":[],"_links":{"self":[{"href":"https:\/\/gazdasagportal.hu\/index.php\/wp-json\/wp\/v2\/posts\/105474"}],"collection":[{"href":"https:\/\/gazdasagportal.hu\/index.php\/wp-json\/wp\/v2\/posts"}],"about":[{"href":"https:\/\/gazdasagportal.hu\/index.php\/wp-json\/wp\/v2\/types\/post"}],"author":[{"embeddable":true,"href":"https:\/\/gazdasagportal.hu\/index.php\/wp-json\/wp\/v2\/users\/1"}],"replies":[{"embeddable":true,"href":"https:\/\/gazdasagportal.hu\/index.php\/wp-json\/wp\/v2\/comments?post=105474"}],"version-history":[{"count":3,"href":"https:\/\/gazdasagportal.hu\/index.php\/wp-json\/wp\/v2\/posts\/105474\/revisions"}],"predecessor-version":[{"id":105477,"href":"https:\/\/gazdasagportal.hu\/index.php\/wp-json\/wp\/v2\/posts\/105474\/revisions\/105477"}],"wp:attachment":[{"href":"https:\/\/gazdasagportal.hu\/index.php\/wp-json\/wp\/v2\/media?parent=105474"}],"wp:term":[{"taxonomy":"category","embeddable":true,"href":"https:\/\/gazdasagportal.hu\/index.php\/wp-json\/wp\/v2\/categories?post=105474"},{"taxonomy":"post_tag","embeddable":true,"href":"https:\/\/gazdasagportal.hu\/index.php\/wp-json\/wp\/v2\/tags?post=105474"}],"curies":[{"name":"wp","href":"https:\/\/api.w.org\/{rel}","templated":true}]}}