{"id":105471,"date":"2018-05-19T07:24:36","date_gmt":"2018-05-19T05:24:36","guid":{"rendered":"http:\/\/gazdasagportal.hu\/?p=105471"},"modified":"2018-05-19T07:24:36","modified_gmt":"2018-05-19T05:24:36","slug":"a-richter-huzta-le-a-bux-ot","status":"publish","type":"post","link":"https:\/\/gazdasagportal.hu\/index.php\/a-richter-huzta-le-a-bux-ot\/","title":{"rendered":"A Richter h\u00fazta le a BUX-ot"},"content":{"rendered":"<p><strong>A Budapesti \u00c9rt\u00e9kt\u0151zsde r\u00e9szv\u00e9nyindexe, a BUX 767,11 pontos, 2,04 sz\u00e1zal\u00e9kos cs\u00f6kken\u00e9ssel, 36 770,93 ponton z\u00e1rt p\u00e9nteken.<\/strong><!--more--><\/p>\n<div class=\"ads-in-post1\"><div id=\"gazdasagportal.hu_fullbanner_wideboard\"><\/div>\r\n<\/div>\n<p>    A r\u00e9szv\u00e9nypiac forgalma 14,7 milli\u00e1rd forint volt. Valamennyi vezet\u0151 r\u00e9szv\u00e9ny gyeng\u00fclt az el\u0151z\u0151 napi z\u00e1r\u00e1shoz k\u00e9pest, a legnagyobb m\u00e9rt\u00e9kben a Richter, k\u00f6zel 4 sz\u00e1zal\u00e9kkal.<br \/>\n    Nagy Andr\u00e1s, az Erste Befektet\u00e9si Zrt. r\u00e9szv\u00e9nyelemz\u0151je az M1 aktu\u00e1lis csatorn\u00e1n elmondta, cs\u00fct\u00f6rt\u00f6k\u00f6n a befektet\u0151k v\u00e1s\u00e1rolt\u00e1k a Richtert, b\u00edzva abban, hogy az Eur\u00f3pai Gy\u00f3gyszer\u00fcgyn\u00f6ks\u00e9g (EMA) pozit\u00edv d\u00f6nt\u00e9st hoz. A d\u00f6nt\u00e9s azonban nem lett annyira kedvez\u0151, a gy\u00f3gyszert el\u00e9g sok megk\u00f6t\u00e9ssel forgalmazhatj\u00e1k majd, amivel val\u00f3sz\u00edn\u0171leg piacot fog majd vesz\u00edteni a kor\u00e1bbi v\u00e1rakoz\u00e1sokhoz k\u00e9pest. Ennek tulajdon\u00edthat\u00f3 a p\u00e9nteki negat\u00edv piaci reakci\u00f3, ez h\u00fazta le a magyar t\u0151zsd\u00e9t a nyugat-eur\u00f3pai \u00e9s amerikai piacokhoz k\u00e9pest is &#8211; fejtette ki a r\u00e9szv\u00e9nyelemz\u0151.<br \/>\n<div class=\"ads-in-post2\"><script async src=\"https:\/\/pagead2.googlesyndication.com\/pagead\/js\/adsbygoogle.js\"><\/script>\r\n<ins class=\"adsbygoogle\"\r\n     style=\"display:block\"\r\n     data-ad-format=\"fluid\"\r\n     data-ad-layout-key=\"-6t+ed+2i-1n-4w\"\r\n     data-ad-client=\"ca-pub-1959107119989764\"\r\n     data-ad-slot=\"4008251320\"><\/ins>\r\n<script>\r\n     (adsbygoogle = window.adsbygoogle || []).push({});\r\n<\/script><\/div>\n    Mint a Richter p\u00e9nteken bejelentette, az Eur\u00f3pai Gy\u00f3gyszer\u00fcgyn\u00f6ks\u00e9g (EMA) Farmakovigilanciai Kock\u00e1zat Elemz\u0151 Bizotts\u00e1ga (PRAC) rendszeres m\u00e1jfunkci\u00f3 vizsg\u00e1latot javasol az Esmy\u00e1val kezelt betegekn\u00e9l a ritka, de s\u00falyos m\u00e1jk\u00e1rosod\u00e1ssal j\u00e1r\u00f3 esem\u00e9nyek kock\u00e1zat\u00e1nak cs\u00f6kkent\u00e9se \u00e9rdek\u00e9ben. A PRAC aj\u00e1nl\u00e1sa szerint a k\u00e9sz\u00edtm\u00e9nyt tilos olyan n\u0151knek szedni, akiknek a m\u00e1j\u00e1val b\u00e1rmilyen probl\u00e9ma van. A k\u00e9sz\u00edtm\u00e9nyt a m\u00e9h j\u00f3indulat\u00fa daganatainak kezel\u00e9s\u00e9re haszn\u00e1lj\u00e1k. A PRAC aj\u00e1nl\u00e1sait m\u00e9g el kell fogadnia az EMA Emberi Felhaszn\u00e1l\u00e1sra Sz\u00e1nt Gy\u00f3gyszerk\u00e9sz\u00edtm\u00e9nyek Bizotts\u00e1g\u00e1nak, ezt k\u00f6vet\u0151en az Eur\u00f3pai Bizotts\u00e1g fogja v\u00e9glegesen j\u00f3v\u00e1hagyni. A haszn\u00e1lattal kapcsolatos \u00faj szigor\u00edt\u00e1sok a Bizotts\u00e1g d\u00f6nt\u00e9s\u00e9nek megjelen\u00e9s\u00e9vel l\u00e9pnek hat\u00e1lyba.<br \/>\n    A Mol \u00e1rfolyama 54 forinttal, 1,96 sz\u00e1zal\u00e9kkal 2702 forintra cs\u00f6kkent, 1,9 milli\u00e1rd forintos forgalomban.<br \/>\n    Az OTP-r\u00e9szv\u00e9nyek \u00e1ra 200 forinttal, 1,88 sz\u00e1zal\u00e9kkal 10 450 forintra esett, forgalmuk 5 milli\u00e1rd forintot tett ki.<br \/>\n    A Magyar Telekom 1 forinttal, 0,24 sz\u00e1zal\u00e9kkal 419 forintra gyeng\u00fclt, forgalma 266,8 milli\u00f3 forint volt.<br \/>\n    A Richter-pap\u00edrok \u00e1rfolyama 230 forinttal, 3,95 sz\u00e1zal\u00e9kkal 5595 forintra cs\u00f6kkent, forgalmuk 7,1 milli\u00e1rd forintot \u00e9rt el.<br \/>\n    A kis \u00e9s k\u00f6zepes r\u00e9szv\u00e9nyek indexe, a BUMIX 4178,19 ponton z\u00e1rt p\u00e9nteken, ez 1,60 pontos, 0,04 sz\u00e1zal\u00e9kos cs\u00f6kken\u00e9s a cs\u00fct\u00f6rt\u00f6ki z\u00e1r\u00e1shoz viszony\u00edtva.(MTI)<\/p>\n","protected":false},"excerpt":{"rendered":"<p>A Budapesti \u00c9rt\u00e9kt\u0151zsde r\u00e9szv\u00e9nyindexe, a BUX 767,11 pontos, 2,04 sz\u00e1zal\u00e9kos cs\u00f6kken\u00e9ssel, 36 770,93 ponton z\u00e1rt p\u00e9nteken.<\/p>\n","protected":false},"author":1,"featured_media":0,"comment_status":"closed","ping_status":"open","sticky":false,"template":"","format":"standard","meta":[],"categories":[7],"tags":[],"_links":{"self":[{"href":"https:\/\/gazdasagportal.hu\/index.php\/wp-json\/wp\/v2\/posts\/105471"}],"collection":[{"href":"https:\/\/gazdasagportal.hu\/index.php\/wp-json\/wp\/v2\/posts"}],"about":[{"href":"https:\/\/gazdasagportal.hu\/index.php\/wp-json\/wp\/v2\/types\/post"}],"author":[{"embeddable":true,"href":"https:\/\/gazdasagportal.hu\/index.php\/wp-json\/wp\/v2\/users\/1"}],"replies":[{"embeddable":true,"href":"https:\/\/gazdasagportal.hu\/index.php\/wp-json\/wp\/v2\/comments?post=105471"}],"version-history":[{"count":1,"href":"https:\/\/gazdasagportal.hu\/index.php\/wp-json\/wp\/v2\/posts\/105471\/revisions"}],"predecessor-version":[{"id":105472,"href":"https:\/\/gazdasagportal.hu\/index.php\/wp-json\/wp\/v2\/posts\/105471\/revisions\/105472"}],"wp:attachment":[{"href":"https:\/\/gazdasagportal.hu\/index.php\/wp-json\/wp\/v2\/media?parent=105471"}],"wp:term":[{"taxonomy":"category","embeddable":true,"href":"https:\/\/gazdasagportal.hu\/index.php\/wp-json\/wp\/v2\/categories?post=105471"},{"taxonomy":"post_tag","embeddable":true,"href":"https:\/\/gazdasagportal.hu\/index.php\/wp-json\/wp\/v2\/tags?post=105471"}],"curies":[{"name":"wp","href":"https:\/\/api.w.org\/{rel}","templated":true}]}}