{"id":105441,"date":"2018-05-18T11:07:32","date_gmt":"2018-05-18T09:07:32","guid":{"rendered":"http:\/\/gazdasagportal.hu\/?p=105441"},"modified":"2018-05-18T11:07:32","modified_gmt":"2018-05-18T09:07:32","slug":"techcsajok-pecsen-muszaki-palyara-csabitottak-a-kozepiskolas-lanyokat","status":"publish","type":"post","link":"https:\/\/gazdasagportal.hu\/index.php\/techcsajok-pecsen-muszaki-palyara-csabitottak-a-kozepiskolas-lanyokat\/","title":{"rendered":"TechCsajok P\u00e9csen &#8211; M\u0171szaki p\u00e1ly\u00e1ra cs\u00e1b\u00edtott\u00e1k a k\u00f6z\u00e9piskol\u00e1s l\u00e1nyokat"},"content":{"rendered":"<p><strong>A N\u00e9met-Magyar Ipari \u00e9s Kereskedelmi Kamara szervez\u00e9s\u00e9ben id\u00e9n m\u00e1sodszor utazza be az orsz\u00e1got a TechCsajok rendezv\u00e9nysorozat. T\u00f6bb mint ezerk\u00e9tsz\u00e1z di\u00e1kot, f\u0151k\u00e9nt p\u00e1lyav\u00e1laszt\u00e1s el\u0151tt \u00e1ll\u00f3 l\u00e1nyokat v\u00e1rtak a szervez\u0151k, hogy vonz\u00f3v\u00e1 tegy\u00e9k sz\u00e1mukra a k\u00fcl\u00f6nf\u00e9le m\u0171szaki szakm\u00e1kat. A p\u00e9csi rendezv\u00e9ny f\u0151t\u00e1mogat\u00f3ja a Hauni Hungaria, a t\u00e9rs\u00e9g egyik legnagyobb gy\u00e1rt\u00f3c\u00e9ge \u00e9s munkaad\u00f3ja volt. <\/strong><!--more--><\/p>\n<div class=\"ads-in-post1\"><div id=\"gazdasagportal.hu_fullbanner_wideboard\"><\/div>\r\n<\/div>\n<p><strong>\u00a0<\/strong><\/p>\n<p>Magyarorsz\u00e1gon a fels\u0151oktat\u00e1sban tanul\u00f3 hallgat\u00f3k t\u00f6bb mint fele, a legfrissebb adatok szerint 53%-a l\u00e1ny. Ek\u00f6zben a k\u00fcl\u00f6nf\u00e9le m\u0171szaki \u00e9s term\u00e9szettudom\u00e1nyos szakir\u00e1nyokon t\u00f6bbnyire a 20%-ot sem \u00e9ri el a r\u00e9szesed\u00e9s\u00fck, az informatikai \u00e9s m\u00e9rn\u00f6ki ter\u00fcleten pedig csak minden tizedik hallgat\u00f3 l\u00e1ny. Ugyanezt a helyzetet tapasztalhatjuk a k\u00f6z\u00e9pszint\u0171 szakk\u00e9pz\u00e9sben is, ahonnan hasonl\u00f3k\u00e9ppen hi\u00e1nyoznak a l\u00e1nyok. Ennek k\u00f6vetkezt\u00e9ben az ezen p\u00e1ly\u00e1kon dolgoz\u00f3 szakemberek k\u00f6r\u00e9ben is nagyon kev\u00e9s n\u0151vel tal\u00e1lkozhatunk.<\/p>\n<p>A t\u00f6bbs\u00e9g\u00e9ben a gy\u00e1rt\u00e1s-termel\u00e9s ter\u00fclet\u00e9n tev\u00e9kenyked\u0151 c\u00e9geket \u00f6sszefog\u00f3 N\u00e9met-Magyar Ipari \u00e9s Kereskedelmi Kamara az\u00e9rt ind\u00edtotta el tavaly a TechCsajok orsz\u00e1gos rendezv\u00e9nysorozat\u00e1t, hogy a p\u00e1lyav\u00e1laszt\u00e1s el\u0151tt \u00e1ll\u00f3 l\u00e1nyok \u00e9rdekl\u0151d\u00e9s\u00e9t felkeltse a m\u0171szaki p\u00e1ly\u00e1k ir\u00e1nt. A p\u00e9csi esem\u00e9ny f\u0151t\u00e1mogat\u00f3ja a Hauni Hungaria G\u00e9pgy\u00e1rt\u00f3 Kft. volt, aki a megye egyik legnagyobb munkaad\u00f3jak\u00e9nt k\u00f6zvetlen\u00fcl is \u00e9rintett.<\/p><div id=\"gazda-122767736\" class=\"gazda-tartalomban gazda-entity-placement\"><script async src=\"https:\/\/pagead2.googlesyndication.com\/pagead\/js\/adsbygoogle.js\"><\/script>\r\n<ins class=\"adsbygoogle\"\r\n     style=\"display:block\"\r\n     data-ad-format=\"fluid\"\r\n     data-ad-layout-key=\"-6t+ed+2i-1n-4w\"\r\n     data-ad-client=\"ca-pub-1959107119989764\"\r\n     data-ad-slot=\"4008251320\"><\/ins>\r\n<script>\r\n     (adsbygoogle = window.adsbygoogle || []).push({});\r\n<\/script><\/div>\n<div class=\"ads-in-post2\"><script async src=\"https:\/\/pagead2.googlesyndication.com\/pagead\/js\/adsbygoogle.js\"><\/script>\r\n<ins class=\"adsbygoogle\"\r\n     style=\"display:block\"\r\n     data-ad-format=\"fluid\"\r\n     data-ad-layout-key=\"-6t+ed+2i-1n-4w\"\r\n     data-ad-client=\"ca-pub-1959107119989764\"\r\n     data-ad-slot=\"4008251320\"><\/ins>\r\n<script>\r\n     (adsbygoogle = window.adsbygoogle || []).push({});\r\n<\/script><\/div>\nA m\u0171szaki v\u00e9gzetts\u00e9g\u0171 szakemberek jelent\u0151s r\u00e9sze ugyanis hi\u00e1nyszakm\u00e1nak sz\u00e1m\u00edt, legyen sz\u00f3 ak\u00e1r k\u00f6z\u00e9pfok\u00fa, ak\u00e1r fels\u0151fok\u00fa k\u00e9pes\u00edt\u00e9st ig\u00e9nyl\u0151 munkahelyekr\u0151l. Ha siker\u00fcl a l\u00e1nyokat arra inspir\u00e1lni, hogy nagyobb sz\u00e1mban v\u00e1lassz\u00e1k ezt a ter\u00fcletet, az seg\u00edtene enyh\u00edteni az iparv\u00e1llalatok szakemberhi\u00e1ny\u00e1n is. Nem csak a c\u00e9gek j\u00e1rhatn\u00e1nak azonban j\u00f3l. A m\u0171szaki v\u00e9gzetts\u00e9g\u0171 szakemberek \u00e9vek \u00f3ta a legkeresettebbek a hazai \u00e9s az eur\u00f3pai munkaer\u0151piacon egyar\u00e1nt. Ehhez term\u00e9szetesen az \u00e1tlagot t\u00f6bbnyire meghalad\u00f3 kereseti \u00e9s karrierlehet\u0151s\u00e9gek is t\u00e1rsulnak, nagyon sz\u00e9les perspekt\u00edv\u00e1t nyitva az \u00e9rintett h\u00f6lgyek sz\u00e1m\u00e1ra.<\/p>\n<p>A p\u00e9csi TechCsajok napon bemutatkoz\u00f3 h\u00fasz v\u00e1llalkoz\u00e1s a m\u0171szaki szakm\u00e1k izgalmas \u00e9s l\u00e1tv\u00e1nyos oldal\u00e1t vonultatta fel ir\u00e1ny\u00edthat\u00f3 robotokkal, digit\u00e1lis eszk\u00f6z\u00f6kkel \u00e9s sok m\u00e1s kipr\u00f3b\u00e1lhat\u00f3 berendez\u00e9ssel. A r\u00e9szt vev\u0151 c\u00e9gek bebizony\u00edtott\u00e1k, hogy a m\u0171szaki karrier nem egyenl\u0151 a folyamatos sz\u00e1mtanp\u00e9lda-megold\u00e1ssal, hiszen az ebben dolgoz\u00f3k nap mint nap igazi kih\u00edv\u00e1sokat jelent\u0151 feladatokkal szembes\u00fclnek. Sokoldal\u00fa tud\u00e1sra, \u00fcgyess\u00e9gre, kreativit\u00e1sra \u00e9s sokszor a megszokott sablonokb\u00f3l kitekinteni k\u00e9pes gondolkod\u00e1sm\u00f3dra is sz\u00fcks\u00e9ge van annak, aki erre a p\u00e1ly\u00e1ra l\u00e9p. Ez\u00e9rt a szakemberek egyet\u00e9rtenek abban, hogy a n\u0151k intenz\u00edvebb jelenl\u00e9te a m\u00e9rn\u00f6ki szakm\u00e1k folyamatos innov\u00e1ci\u00f3s k\u00e9nyszere miatt is sz\u00fcks\u00e9ges lenne.<\/p>\n<p>Hauni Hungaria \u00fcgyvezet\u0151je, Katona G\u00e1bor elmondta, hogy a v\u00e1llalat p\u00e9csi gy\u00e1ra a jelenlegi m\u0171szaki cs\u00facstechnol\u00f3gi\u00e1t k\u00e9pviseli mind gy\u00e1rt\u00e1stechnol\u00f3gi\u00e1ban, mind term\u00e9keiben. Ez egy olyan fontos h\u00edv\u00f3sz\u00f3, ami n\u00f6velni tudja a v\u00e1llalat vonzerej\u00e9t a szakm\u00e1t vagy els\u0151 munkahelyet v\u00e1laszt\u00f3 fiatalok k\u00f6r\u00e9ben. \u201eEnnek a sz\u00ednvonalnak a fenntart\u00e1s\u00e1hoz folyamatos innov\u00e1ci\u00f3ra \u00e9s meg\u00fajul\u00e1sra van sz\u00fcks\u00e9g, amihez a m\u00e9rn\u00f6ki \u00e9s term\u00e9szettudom\u00e1nyos v\u00e9gzetts\u00e9g\u0171 n\u0151i koll\u00e9g\u00e1k bekapcsol\u00f3d\u00e1sa extra impulzusokat tud adni. Termel\u0151 v\u00e1llalatk\u00e9nt els\u0151sorban perspekt\u00edv\u00e1t szeretn\u00e9nk ny\u00fajtani, megmutatni a p\u00e1lyav\u00e1laszt\u00e1s el\u0151tti l\u00e1nyoknak, hogy mi\u00e9rt \u00e9rdemes m\u0171szaki ir\u00e1nyban tov\u00e1bbtanulniuk. A tapasztalatok azt mutatj\u00e1k, hogy a m\u0171szaki ter\u00fclet b\u00e1rmely m\u00e1sn\u00e1l t\u00f6bb v\u00e1laszt\u00e1si lehet\u0151s\u00e9get k\u00edn\u00e1l az \u00e9rintettek sz\u00e1m\u00e1ra\u201d \u2013 utalt a m\u0171szaki p\u00e1ly\u00e1k egzisztenci\u00e1lis lehet\u0151s\u00e9geire a c\u00e9gvezet\u0151.<\/p>\n<p>Dr. Kov\u00e1cs \u00c9va, a PTE M\u0171szaki \u00e9s Informatikai Kar\u00e1nak adjunktusa arr\u00f3l besz\u00e9lt, hogy az elm\u00falt m\u00e1sf\u00e9l \u00e9vsz\u00e1zadban a technol\u00f3gia rengeteget v\u00e1ltozott, a koh\u00e1szat, b\u00e1ny\u00e1szat \u00e9s a g\u0151zg\u00e9pek vil\u00e1g\u00e1b\u00f3l a h\u00e9tk\u00f6znapjaink szerves r\u00e9sz\u00e9v\u00e9 v\u00e1lt. \u201eA vil\u00e1g vezet\u0151 techc\u00e9gei elk\u00f6telezt\u00e9k magukat a soksz\u00edn\u0171s\u00e9gre \u00e9p\u00fcl\u0151 vil\u00e1g megval\u00f3s\u00edt\u00e1sa mellett, aminek r\u00e9sze, hogy a m\u0171szaki beoszt\u00e1sokban is a mostanin\u00e1l nagyobb szerepet kapjanak a n\u0151i koll\u00e9g\u00e1k. Ez a soksz\u00edn\u0171s\u00e9g elengedhetetlen ahhoz, hogy egy munkahelyi k\u00f6z\u00f6ss\u00e9gben hassunk egym\u00e1sra \u00e9s motv\u00e1ljuk egym\u00e1st. Egy nemzet\u00e1llam gazdas\u00e1gi sikere m\u00falik azon, lak\u00f3i mennyire tudnak kreat\u00edvan, innovat\u00edvan gondolkodni\u201d \u2013 mondta el az adjunktus asszony. Hangs\u00falyozva, hogy a p\u00e1lyav\u00e1laszt\u00e1s nem a nemekr\u0151l sz\u00f3l, hanem a fiatalok \u00e9rdekl\u0151d\u00e9si k\u00f6reir\u0151l \u00e9s terveir\u0151l.<\/p>\n<p>A Hauni Hungaria a t\u00f6bbi r\u00e9szt vev\u0151 c\u00e9ggel egy\u00fctt abban b\u00edzik, hogy a TechCsajok hat\u00e1s\u00e1ra min\u00e9l t\u00f6bb di\u00e1kl\u00e1ny gondolja \u00e1t a p\u00e1lyav\u00e1laszt\u00e1si terveit \u00e9s fordul a m\u0171szaki karrier ir\u00e1ny\u00e1ba. A v\u00e1llalat a maga r\u00e9sz\u00e9r\u0151l minden seg\u00edts\u00e9get megad ehhez, hiszen a du\u00e1lis k\u00e9pz\u00e9sbe bekapcsol\u00f3dva \u00e9v\u0151l-\u00e9vre sz\u00e1mos fiatalnak biztos\u00edt olyan gyakorlati lehet\u0151s\u00e9get, amellyel nem csak szakmai tapasztalatokat szereznek m\u00e1r a tanul\u00f3\u00e9veikben, hanem p\u00e9nzt is kereshetnek vele. A fiatalok beilleszked\u00e9s\u00e9t \u00e9s fejl\u0151d\u00e9s\u00e9t t\u00f6bbek k\u00f6z\u00f6tt a Hauni saj\u00e1t p\u00e1rtfog\u00f3 programja seg\u00edti, de ezen t\u00falmen\u0151en is mindent megtesznek az\u00e9rt, hogy p\u00e1ly\u00e1juk elej\u00e9n l\u00e9v\u0151k megtal\u00e1lj\u00e1k a sz\u00e1m\u00edt\u00e1sukat a m\u0171szaki ter\u00fcleten.<\/p>\n<p>&nbsp;<\/p>\n<p><em>A Hauni Hungaria G\u00e9pgy\u00e1rt\u00f3 Kft. P\u00e9cs \u00e9s Baranya megye egyik legnagyobb iparv\u00e1llalata. 1994 \u00f3ta stabil \u00e9s \u00e1lland\u00f3 szerepl\u0151je a helyi gazdas\u00e1gnak. A n\u00e9met tulajdon\u00fa K\u00f6rber csoportba tartoz\u00f3 Hauni a g\u00e9pgy\u00e1rt\u00e1s nemzetk\u00f6zi \u00e9lvonal\u00e1ban van, a p\u00e9csi \u00fczem magasan k\u00e9pzett munkat\u00e1rsai vil\u00e1gsz\u00ednvonal\u00fa berendez\u00e9sekkel dolgoznak. A t\u00e1rsas\u00e1g folyamatosan n\u00f6veli a foglalkoztatotti l\u00e9tsz\u00e1mot, els\u0151sorban m\u0171szaki v\u00e9gzetts\u00e9g\u0171 szakmunk\u00e1sokat \u00e9s diplom\u00e1sokat keresve. <\/em><\/p>\n","protected":false},"excerpt":{"rendered":"<p>A N\u00e9met-Magyar Ipari \u00e9s Kereskedelmi Kamara szervez\u00e9s\u00e9ben id\u00e9n m\u00e1sodszor utazza be az orsz\u00e1got a TechCsajok rendezv\u00e9nysorozat. T\u00f6bb mint ezerk\u00e9tsz\u00e1z di\u00e1kot, f\u0151k\u00e9nt p\u00e1lyav\u00e1laszt\u00e1s el\u0151tt \u00e1ll\u00f3 l\u00e1nyokat v\u00e1rtak a szervez\u0151k, hogy vonz\u00f3v\u00e1 tegy\u00e9k sz\u00e1mukra a k\u00fcl\u00f6nf\u00e9le m\u0171szaki szakm\u00e1kat. A p\u00e9csi rendezv\u00e9ny f\u0151t\u00e1mogat\u00f3ja a Hauni Hungaria, a t\u00e9rs\u00e9g egyik legnagyobb gy\u00e1rt\u00f3c\u00e9ge \u00e9s munkaad\u00f3ja volt.<\/p>\n","protected":false},"author":1,"featured_media":0,"comment_status":"closed","ping_status":"open","sticky":false,"template":"","format":"standard","meta":[],"categories":[19],"tags":[],"_links":{"self":[{"href":"https:\/\/gazdasagportal.hu\/index.php\/wp-json\/wp\/v2\/posts\/105441"}],"collection":[{"href":"https:\/\/gazdasagportal.hu\/index.php\/wp-json\/wp\/v2\/posts"}],"about":[{"href":"https:\/\/gazdasagportal.hu\/index.php\/wp-json\/wp\/v2\/types\/post"}],"author":[{"embeddable":true,"href":"https:\/\/gazdasagportal.hu\/index.php\/wp-json\/wp\/v2\/users\/1"}],"replies":[{"embeddable":true,"href":"https:\/\/gazdasagportal.hu\/index.php\/wp-json\/wp\/v2\/comments?post=105441"}],"version-history":[{"count":1,"href":"https:\/\/gazdasagportal.hu\/index.php\/wp-json\/wp\/v2\/posts\/105441\/revisions"}],"predecessor-version":[{"id":105443,"href":"https:\/\/gazdasagportal.hu\/index.php\/wp-json\/wp\/v2\/posts\/105441\/revisions\/105443"}],"wp:attachment":[{"href":"https:\/\/gazdasagportal.hu\/index.php\/wp-json\/wp\/v2\/media?parent=105441"}],"wp:term":[{"taxonomy":"category","embeddable":true,"href":"https:\/\/gazdasagportal.hu\/index.php\/wp-json\/wp\/v2\/categories?post=105441"},{"taxonomy":"post_tag","embeddable":true,"href":"https:\/\/gazdasagportal.hu\/index.php\/wp-json\/wp\/v2\/tags?post=105441"}],"curies":[{"name":"wp","href":"https:\/\/api.w.org\/{rel}","templated":true}]}}