{"id":105419,"date":"2018-05-17T22:22:52","date_gmt":"2018-05-17T20:22:52","guid":{"rendered":"http:\/\/gazdasagportal.hu\/?p=105419"},"modified":"2018-05-17T22:12:51","modified_gmt":"2018-05-17T20:12:51","slug":"varatlan-talalkozot-tartott-bassar-el-aszad-sziriai-allamfo-szocsiban-vlagyimir-putyin-orosz-elnokkel","status":"publish","type":"post","link":"https:\/\/gazdasagportal.hu\/index.php\/varatlan-talalkozot-tartott-bassar-el-aszad-sziriai-allamfo-szocsiban-vlagyimir-putyin-orosz-elnokkel\/","title":{"rendered":"V\u00e1ratlan tal\u00e1lkoz\u00f3t tartott Bass\u00e1r el-Aszad sz\u00edriai \u00e1llamf\u0151 Szocsiban Vlagyimir Putyin orosz eln\u00f6kkel"},"content":{"rendered":"<p><strong>V\u00e1ratlan, el\u0151re be nem jelentett tal\u00e1lkoz\u00f3t tartott cs\u00fct\u00f6rt\u00f6k\u00f6n Szocsiban Bass\u00e1r el-Aszad sz\u00edriai \u00e1llamf\u0151 \u00e9s Vlagyimir Putyin orosz eln\u00f6k.<\/strong><!--more--><\/p>\n<div class=\"ads-in-post1\"><div id=\"gazdasagportal.hu_fullbanner_wideboard\"><\/div>\r\n<\/div>\n<p>    Aszad oroszorsz\u00e1gi munkal\u00e1togat\u00e1s\u00e1r\u00f3l Dmitrij Peszkov, a Kreml sz\u00f3viv\u0151je t\u00e1j\u00e9koztatta a sajt\u00f3t a fekete-tengeri v\u00e1rosb\u00f3l.<br \/>\n        A k\u00e9t vezet\u0151 a besz\u00e1mol\u00f3 szerint hangs\u00falyozta annak fontoss\u00e1g\u00e1t, hogy megteremts\u00e9k a sz\u00edriai politikai rendez\u00e9si folyamat k\u00f6r\u00fclm\u00e9nyeit. Putyin gratul\u00e1lt vend\u00e9g\u00e9nek a terrorizmus elleni harcban el\u00e9rt jelent\u0151s eredm\u00e9nyekhez, r\u00e1mutatva, hogy a katonai sikerek megteremtett\u00e9k a t\u00e1rgyal\u00e1si folyamat \u00fajraind\u00edt\u00e1s\u00e1nak felt\u00e9teleket.<br \/>\n    Aszad k\u00f6z\u00f6lte Putyinnal, hogy deleg\u00e1ci\u00f3t k\u00fcld az ENSZ \u00e9gisze fel\u00e1ll\u00edtand\u00f3 sz\u00edriai alkotm\u00e1nyoz\u00f3 bizotts\u00e1gba, amit Putyin \u00fcdv\u00f6z\u00f6lt. A sz\u00edriai vezet\u0151, aki k\u00f6sz\u00f6netet mondott az orosz eln\u00f6knek a rendszer\u00e9nek 2015 \u0151sze \u00f3ta ny\u00fajtott katonai t\u00e1mogat\u00e1s\u00e9rt, hangs\u00falyozta, hogy a terrorist\u00e1k \u00e1ltal ellen\u0151rz\u00f6tt ter\u00fcletek &#8222;\u00f6sszezsugorodtak&#8221;. Szavai szerint sz\u00e1zezrek t\u00e9rtek haza \u00e9s milli\u00f3k vannak hazat\u00e9r\u0151ben.<br \/>\n<div class=\"ads-in-post2\"><script async src=\"https:\/\/pagead2.googlesyndication.com\/pagead\/js\/adsbygoogle.js\"><\/script>\r\n<ins class=\"adsbygoogle\"\r\n     style=\"display:block\"\r\n     data-ad-format=\"fluid\"\r\n     data-ad-layout-key=\"-6t+ed+2i-1n-4w\"\r\n     data-ad-client=\"ca-pub-1959107119989764\"\r\n     data-ad-slot=\"4008251320\"><\/ins>\r\n<script>\r\n     (adsbygoogle = window.adsbygoogle || []).push({});\r\n<\/script><\/div>\n    Alekszej Lapin alt\u00e1bornagy, az orosz k\u00f6zponti katonai k\u00f6rzet parancsnoka, a sz\u00edriai orosz kontingens volt t\u00f6rzsf\u0151n\u00f6ke egy cs\u00fct\u00f6rt\u00f6ki jekatyerinburgi egyetemi el\u0151ad\u00e1sa sor\u00e1n elmondta, hogy a sz\u00edriai korm\u00e1nyhadsereg az orosz hader\u0151 t\u00e1mogat\u00e1s\u00e1val mintegy 65 ezer fegyverest, k\u00f6zt\u00fck 819 parancsnokot semmis\u00edtett meg. A t\u00e1bornok szerint emellett elpuszt\u00edtott\u00e1k a terrorist\u00e1k t\u00f6bb mint 8 ezer p\u00e1nc\u00e9lozott j\u00e1rm\u0171v\u00e9t \u00e9s nagy kaliber\u0171 goly\u00f3sz\u00f3r\u00f3val felszerelt kisteheraut\u00f3j\u00e1t, 718 fegyvert \u00e9s hadianyagot el\u0151\u00e1ll\u00edt\u00f3 \u00fczem\u00e9t \u00e9s m\u0171hely\u00e9t, valamint 37 &#8222;dzsih\u00e1dmobil&#8221;- \u00e9s n\u00e9gy &#8222;dzsih\u00e1dtank&#8221;- gy\u00e1r\u00e1t.<br \/>\n    Lapin elmondta, hogy a sz\u00edriai hadsz\u00ednt\u00e9ren j\u00f3l vizsg\u00e1zott a TOSZ-1A,&#8221;Szolncepjok&#8221; t\u00edpus\u00fa neh\u00e9z l\u00e1ngsz\u00f3r\u00f3. A T-72-es p\u00e1nc\u00e9los fut\u00f3m\u0171v\u00e9re felszerelt, a f\u00f6ldalatti j\u00e1ratok \u00e9s fedez\u00e9kek elpuszt\u00edt\u00e1s\u00e1ra kifejlesztett fegyver sz\u00edriai bevet\u00e9s\u00e9r\u0151l eddig nem sz\u00e1molt be.<br \/>\n    A sz\u00edriai helyzet egyike lesz azoknak a t\u00e9mak\u00f6r\u00f6knek, amelyeket Angela Merkel n\u00e9met kancell\u00e1r p\u00e9nteken, szint\u00e9n Szocsiban meg sz\u00e1nd\u00e9kozik vitatni Putyinnal.(MTI)<\/p>\n","protected":false},"excerpt":{"rendered":"<p>V\u00e1ratlan, el\u0151re be nem jelentett tal\u00e1lkoz\u00f3t tartott cs\u00fct\u00f6rt\u00f6k\u00f6n Szocsiban Bass\u00e1r el-Aszad sz\u00edriai \u00e1llamf\u0151 \u00e9s Vlagyimir Putyin orosz eln\u00f6k.<\/p>\n","protected":false},"author":1,"featured_media":0,"comment_status":"closed","ping_status":"open","sticky":false,"template":"","format":"standard","meta":[],"categories":[12,16],"tags":[],"_links":{"self":[{"href":"https:\/\/gazdasagportal.hu\/index.php\/wp-json\/wp\/v2\/posts\/105419"}],"collection":[{"href":"https:\/\/gazdasagportal.hu\/index.php\/wp-json\/wp\/v2\/posts"}],"about":[{"href":"https:\/\/gazdasagportal.hu\/index.php\/wp-json\/wp\/v2\/types\/post"}],"author":[{"embeddable":true,"href":"https:\/\/gazdasagportal.hu\/index.php\/wp-json\/wp\/v2\/users\/1"}],"replies":[{"embeddable":true,"href":"https:\/\/gazdasagportal.hu\/index.php\/wp-json\/wp\/v2\/comments?post=105419"}],"version-history":[{"count":1,"href":"https:\/\/gazdasagportal.hu\/index.php\/wp-json\/wp\/v2\/posts\/105419\/revisions"}],"predecessor-version":[{"id":105420,"href":"https:\/\/gazdasagportal.hu\/index.php\/wp-json\/wp\/v2\/posts\/105419\/revisions\/105420"}],"wp:attachment":[{"href":"https:\/\/gazdasagportal.hu\/index.php\/wp-json\/wp\/v2\/media?parent=105419"}],"wp:term":[{"taxonomy":"category","embeddable":true,"href":"https:\/\/gazdasagportal.hu\/index.php\/wp-json\/wp\/v2\/categories?post=105419"},{"taxonomy":"post_tag","embeddable":true,"href":"https:\/\/gazdasagportal.hu\/index.php\/wp-json\/wp\/v2\/tags?post=105419"}],"curies":[{"name":"wp","href":"https:\/\/api.w.org\/{rel}","templated":true}]}}