{"id":105415,"date":"2018-05-17T21:23:48","date_gmt":"2018-05-17T19:23:48","guid":{"rendered":"http:\/\/gazdasagportal.hu\/?p=105415"},"modified":"2018-05-17T21:23:48","modified_gmt":"2018-05-17T19:23:48","slug":"nemet-lap-berlin-tobb-mint-huszmilliard-eurot-koltott-a-menekultugyre-tavaly","status":"publish","type":"post","link":"https:\/\/gazdasagportal.hu\/index.php\/nemet-lap-berlin-tobb-mint-huszmilliard-eurot-koltott-a-menekultugyre-tavaly\/","title":{"rendered":"N\u00e9met lap: Berlin t\u00f6bb mint h\u00faszmilli\u00e1rd eur\u00f3t k\u00f6lt\u00f6tt a menek\u00fclt\u00fcgyre tavaly"},"content":{"rendered":"<p><strong>T\u00f6bb mint 20 milli\u00e1rd eur\u00f3t ford\u00edtott a menek\u00fclt\u00fcgyre a n\u00e9met sz\u00f6vets\u00e9gi korm\u00e1ny 2017-ben, a p\u00e9nz legnagyobb r\u00e9sz\u00e9t nem N\u00e9metorsz\u00e1gban k\u00f6lt\u00f6tt\u00e9k el, hanem k\u00fclf\u00f6ld\u00f6n &#8211; \u00edrta  a Handelsblatt c\u00edm\u0171 n\u00e9met \u00fczleti lap cs\u00fct\u00f6rt\u00f6k\u00f6n egy m\u00e9g nem nyilv\u00e1nos p\u00e9nz\u00fcgyminiszt\u00e9riumi jelent\u00e9s alapj\u00e1n.<\/strong><!--more--><\/p>\n<div class=\"ads-in-post1\"><div id=\"gazdasagportal.hu_fullbanner_wideboard\"><\/div>\r\n<\/div>\n<p>    A korm\u00e1ny el\u00e9 m\u00e1jus v\u00e9g\u00e9n ker\u00fcl\u0151 jelent\u00e9s alapj\u00e1n a sz\u00f6vets\u00e9gi \u00e1llamh\u00e1ztart\u00e1sb\u00f3l 20,781 milli\u00e1rd eur\u00f3t (6550 milli\u00e1rd forint) ford\u00edtottak tavaly a nemzetk\u00f6zi menek\u00fcltv\u00e1ls\u00e1ggal \u00f6sszef\u00fcgg\u0151 kiad\u00e1sokra.<br \/>\n    A p\u00e9nz csaknem h\u00e1romnegyed\u00e9t, 14,2 milli\u00e1rd eur\u00f3t nemzetk\u00f6zi gazdas\u00e1gi fejleszt\u00e9si \u00e9s humanit\u00e1rius seg\u00edts\u00e9gny\u00fajt\u00e1si programokra k\u00f6lt\u00f6tt\u00e9k a menek\u00fcl\u00e9sre k\u00e9sztet\u0151 okok felsz\u00e1mol\u00e1s\u00e1\u00e9rt folytatott k\u00fczdelem r\u00e9szek\u00e9nt.<br \/>\n    Belf\u00f6ld\u00f6n, a N\u00e9metorsz\u00e1gban tart\u00f3zkod\u00f3 mened\u00e9kk\u00e9r\u0151kre \u00e9s menek\u00fcltekre 6,581 milli\u00e1rd eur\u00f3t ford\u00edtottak. Ezt az \u00f6sszeget a mened\u00e9kk\u00e9r\u0151k \u00e9s menek\u00fcltek ell\u00e1t\u00e1s\u00e1\u00e9rt felel\u0151s tartom\u00e1nyoknak \u00e9s helyi \u00f6nkorm\u00e1nyzatoknak utalt\u00e1k \u00e1t k\u00fcl\u00f6nb\u00f6z\u0151 k\u00f6lts\u00e9gekre, k\u00e9tmilli\u00e1rd eur\u00f3t p\u00e9ld\u00e1ul a t\u00e1rsadalmi beilleszked\u00e9st szolg\u00e1l\u00f3 int\u00e9zked\u00e9sekre, egymilli\u00e1rd eur\u00f3t lakhat\u00e1si t\u00e1mogat\u00e1sra, tov\u00e1bbi egymilli\u00e1rdot pedig gyermekek gondoz\u00e1s\u00e1ra.<br \/>\n<div class=\"ads-in-post2\"><script async src=\"https:\/\/pagead2.googlesyndication.com\/pagead\/js\/adsbygoogle.js\"><\/script>\r\n<ins class=\"adsbygoogle\"\r\n     style=\"display:block\"\r\n     data-ad-format=\"fluid\"\r\n     data-ad-layout-key=\"-6t+ed+2i-1n-4w\"\r\n     data-ad-client=\"ca-pub-1959107119989764\"\r\n     data-ad-slot=\"4008251320\"><\/ins>\r\n<script>\r\n     (adsbygoogle = window.adsbygoogle || []).push({});\r\n<\/script><\/div>\n    A tartom\u00e1nyok t\u00f6bb p\u00e9nzt ig\u00e9nyelnek, ezt a p\u00e9nz\u00fcgyminiszt\u00e9rium v\u00e1rhat\u00f3an arra hivatkozva utas\u00edtja majd vissza, hogy a tartom\u00e1nyi korm\u00e1nyok k\u00f6lts\u00e9gvet\u00e9s\u00e9ben tavaly egy\u00fcttv\u00e9ve 12,4 milli\u00e1rd eur\u00f3 t\u00f6bblet keletkezett &#8211; \u00edrta a Handelsblatt.<br \/>\n    A menek\u00fclt\u00fcgy 20,781 milli\u00e1rd eur\u00f3s forr\u00e1sig\u00e9nye miatt a sz\u00f6vets\u00e9gi korm\u00e1nynak sem kellett megszor\u00edt\u00e1sokat bevezetnie vagy m\u00e1s ter\u00fcletr\u0151l \u00e1tcsoportos\u00edtania p\u00e9nzt, \u00e9s a menek\u00fcltv\u00e1ls\u00e1g folytat\u00f3d\u00e1saellen\u00e9re 2014, 2015 \u00e9s 2016 ut\u00e1n ism\u00e9t t\u00f6bblettel z\u00e1rt az \u00e1llamh\u00e1ztart\u00e1s: 325,4  milli\u00e1rd eur\u00f3 kiad\u00e1s mellett 330,4 milli\u00e1rd eur\u00f3 bev\u00e9tel keletkezett, a t\u00f6bblet \u00edgy 5 milli\u00e1rd eur\u00f3t tett ki.<br \/>\n    N\u00e9metorsz\u00e1gban tavaly 187 ezer \u00fajonnan \u00e9rkez\u0151 mened\u00e9kk\u00e9r\u0151t vettek nyilv\u00e1ntart\u00e1sba, ami csaknem 100 ezer f\u0151vel kevesebb az egy \u00e9vvel kor\u00e1bbi 280 ezern\u00e9l, \u00e9s alig az egynegyede a nemzetk\u00f6zi migr\u00e1ci\u00f3s v\u00e1ls\u00e1g eddigi legs\u00falyosabb szakasz\u00e1ban, 2015-ben regisztr\u00e1lt 890 ezernek.(MTI)<\/p>\n","protected":false},"excerpt":{"rendered":"<p>T\u00f6bb mint 20 milli\u00e1rd eur\u00f3t ford\u00edtott a menek\u00fclt\u00fcgyre a n\u00e9met sz\u00f6vets\u00e9gi korm\u00e1ny 2017-ben, a p\u00e9nz legnagyobb r\u00e9sz\u00e9t nem N\u00e9metorsz\u00e1gban k\u00f6lt\u00f6tt\u00e9k el, hanem k\u00fclf\u00f6ld\u00f6n &#8211; \u00edrta a Handelsblatt c\u00edm\u0171 n\u00e9met \u00fczleti lap cs\u00fct\u00f6rt\u00f6k\u00f6n egy m\u00e9g nem nyilv\u00e1nos p\u00e9nz\u00fcgyminiszt\u00e9riumi jelent\u00e9s alapj\u00e1n.<\/p>\n","protected":false},"author":1,"featured_media":0,"comment_status":"closed","ping_status":"open","sticky":false,"template":"","format":"standard","meta":[],"categories":[12],"tags":[],"_links":{"self":[{"href":"https:\/\/gazdasagportal.hu\/index.php\/wp-json\/wp\/v2\/posts\/105415"}],"collection":[{"href":"https:\/\/gazdasagportal.hu\/index.php\/wp-json\/wp\/v2\/posts"}],"about":[{"href":"https:\/\/gazdasagportal.hu\/index.php\/wp-json\/wp\/v2\/types\/post"}],"author":[{"embeddable":true,"href":"https:\/\/gazdasagportal.hu\/index.php\/wp-json\/wp\/v2\/users\/1"}],"replies":[{"embeddable":true,"href":"https:\/\/gazdasagportal.hu\/index.php\/wp-json\/wp\/v2\/comments?post=105415"}],"version-history":[{"count":1,"href":"https:\/\/gazdasagportal.hu\/index.php\/wp-json\/wp\/v2\/posts\/105415\/revisions"}],"predecessor-version":[{"id":105416,"href":"https:\/\/gazdasagportal.hu\/index.php\/wp-json\/wp\/v2\/posts\/105415\/revisions\/105416"}],"wp:attachment":[{"href":"https:\/\/gazdasagportal.hu\/index.php\/wp-json\/wp\/v2\/media?parent=105415"}],"wp:term":[{"taxonomy":"category","embeddable":true,"href":"https:\/\/gazdasagportal.hu\/index.php\/wp-json\/wp\/v2\/categories?post=105415"},{"taxonomy":"post_tag","embeddable":true,"href":"https:\/\/gazdasagportal.hu\/index.php\/wp-json\/wp\/v2\/tags?post=105415"}],"curies":[{"name":"wp","href":"https:\/\/api.w.org\/{rel}","templated":true}]}}