{"id":105382,"date":"2018-05-17T07:14:28","date_gmt":"2018-05-17T05:14:28","guid":{"rendered":"http:\/\/gazdasagportal.hu\/?p=105382"},"modified":"2018-05-17T07:14:28","modified_gmt":"2018-05-17T05:14:28","slug":"a-bmw-magyarorszag-2018-ban-is-rekordertekesitest-var-bmw-es-mini-modelljeitol","status":"publish","type":"post","link":"https:\/\/gazdasagportal.hu\/index.php\/a-bmw-magyarorszag-2018-ban-is-rekordertekesitest-var-bmw-es-mini-modelljeitol\/","title":{"rendered":"A BMW Magyarorsz\u00e1g 2018-ban is rekord\u00e9rt\u00e9kes\u00edt\u00e9st v\u00e1r BMW \u00e9s Mini modelljeit\u0151l"},"content":{"rendered":"<p><strong>A BMW Magyarorsz\u00e1g id\u00e9n is rekord\u00e9rt\u00e9kes\u00edt\u00e9sre sz\u00e1m\u00edt BMW \u00e9s Mini modelljein\u00e9l &#8211; nyilatkozta Massimiliano Di Silvestre, a BMW Magyarorsz\u00e1g \u00fcgyvezet\u0151 igazgat\u00f3ja az MTI-nek, annak kapcs\u00e1n, hogy bemutatt\u00e1k a Mini h\u00e1rom modellj\u00e9nek \u00faj v\u00e1ltozatait a Balaton felvid\u00e9ken.<\/strong><!--more--><\/p>\n<div class=\"ads-in-post1\"><div id=\"gazdasagportal.hu_fullbanner_wideboard\"><\/div>\r\n<\/div>\n<p>    Eml\u00e9keztetett arra, hogy a BMW Magyarorsz\u00e1g rekord\u00e9rt\u00e9kes\u00edt\u00e9ssel z\u00e1rta az el\u0151z\u0151 \u00e9vet: 2016-hoz k\u00e9pest 13 sz\u00e1zal\u00e9kkal t\u00f6bbet, 2698 BMW-t adtak el, Minib\u0151l pedig 59 sz\u00e1zal\u00e9kkal t\u00f6bbet, 224 darabot.<br \/>\n    Elmondta: az id\u00e9n eladott aut\u00f3k sz\u00e1ma alapj\u00e1n abban b\u00edznak, hogy fel\u00fclm\u00falj\u00e1k a tavalyi \u00e9rt\u00e9kes\u00edt\u00e9st, hiszen janu\u00e1r \u00e9s \u00e1prilis k\u00f6z\u00f6tt a BMW \u00e9rt\u00e9kes\u00edt\u00e9sek 17 sz\u00e1zal\u00e9kkal, a Mini elad\u00e1sok pedig 25 sz\u00e1zal\u00e9kkal n\u0151ttek, \u00e9s er\u0151s\u00f6d\u00f6tt piaci r\u00e9szesed\u00e9s\u00fck is.<br \/>\n    Az \u00e9v h\u00e1tral\u00e9v\u0151 r\u00e9sz\u00e9ben tov\u00e1bbi b\u0151v\u00fcl\u00e9st rem\u00e9lnek, miut\u00e1n most mutatt\u00e1k be a Mini h\u00e1rom t\u00edpus\u00e1nak (a 3, az 5 ajt\u00f3s \u00e9s a Cabrio) \u00faj v\u00e1ltozatait, illetve kor\u00e1bban a Countryman hibrid v\u00e1ltozat\u00e1t. Tavasszal mutatt\u00e1k be a BMW idei \u00faj modelljeit: az X2-es szabadid\u0151-aut\u00f3t, \u00e9s \u00e9rkezik az 5-\u00f6s sorozat leger\u0151sebb, M-es v\u00e1ltozata, majd a legnagyobb szabadid\u0151-aut\u00f3juk, egy teljesen \u00faj modell, az X7-es is. Hamarosan bemutatj\u00e1k a hibrid sportaut\u00f3juk nyitott v\u00e1ltozat\u00e1t, az i8 Roadstert is.<br \/>\n<div class=\"ads-in-post2\"><script async src=\"https:\/\/pagead2.googlesyndication.com\/pagead\/js\/adsbygoogle.js\"><\/script>\r\n<ins class=\"adsbygoogle\"\r\n     style=\"display:block\"\r\n     data-ad-format=\"fluid\"\r\n     data-ad-layout-key=\"-6t+ed+2i-1n-4w\"\r\n     data-ad-client=\"ca-pub-1959107119989764\"\r\n     data-ad-slot=\"4008251320\"><\/ins>\r\n<script>\r\n     (adsbygoogle = window.adsbygoogle || []).push({});\r\n<\/script><\/div>\n    Massimiliano Di Silvestre sz\u00f3lt arr\u00f3l is, hogy a BMW teljesen elektromos modellje, az i3-as \u00e9rt\u00e9kes\u00edt\u00e9sei is j\u00f3 alakulnak Magyarorsz\u00e1gon, hiszen a r\u00e9gi\u00f3ban itt adt\u00e1k el a legt\u00f6bbet. Meglep\u0151nek nevezte az aut\u00f3 magyar siker\u00e9t, amelyet egyebek k\u00f6z\u00f6tt az elektromos aut\u00f3knak j\u00e1r\u00f3 z\u00f6ld rendsz\u00e1mnak, \u00e9s a korm\u00e1nyzat \u00e1ltal ny\u00fajtott, az elektromos mobilit\u00e1st seg\u00edt\u0151 kedvezm\u00e9nyeknek tulajdon\u00edtott.<br \/>\n    Kiemelte, hogy 2019-ben bemutatj\u00e1k a Mini els\u0151, teljesen elektromos aut\u00f3j\u00e1t is, amit\u0151l szint\u00e9n komoly elad\u00e1sokat v\u00e1rnak glob\u00e1lisan, de Magyarorsz\u00e1gon is.<br \/>\n    Tavaly 140 v\u00e1s\u00e1rl\u00f3 v\u00e1lasztotta a BMW i3 \u00e9s i8 modelleket.<br \/>\n    A BMW a magyarorsz\u00e1gi \u00fajaut\u00f3piacon 2,3 sz\u00e1zal\u00e9kkal r\u00e9szesedik, azonban a pr\u00e9mium szegmens egyik \u00e9llovasa: a Datahouse adatai szerint ut\u00f3bbi kateg\u00f3ri\u00e1ban r\u00e9szesed\u00e9se 23 sz\u00e1zal\u00e9k volt tavaly.<br \/>\n    A BMW nemcsak Magyarorsz\u00e1gon, hanem glob\u00e1lisan is rekord\u00e9vet z\u00e1rt az elad\u00e1sokban, tavaly: 2 088 283 BMW-t adtak el, a csoporthoz tartoz\u00f3 Mini \u00e9s Rolls-Royce m\u00e1rk\u00e1k elad\u00e1s\u00e1val pedig egy\u00fcttesen 2 463 526 aut\u00f3t, ez lett a c\u00e9g eddigi legjobb \u00e9rt\u00e9kes\u00edt\u00e9si \u00e9ve.<br \/>\n    A c\u00e9g \u00e9rt\u00e9kes\u00edt\u00e9si \u00e1rbev\u00e9tele \u00f6t sz\u00e1zal\u00e9kkal, k\u00f6zel 99 milli\u00e1rd eur\u00f3ra emelkedett, ad\u00f3 el\u0151tti eredm\u00e9nye 10 sz\u00e1zal\u00e9kkal, 10,66 milli\u00e1rd eur\u00f3ra n\u0151tt, nett\u00f3 nyeres\u00e9ge pedig 8,7 milli\u00e1rd eur\u00f3 lett, 26 sz\u00e1zal\u00e9kkal magasabb az el\u0151z\u0151 \u00e9vin\u00e9l.(MTI)<\/p>\n","protected":false},"excerpt":{"rendered":"<p>A BMW Magyarorsz\u00e1g id\u00e9n is rekord\u00e9rt\u00e9kes\u00edt\u00e9sre sz\u00e1m\u00edt BMW \u00e9s Mini modelljein\u00e9l &#8211; nyilatkozta Massimiliano Di Silvestre, a BMW Magyarorsz\u00e1g \u00fcgyvezet\u0151 igazgat\u00f3ja az MTI-nek, annak kapcs\u00e1n, hogy bemutatt\u00e1k a Mini h\u00e1rom modellj\u00e9nek \u00faj v\u00e1ltozatait a Balaton felvid\u00e9ken.<\/p>\n","protected":false},"author":1,"featured_media":0,"comment_status":"closed","ping_status":"open","sticky":false,"template":"","format":"standard","meta":[],"categories":[4,19],"tags":[],"_links":{"self":[{"href":"https:\/\/gazdasagportal.hu\/index.php\/wp-json\/wp\/v2\/posts\/105382"}],"collection":[{"href":"https:\/\/gazdasagportal.hu\/index.php\/wp-json\/wp\/v2\/posts"}],"about":[{"href":"https:\/\/gazdasagportal.hu\/index.php\/wp-json\/wp\/v2\/types\/post"}],"author":[{"embeddable":true,"href":"https:\/\/gazdasagportal.hu\/index.php\/wp-json\/wp\/v2\/users\/1"}],"replies":[{"embeddable":true,"href":"https:\/\/gazdasagportal.hu\/index.php\/wp-json\/wp\/v2\/comments?post=105382"}],"version-history":[{"count":1,"href":"https:\/\/gazdasagportal.hu\/index.php\/wp-json\/wp\/v2\/posts\/105382\/revisions"}],"predecessor-version":[{"id":105383,"href":"https:\/\/gazdasagportal.hu\/index.php\/wp-json\/wp\/v2\/posts\/105382\/revisions\/105383"}],"wp:attachment":[{"href":"https:\/\/gazdasagportal.hu\/index.php\/wp-json\/wp\/v2\/media?parent=105382"}],"wp:term":[{"taxonomy":"category","embeddable":true,"href":"https:\/\/gazdasagportal.hu\/index.php\/wp-json\/wp\/v2\/categories?post=105382"},{"taxonomy":"post_tag","embeddable":true,"href":"https:\/\/gazdasagportal.hu\/index.php\/wp-json\/wp\/v2\/tags?post=105382"}],"curies":[{"name":"wp","href":"https:\/\/api.w.org\/{rel}","templated":true}]}}